{"id":89200,"date":"2023-07-03T22:32:59","date_gmt":"2023-07-04T01:32:59","guid":{"rendered":"https:\/\/www.centraldenoticias.com.ar\/?p=89200"},"modified":"2023-07-04T09:43:21","modified_gmt":"2023-07-04T12:43:21","slug":"eduardo-rodriguez-presento-la-lista-de-precandidatos-y-su-opcion-electoral-local","status":"publish","type":"post","link":"https:\/\/cdnoticias.com\/index.php\/2023\/07\/03\/eduardo-rodriguez-presento-la-lista-de-precandidatos-y-su-opcion-electoral-local\/","title":{"rendered":"Eduardo Rodr\u00edguez present\u00f3 la lista de precandidatos y su opci\u00f3n electoral local"},"content":{"rendered":"<p>Estuvo el precandidato a diputado provincial Ricardo Lissalde y otros dirigentes. Adelant\u00f3 varios puntos de su plataforma electoral y el \u201camor\u201d por la ciudad para buscar gobernarla.<!--more--><\/p>\n<hr \/>\n<p><strong>El sal\u00f3n del club Pueblo Nuevo fue sede de la primera presentaci\u00f3n de lista de cara a las PASO 2023: fue uno de los postulantes por Uni\u00f3n por la Patria, Eduardo Rodr\u00edguez<\/strong>, quien mostr\u00f3 p\u00fablicamente la n\u00f3mina de precandidatos a concejales, consejeros escolares y tambi\u00e9n al precandidato en la secci\u00f3n, Ricardo Lissalde.<\/p>\n<p>&nbsp;<\/p>\n<p>Justamente,<strong> Lissalde estuvo en Olavarr\u00eda para acompa\u00f1ar la presentaci\u00f3n al mismo tiempo que lo hizo la actual legisladora Luciana Padulo.<\/strong> Entre las presencias destacadas, estuvieron los concejales del bloque, Gast\u00f3n Sarachu e In\u00e9s Creimer, sumado a figuras como la de Patricia Bahl, entre otros.<\/p>\n<p>&nbsp;<\/p>\n<p><img data-recalc-dims=\"1\" loading=\"lazy\" decoding=\"async\" class=\"alignnone size-large wp-image-89186\" src=\"https:\/\/i0.wp.com\/cdnoticias.com\/wp-content\/uploads\/2023\/07\/presenta-edu1-1024x569.jpg?resize=800%2C445&#038;ssl=1\" alt=\"\" width=\"800\" height=\"445\" srcset=\"https:\/\/i0.wp.com\/cdnoticias.com\/wp-content\/uploads\/2023\/07\/presenta-edu1.jpg?resize=1024%2C569&amp;ssl=1 1024w, https:\/\/i0.wp.com\/cdnoticias.com\/wp-content\/uploads\/2023\/07\/presenta-edu1.jpg?resize=300%2C167&amp;ssl=1 300w, https:\/\/i0.wp.com\/cdnoticias.com\/wp-content\/uploads\/2023\/07\/presenta-edu1.jpg?resize=768%2C427&amp;ssl=1 768w, https:\/\/i0.wp.com\/cdnoticias.com\/wp-content\/uploads\/2023\/07\/presenta-edu1.jpg?resize=800%2C445&amp;ssl=1 800w, https:\/\/i0.wp.com\/cdnoticias.com\/wp-content\/uploads\/2023\/07\/presenta-edu1.jpg?w=1029&amp;ssl=1 1029w\" sizes=\"auto, (max-width: 800px) 100vw, 800px\" \/><\/p>\n<p>&nbsp;<\/p>\n<blockquote><p>Uno a uno, los y las precandidatas aparecieron en escena para darse a conocer en esta lista que, seg\u00fan el propio Rodr\u00edguez minutos despu\u00e9s, se trata de personas <em>\u201cque pueden andar por la calle, pueden cruzar como un vecino m\u00e1s, tienen un recorrido, una trayectoria. En lo personal, en lo p\u00fablico, en los privados, en su actividad que es transparente\u201d.<\/em><\/p><\/blockquote>\n<p>&nbsp;<\/p>\n<p>La lista confirmada tiene de candidatos y candidatas a Concejales titulares a <strong>Ra\u00fal Kuhn, Eva Cura, Carlos Bettiga, Cecilia Aisaguer, Marcelo Cunioli, Marisa Mart\u00ednez, N\u00e9stor Crevatin, Gladys Ram\u00f3n, Agust\u00edn Alfonzo, Solana Ledesma<\/strong> y como precandidatos a consejeros escolares a <strong>Elisabeth Herrera; Elias P\u00e9rez Merlo; Micaela Alfonzo y Cristian Barraza.<\/strong><\/p>\n<p>&nbsp;<\/p>\n<p><img data-recalc-dims=\"1\" loading=\"lazy\" decoding=\"async\" class=\"alignnone size-large wp-image-89196\" src=\"https:\/\/i0.wp.com\/cdnoticias.com\/wp-content\/uploads\/2023\/07\/presenta-edu11-1024x570.jpg?resize=800%2C445&#038;ssl=1\" alt=\"\" width=\"800\" height=\"445\" srcset=\"https:\/\/i0.wp.com\/cdnoticias.com\/wp-content\/uploads\/2023\/07\/presenta-edu11.jpg?resize=1024%2C570&amp;ssl=1 1024w, https:\/\/i0.wp.com\/cdnoticias.com\/wp-content\/uploads\/2023\/07\/presenta-edu11.jpg?resize=300%2C167&amp;ssl=1 300w, https:\/\/i0.wp.com\/cdnoticias.com\/wp-content\/uploads\/2023\/07\/presenta-edu11.jpg?resize=768%2C428&amp;ssl=1 768w, https:\/\/i0.wp.com\/cdnoticias.com\/wp-content\/uploads\/2023\/07\/presenta-edu11.jpg?resize=800%2C445&amp;ssl=1 800w, https:\/\/i0.wp.com\/cdnoticias.com\/wp-content\/uploads\/2023\/07\/presenta-edu11.jpg?w=1029&amp;ssl=1 1029w\" sizes=\"auto, (max-width: 800px) 100vw, 800px\" \/><\/p>\n<p>&nbsp;<\/p>\n<p>Primeramente, agradeci\u00f3 a todo su equipo de gente que lo acompa\u00f1a en esta lista: <em>&#8220;Lo quiero destacar porque cuando dise\u00f1amos la lista pensamos en candidatos que sean buenas personas. Son esas personas que pueden andar por la calle, pueden cruzarse con un vecino y charlar libremente, tienen un recorrido, una trayectoria&#8221;.<\/em><\/p>\n<p>&nbsp;<\/p>\n<p>De sus precandidatos y precandidatas, expres\u00f3:<strong><em> &#8220;Para m\u00ed fue muy importante que Ra\u00fal Kuhn aceptara ser el primer candidato de esta lista. Tiene un trabajo impecable como ex concejal, funcionario, delegado municipal en su pueblo, que fue lo que quiso hacer toda su vida. Fue muy maltratado en el \u00faltimo tiempo pol\u00edticamente aun teniendo el aval de los vecinos y hoy deber\u00eda haber vuelto a ser delegado municipal en Hinojo, elegido por los vecinos y no acatado ese veredicto por actual intendente&#8221;.<\/em><\/strong><\/p>\n<p>&nbsp;<\/p>\n<p><img data-recalc-dims=\"1\" loading=\"lazy\" decoding=\"async\" class=\"alignnone size-large wp-image-89189\" src=\"https:\/\/i0.wp.com\/cdnoticias.com\/wp-content\/uploads\/2023\/07\/presenta-edu4-1024x569.jpg?resize=800%2C445&#038;ssl=1\" alt=\"\" width=\"800\" height=\"445\" srcset=\"https:\/\/i0.wp.com\/cdnoticias.com\/wp-content\/uploads\/2023\/07\/presenta-edu4.jpg?resize=1024%2C569&amp;ssl=1 1024w, https:\/\/i0.wp.com\/cdnoticias.com\/wp-content\/uploads\/2023\/07\/presenta-edu4.jpg?resize=300%2C167&amp;ssl=1 300w, https:\/\/i0.wp.com\/cdnoticias.com\/wp-content\/uploads\/2023\/07\/presenta-edu4.jpg?resize=768%2C427&amp;ssl=1 768w, https:\/\/i0.wp.com\/cdnoticias.com\/wp-content\/uploads\/2023\/07\/presenta-edu4.jpg?resize=800%2C445&amp;ssl=1 800w, https:\/\/i0.wp.com\/cdnoticias.com\/wp-content\/uploads\/2023\/07\/presenta-edu4.jpg?w=1029&amp;ssl=1 1029w\" sizes=\"auto, (max-width: 800px) 100vw, 800px\" \/><\/p>\n<p>&nbsp;<\/p>\n<p>Adem\u00e1s resalt\u00f3 a<strong> Eva Cura<\/strong> que <em>&#8220;viene de la militancia peronista, gente que no tiene ning\u00fan otro compromiso ni conmigo ni con el Frente Renovador quiere compartir las ideas y las condiciones que tenemos. <strong>A Carlitos B\u00e9ttiga que lo llam\u00e9 y hemos sido compa\u00f1eros de la gesti\u00f3n municipal.<\/strong> Son esas personas que para el com\u00fan de los vecinos pasa inadvertido, no est\u00e1 en los medios de comunicaci\u00f3n, pero fue un funcionario ejemplar en el \u00e1rea de Obras P\u00fablicas&#8221;.<\/em><\/p>\n<p>&nbsp;<\/p>\n<p><img data-recalc-dims=\"1\" loading=\"lazy\" decoding=\"async\" class=\"alignnone size-large wp-image-89190\" src=\"https:\/\/i0.wp.com\/cdnoticias.com\/wp-content\/uploads\/2023\/07\/presenta-edu5-1024x569.jpg?resize=800%2C445&#038;ssl=1\" alt=\"\" width=\"800\" height=\"445\" srcset=\"https:\/\/i0.wp.com\/cdnoticias.com\/wp-content\/uploads\/2023\/07\/presenta-edu5.jpg?resize=1024%2C569&amp;ssl=1 1024w, https:\/\/i0.wp.com\/cdnoticias.com\/wp-content\/uploads\/2023\/07\/presenta-edu5.jpg?resize=300%2C167&amp;ssl=1 300w, https:\/\/i0.wp.com\/cdnoticias.com\/wp-content\/uploads\/2023\/07\/presenta-edu5.jpg?resize=768%2C427&amp;ssl=1 768w, https:\/\/i0.wp.com\/cdnoticias.com\/wp-content\/uploads\/2023\/07\/presenta-edu5.jpg?resize=800%2C445&amp;ssl=1 800w, https:\/\/i0.wp.com\/cdnoticias.com\/wp-content\/uploads\/2023\/07\/presenta-edu5.jpg?w=1029&amp;ssl=1 1029w\" sizes=\"auto, (max-width: 800px) 100vw, 800px\" \/><\/p>\n<p>&nbsp;<\/p>\n<p>En tanto remarc\u00f3 el trabajo del Foro Olavarr\u00eda y Frente Renovador<em>: &#8220;Un equipo de trabajo que viene desde hace tres a\u00f1os que se ha constituido trabajando no para las elecciones, trabajando todos los d\u00edas. Ustedes saben que hay un trabajo social, comunitario, cultural, aun en tiempos de pandemia, ustedes recordar\u00e1n lo que fue el Foro Olavarr\u00eda con aquellos ciclos vinculados en ese momento de encierro, a la cultura, a nuestros artistas locales&#8221;.<\/em><\/p>\n<p>&nbsp;<\/p>\n<p>Tambi\u00e9n record\u00f3 que<em> &#8220;Foro Olavarr\u00eda se constituy\u00f3 en 2018 con el querido Eduardo \u201cChino\u201d Correa. El Foro Olavarr\u00eda naci\u00f3 como una expresi\u00f3n pol\u00edtica, porque entendimos que deb\u00edamos tener una expresi\u00f3n pol\u00edtica para justamente expresar esa necesidad que hab\u00edamos sentido de que la Cultura recuperara su lugar en la agenda p\u00fablica. Y dos personas m\u00e1s que ya no est\u00e1n que ocuparon un rol muy destacado y que descararon hondo en la militancia como Diana Briscioli y Cintia Abrisqueta&#8221;.<\/em><\/p>\n<p>&nbsp;<\/p>\n<blockquote><p>&#8220;Por primera vez me estoy proponiendo como candidato a Intendente, siempre estuve un respeto enorme por esta funci\u00f3n y lo hago convencido de que Olavarr\u00eda tiene que recuperar un Municipio y una gesti\u00f3n que debe dejar de parar, de inmovilizar, de poner piedras en el camino a todos los olavarrienses que hacen grande esta ciudad. No nos confundamos: Olavarr\u00eda tiene un enorme potencial en sus industriales, en sus trabajadores, en sus productores, en sus artistas, en sus trabajadores de la cultura, en sus deportistas&#8221; sostuvo Rodriguez<\/p><\/blockquote>\n<p>&nbsp;<\/p>\n<p><em>&#8220;Hoy nosotros queremos que este Municipio vuelva a alentar, fomentar, apoyar, a ser parte de ese proceso que hacen los olavarrienses, porque tenemos que recuperar la capacidad de gesti\u00f3n de una Municipalidad que en su momento puso a Olavarr\u00eda en un rol destacado en el centro de la provincia de Buenos Aires&#8221;<\/em> agreg\u00f3 el precandidato a Intendente.<\/p>\n<p>&nbsp;<\/p>\n<p><img data-recalc-dims=\"1\" loading=\"lazy\" decoding=\"async\" class=\"alignnone size-large wp-image-89194\" src=\"https:\/\/i0.wp.com\/cdnoticias.com\/wp-content\/uploads\/2023\/07\/presenta-edu9-1024x570.jpg?resize=800%2C445&#038;ssl=1\" alt=\"\" width=\"800\" height=\"445\" srcset=\"https:\/\/i0.wp.com\/cdnoticias.com\/wp-content\/uploads\/2023\/07\/presenta-edu9.jpg?resize=1024%2C570&amp;ssl=1 1024w, https:\/\/i0.wp.com\/cdnoticias.com\/wp-content\/uploads\/2023\/07\/presenta-edu9.jpg?resize=300%2C167&amp;ssl=1 300w, https:\/\/i0.wp.com\/cdnoticias.com\/wp-content\/uploads\/2023\/07\/presenta-edu9.jpg?resize=768%2C428&amp;ssl=1 768w, https:\/\/i0.wp.com\/cdnoticias.com\/wp-content\/uploads\/2023\/07\/presenta-edu9.jpg?resize=800%2C445&amp;ssl=1 800w, https:\/\/i0.wp.com\/cdnoticias.com\/wp-content\/uploads\/2023\/07\/presenta-edu9.jpg?w=1029&amp;ssl=1 1029w\" sizes=\"auto, (max-width: 800px) 100vw, 800px\" \/><\/p>\n<p>&nbsp;<\/p>\n<p>Por su parte, <strong>el precandidato a diputado provincial, Ricardo Lissalde<\/strong> expres\u00f3 que<em> &#8220;da orgullo la lista presentada. Un trabajo de construcci\u00f3n de cuatro a\u00f1os, ampliando la oferta electoral. A dar fe que este grupo humano est\u00e1 comprometido con los m\u00e1<\/em><em>s altos valores que tiene el Frente Renovador.\u00a0 Para nuestro espacio son importante las convicciones&#8221;<\/em> y <strong>halag\u00f3 al gobernador de la provincia Axel Kicillof.<\/strong><\/p>\n<p>&nbsp;<\/p>\n<p><img data-recalc-dims=\"1\" loading=\"lazy\" decoding=\"async\" class=\"alignnone size-large wp-image-89193\" src=\"https:\/\/i0.wp.com\/cdnoticias.com\/wp-content\/uploads\/2023\/07\/presenta-edu8-1024x569.jpg?resize=800%2C445&#038;ssl=1\" alt=\"\" width=\"800\" height=\"445\" srcset=\"https:\/\/i0.wp.com\/cdnoticias.com\/wp-content\/uploads\/2023\/07\/presenta-edu8.jpg?resize=1024%2C569&amp;ssl=1 1024w, https:\/\/i0.wp.com\/cdnoticias.com\/wp-content\/uploads\/2023\/07\/presenta-edu8.jpg?resize=300%2C167&amp;ssl=1 300w, https:\/\/i0.wp.com\/cdnoticias.com\/wp-content\/uploads\/2023\/07\/presenta-edu8.jpg?resize=768%2C427&amp;ssl=1 768w, https:\/\/i0.wp.com\/cdnoticias.com\/wp-content\/uploads\/2023\/07\/presenta-edu8.jpg?resize=800%2C445&amp;ssl=1 800w, https:\/\/i0.wp.com\/cdnoticias.com\/wp-content\/uploads\/2023\/07\/presenta-edu8.jpg?w=1029&amp;ssl=1 1029w\" sizes=\"auto, (max-width: 800px) 100vw, 800px\" \/><\/p>\n<p>&nbsp;<\/p>\n<p>En la misma l\u00ednea, la diputada provincial, Luciana Padulo dijo:<em> &#8220;Quer\u00eda venir a dar testimonio del enorme trabajo, m\u00e1s all\u00e1 de la gesti\u00f3n pol\u00edtica, porque Eduardo es un gran representante pol\u00edtico, es una persona con palabras, es una persona con convicciones claras y que no tiene que rendir cuentas porque va caminando, va haciendo lo que va pensando y lo que va diciendo que va a hacer. Eso hoy vale much\u00edsimo en la sociedad, no solo en la pol\u00edtica, sino las cuestiones del cara a cara con los vecinos&#8221;.<\/em><\/p>\n<p>&nbsp;<\/p>\n<p>Adem\u00e1s agreg\u00f3:<strong><em> &#8220;Yo tengo una enorme admiraci\u00f3n por Eduardo, por su profesionalismo. Por eso ha convocado a este enorme grupo de mujeres y de hombres, de j\u00f3venes, de gente con experiencia. Ha sido una tarea tremenda de selecci\u00f3n de cada uno porque lo pens\u00f3 con el coraz\u00f3n, pero adem\u00e1s lo pens\u00f3 con la inteligencia. Y eso es algo que a Eduardo le sobra. Estoy muy feliz, muy orgullosa, muy honrada de que me hayan invitado a compartir este momento&#8221;.<\/em><\/strong><\/p>\n<p>&nbsp;<\/p>\n<p>Por \u00faltimo, Padulo cerr\u00f3: <em>&#8220;La verdad es que tiene un equipo enorme y es un conductor de la hostia. Y eso les tiene que servir a ustedes para salir a militar esta lista. Les pido que hoy salgan con la convicci\u00f3n, con el amor, con las ganas de militar esta enorme y tremenda lista que tiene que hacer que Olavarr\u00eda vuelva a ser lo que era&#8221;.<\/em><\/p>\n<p>&nbsp;<\/p>\n<p><span style=\"text-decoration: underline;\"><strong>Propuestas<\/strong><\/span><\/p>\n<p>&nbsp;<\/p>\n<p><img data-recalc-dims=\"1\" loading=\"lazy\" decoding=\"async\" class=\"alignnone size-large wp-image-89195\" src=\"https:\/\/i0.wp.com\/cdnoticias.com\/wp-content\/uploads\/2023\/07\/presenta-edu10-1024x570.jpg?resize=800%2C445&#038;ssl=1\" alt=\"\" width=\"800\" height=\"445\" srcset=\"https:\/\/i0.wp.com\/cdnoticias.com\/wp-content\/uploads\/2023\/07\/presenta-edu10.jpg?resize=1024%2C570&amp;ssl=1 1024w, https:\/\/i0.wp.com\/cdnoticias.com\/wp-content\/uploads\/2023\/07\/presenta-edu10.jpg?resize=300%2C167&amp;ssl=1 300w, https:\/\/i0.wp.com\/cdnoticias.com\/wp-content\/uploads\/2023\/07\/presenta-edu10.jpg?resize=768%2C428&amp;ssl=1 768w, https:\/\/i0.wp.com\/cdnoticias.com\/wp-content\/uploads\/2023\/07\/presenta-edu10.jpg?resize=800%2C445&amp;ssl=1 800w, https:\/\/i0.wp.com\/cdnoticias.com\/wp-content\/uploads\/2023\/07\/presenta-edu10.jpg?w=1029&amp;ssl=1 1029w\" sizes=\"auto, (max-width: 800px) 100vw, 800px\" \/><\/p>\n<p>&nbsp;<\/p>\n<p>Luego, si bien adelant\u00f3 que no explicar\u00eda muchas de sus propuestas, finalmente se explay\u00f3 en un diagn\u00f3stico sobre la ciudad: <em>&#8220;vamos a tener que hacer una enorme tarea que no todos la dicen pero que es necesario decirlo, que es ordenar las cuentas p\u00fablicas de este Municipio que tiene hoy un d\u00e9ficit fiscal enorme. <strong>Si uno corre el ingreso del Impuesto a la Piedra del Presupuesto, la ecuaci\u00f3n es absolutamente deficitaria. Ese Impuesto a la Piedra que hist\u00f3ricamente sirvi\u00f3 para financiar las grandes obras de Olavarr\u00eda, hoy financia los gastos corrientes de una gesti\u00f3n desastrosa en materia administrativa&#8221;.<\/strong><\/em><\/p>\n<p>&nbsp;<\/p>\n<p>Adem\u00e1s, pidi\u00f3 <em>&#8220;reducir la planta de funcionarios pol\u00edticos de la gesti\u00f3n. Hay que bajar la cantidad de funcionarios pol\u00edticos que ha nombrado el intendente en un 25%. Es una medida que algunos dir\u00e1n es demag\u00f3gica, yo digo no. Hay 140 funcionarios pol\u00edticos hoy en la Municipalidad, hab\u00eda 100 en el 2015 cuando asumi\u00f3 el actual Intendente. Hay que congelar el ingreso de personal al municipio&#8221;.<\/em> Agreg\u00f3, en este sentido, que <strong><em>&#8220;tenemos 2.630 empleados, casi 500 empleados m\u00e1s que en 2015 y no hay ning\u00fan nuevo servicio que amerite esa cantidad. S\u00ed obviamente vamos a justificar el ingreso del personal de salud o por razones de un nuevo servicio. Ahora, esas medidas concretas tienen que estar en el primer d\u00eda para equilibrar las finanzas del Municipio&#8221;.<\/em><\/strong><\/p>\n<p>&nbsp;<\/p>\n<p>En uno de los temas m\u00e1s controversiales de los \u00faltimos meses, el precandidato a Intendente adelant\u00f3 que en caso de ganar <em>&#8220;<strong>vamos a revisar el contrato de recolecci\u00f3n, disposici\u00f3n final de residuos y barrido de la ciudad que es un contrato que se firm\u00f3 por 12 a\u00f1os<\/strong>, no pas\u00f3 por el Concejo Deliberante, una licitaci\u00f3n que no tuvo tratamiento en el deliberativo con un \u00fanico oferente y que hoy nos cuesta una fortuna, nos cuesta mucho m\u00e1s de lo que se recauda por la totalidad de lo que pagan los olavarrienses de tasa de servicios generales urbanos. Lo vamos a revisar en el marco del contrato firmado de lo que imponga la Ley pero seguramente para lograr tambi\u00e9n que ah\u00ed tengamos un equilibrio&#8221;.<\/em><\/p>\n<p>&nbsp;<\/p>\n<p>A su vez, habl\u00f3 de las localidades y prometi\u00f3 <em>&#8220;cambiar el modelo de gesti\u00f3n del Municipio en las localidades. No es casual que Ra\u00fal encabece esta lista de concejales. No es casual que esta lista tenga representantes como N\u00e9stor Crevat\u00edn, Gladys Ram\u00f3n, Cristian Barraza, vamos a tener una gesti\u00f3n distinta de lo que es la delegaci\u00f3n municipal. <strong>No puede ser que los pueblos en nuestras localidades tengan el abandono que tienen hoy. Hay que dotar de recursos, de maquinarias, de elementos para que los delegados municipales puedan volver a cumplir con las tareas p\u00fablicas que cada una de las localidades demanda&#8221;.<\/strong><\/em><\/p>\n<p>&nbsp;<\/p>\n<p><img data-recalc-dims=\"1\" loading=\"lazy\" decoding=\"async\" class=\"alignnone size-large wp-image-89199\" src=\"https:\/\/i0.wp.com\/cdnoticias.com\/wp-content\/uploads\/2023\/07\/presenta-edu14-1024x570.jpg?resize=800%2C445&#038;ssl=1\" alt=\"\" width=\"800\" height=\"445\" srcset=\"https:\/\/i0.wp.com\/cdnoticias.com\/wp-content\/uploads\/2023\/07\/presenta-edu14.jpg?resize=1024%2C570&amp;ssl=1 1024w, https:\/\/i0.wp.com\/cdnoticias.com\/wp-content\/uploads\/2023\/07\/presenta-edu14.jpg?resize=300%2C167&amp;ssl=1 300w, https:\/\/i0.wp.com\/cdnoticias.com\/wp-content\/uploads\/2023\/07\/presenta-edu14.jpg?resize=768%2C428&amp;ssl=1 768w, https:\/\/i0.wp.com\/cdnoticias.com\/wp-content\/uploads\/2023\/07\/presenta-edu14.jpg?resize=800%2C445&amp;ssl=1 800w, https:\/\/i0.wp.com\/cdnoticias.com\/wp-content\/uploads\/2023\/07\/presenta-edu14.jpg?w=1029&amp;ssl=1 1029w\" sizes=\"auto, (max-width: 800px) 100vw, 800px\" \/><\/p>\n<p>&nbsp;<\/p>\n<p>Critic\u00f3, por otra parte, <strong>el &#8220;bot&#8221; de Whatsapp del Hospital Municipal<\/strong> que si bien gener\u00f3 que<em> &#8220;no tengamos la cola a la madrugada para pedir turnos que ten\u00edamos anta\u00f1o, tenemos un sistema de WhatsApp al que nadie le responde, al que el vecino no encuentra respuesta. Hay que reforzar el recurso humano del Hospital, pero al mismo tiempo hay que tener una gesti\u00f3n administrativa con mucha dedicaci\u00f3n&#8221;.<\/em><\/p>\n<p>&nbsp;<\/p>\n<p>En Seguridad, fue contundente al se\u00f1alar como primera medida<strong><em> &#8220;que el funcionario del \u00e1rea no sea un polic\u00eda retirado. Que sea un civil con formaci\u00f3n obviamente en Seguridad y en Justicia<\/em> <\/strong><em>y eso allana mucho el camino que uno tiene que enfrentar como Intendente en la relaci\u00f3n con la polic\u00eda, que tiene que ser una relaci\u00f3n de equilibrio, de respeto con las facultades concurrentes que tienen cada una de las instituciones, pero con la libertad de acci\u00f3n para observar aquellas cosas que hayan que observar&#8221;.<\/em><\/p>\n<p>&nbsp;<\/p>\n<blockquote><p>&#8220;Hay que modernizar el Centro de Monitoreo, recuperar la tecnolog\u00eda actualizada que perdi\u00f3 desde que se cre\u00f3 hace m\u00e1s de 10 a\u00f1os en el Municipio de Olavarr\u00eda. Tambi\u00e9n tenemos que volver a reforzar y a revisar el sistema de patrullaje por cuadr\u00edcula y las zonas y darle un rol al Consejo de Seguridad que le llegue al intendente las demandas que los vecinos est\u00e1n teniendo en materia de inseguridad&#8221;.<\/p><\/blockquote>\n<p>&nbsp;<\/p>\n<p>Tambi\u00e9n insisti\u00f3 en tener <em>&#8220;paradas seguras para nuestro transporte de pasajeros a la ciudad. \u00bfQu\u00e9 es esto? La persona que toma el colectivo para trabajar a las 7 de la ma\u00f1ana en invierno cuando est\u00e1 oscuro o a la tardecita para volver a su casa tenga un refugio con iluminaci\u00f3n y con c\u00e1mara de seguridad&#8221;.<\/em><\/p>\n<p>&nbsp;<\/p>\n<p>Adelant\u00f3 que discutir\u00e1n <em>&#8220;los temas que le preocupan a los vecinos&#8221;<\/em> y que el tono que impulsar\u00e1 el espacio en la campa\u00f1a ser\u00e1<em> &#8220;propositivo, de mucho respeto, donde no nos van a encontrar nunca hablando mal del otro en t\u00e9rminos personales ni descalificando al adversario pol\u00edtico. Nuestra idea es terminar esta campa\u00f1a pase como pase el resultado: si nos toca ganar encabezar, si nos toca perder acompa\u00f1ar,<strong> pero al otro d\u00eda de haber terminado la campa\u00f1a yo quiero seguir caminando la calle en Olavarr\u00eda y poder hablar con los vecinos, mirarlos a las caras, saber que les dije la verdad y que no le falt\u00e9 el respeto a nadie&#8221;.<\/strong><\/em><\/p>\n<p>&nbsp;<\/p>\n<p><img data-recalc-dims=\"1\" loading=\"lazy\" decoding=\"async\" class=\"alignnone size-large wp-image-89192\" src=\"https:\/\/i0.wp.com\/cdnoticias.com\/wp-content\/uploads\/2023\/07\/presenta-edu7-1024x570.jpg?resize=800%2C445&#038;ssl=1\" alt=\"\" width=\"800\" height=\"445\" srcset=\"https:\/\/i0.wp.com\/cdnoticias.com\/wp-content\/uploads\/2023\/07\/presenta-edu7.jpg?resize=1024%2C570&amp;ssl=1 1024w, https:\/\/i0.wp.com\/cdnoticias.com\/wp-content\/uploads\/2023\/07\/presenta-edu7.jpg?resize=300%2C167&amp;ssl=1 300w, https:\/\/i0.wp.com\/cdnoticias.com\/wp-content\/uploads\/2023\/07\/presenta-edu7.jpg?resize=768%2C428&amp;ssl=1 768w, https:\/\/i0.wp.com\/cdnoticias.com\/wp-content\/uploads\/2023\/07\/presenta-edu7.jpg?resize=800%2C445&amp;ssl=1 800w, https:\/\/i0.wp.com\/cdnoticias.com\/wp-content\/uploads\/2023\/07\/presenta-edu7.jpg?w=1029&amp;ssl=1 1029w\" sizes=\"auto, (max-width: 800px) 100vw, 800px\" \/><\/p>\n<p>&nbsp;<\/p>\n<p><span style=\"text-decoration: underline;\"><strong>M\u00e1s temas<\/strong><\/span><\/p>\n<p>&nbsp;<\/p>\n<p>A su vez, un tema que dej\u00f3 en claro es que no pueden equivocarse como la actual gesti\u00f3n y al asumir, tomar la decisi\u00f3n de<strong><em> &#8220;no trabajar con aquella gente que est\u00e1 en el municipio que hoy es parte de una gesti\u00f3n&#8221;.<\/em><\/strong> Destac\u00f3, en este sentido, que<em> &#8220;no vamos a perseguir a nadie ni a descalificar a nadie por la identidad partidaria c\u00f3mo se ha hecho. Este equipo no es el equipo definitivo, este equipo tiene la posibilidad de sumar a otros que quieran sumarse y en la gesti\u00f3n hay que sumar a todos aquellos que quieran trabajar por una Olavarr\u00eda distinta y tenemos que ser inteligentes en valor a aquellas personas que saben un tema, que son profesionales capacitados y que tienen la decisi\u00f3n y la voluntad de trabajar en un proyecto municipal independientemente de las ideas pol\u00edticas&#8221;.<\/em><\/p>\n<p>&nbsp;<\/p>\n<p>Tambi\u00e9n pidi\u00f3 cuidar las instituciones intermedias donde <em>&#8220;un club, una sociedad de fomento, la uni\u00f3n de clubes, vive el tironeo de la pol\u00edtica. Tenemos que volver a una sana convivencia y de respeto de cada una de las instituciones. No podemos andar tironeando a la gente desde la pol\u00edtica por tal o cual cosa. <strong>Desde la municipalidad tenemos que respetar a la Federaci\u00f3n de Sociedad de Fomento, a la Uni\u00f3n de Clubes, a la Uni\u00f3n Industrial. No pedirle sumisi\u00f3n, no pedirle bater\u00eda pol\u00edtica, todos tienen que tener la \u00fanica camiseta que es la de la Olavarr\u00eda. Hay que respetar a los representantes que eligen cada instituci\u00f3n&#8221;.<\/strong><\/em><\/p>\n<p>&nbsp;<\/p>\n<p><img data-recalc-dims=\"1\" loading=\"lazy\" decoding=\"async\" class=\"alignnone size-large wp-image-89191\" src=\"https:\/\/i0.wp.com\/cdnoticias.com\/wp-content\/uploads\/2023\/07\/presenta-edu6-1024x569.jpg?resize=800%2C445&#038;ssl=1\" alt=\"\" width=\"800\" height=\"445\" srcset=\"https:\/\/i0.wp.com\/cdnoticias.com\/wp-content\/uploads\/2023\/07\/presenta-edu6.jpg?resize=1024%2C569&amp;ssl=1 1024w, https:\/\/i0.wp.com\/cdnoticias.com\/wp-content\/uploads\/2023\/07\/presenta-edu6.jpg?resize=300%2C167&amp;ssl=1 300w, https:\/\/i0.wp.com\/cdnoticias.com\/wp-content\/uploads\/2023\/07\/presenta-edu6.jpg?resize=768%2C427&amp;ssl=1 768w, https:\/\/i0.wp.com\/cdnoticias.com\/wp-content\/uploads\/2023\/07\/presenta-edu6.jpg?resize=800%2C445&amp;ssl=1 800w, https:\/\/i0.wp.com\/cdnoticias.com\/wp-content\/uploads\/2023\/07\/presenta-edu6.jpg?w=1029&amp;ssl=1 1029w\" sizes=\"auto, (max-width: 800px) 100vw, 800px\" \/><\/p>\n<p>&nbsp;<\/p>\n<p>Sobre las obras en la ciudad, Eduardo Rodr\u00edguez remarc\u00f3:<strong><em> &#8220;Los pr\u00f3ximos cuatro a\u00f1os tenemos que construir la autov\u00eda de la Ruta 51 desde la 226 a L\u2019Amal\u00ed. No es una medida imposible, el gobernador entender\u00e1 la importancia que tiene para esta zona productiva, es el ingreso a las dos cementeras de Olavarr\u00eda que cubren el 66% del Mercado Nacional de Cemento. Es el ingreso al parque empresarial Los Fresnos. Es el ingreso a dos localidades importantes de nuestro partido&#8221;.<\/em><\/strong><\/p>\n<p>&nbsp;<\/p>\n<blockquote><p>&#8220;Tenemos que pedir la pavimentaci\u00f3n del acceso a Espigas. Tiene una cantidad importante de habitantes que amerita que ese ingreso a la localidad est\u00e9 pavimentado hasta la ruta. Otra de las obras que para m\u00ed es fundamental es el entubamiento del canal de la avenida La Rioja, entre avenida Del Valle y Sarmiento. Es una obra cara, para el Municipio es una obra cara, pero hay que hacerla. Ese entubamiento nos permitir\u00eda esa ampliaci\u00f3n de la avenida La Rioja, nos permitir\u00eda urbanizar un sector importante de Olavarr\u00eda que est\u00e1 entre el barrio Tiro Federal y el barrio Villa Magdalena y nos permitir\u00eda asegurar un ingreso de calidad y de seguridad para los estudiantes del Complejo Universitario y para los pibes que van a la Escuela Industrial&#8221;.<\/p><\/blockquote>\n<p>&nbsp;<\/p>\n<p>Finalmente, hizo referencia a la vivienda y pidi\u00f3 &#8220;ser claros&#8221;.<em> &#8220;El Municipio puede hacer muchas cosas en tema de vivienda, pero sin el aporte de Provincia y de Naci\u00f3n es imposible que en una escala acorde a la necesidad de la demanda habitacional que tenemos, podamos hacer viviendas solamente desde el Municipio&#8221;.<\/em><\/p>\n<p>&nbsp;<\/p>\n<p><img data-recalc-dims=\"1\" loading=\"lazy\" decoding=\"async\" class=\"alignnone size-large wp-image-89198\" src=\"https:\/\/i0.wp.com\/cdnoticias.com\/wp-content\/uploads\/2023\/07\/presenta-edu13-1024x569.jpg?resize=800%2C445&#038;ssl=1\" alt=\"\" width=\"800\" height=\"445\" srcset=\"https:\/\/i0.wp.com\/cdnoticias.com\/wp-content\/uploads\/2023\/07\/presenta-edu13.jpg?resize=1024%2C569&amp;ssl=1 1024w, https:\/\/i0.wp.com\/cdnoticias.com\/wp-content\/uploads\/2023\/07\/presenta-edu13.jpg?resize=300%2C167&amp;ssl=1 300w, https:\/\/i0.wp.com\/cdnoticias.com\/wp-content\/uploads\/2023\/07\/presenta-edu13.jpg?resize=768%2C427&amp;ssl=1 768w, https:\/\/i0.wp.com\/cdnoticias.com\/wp-content\/uploads\/2023\/07\/presenta-edu13.jpg?resize=800%2C445&amp;ssl=1 800w, https:\/\/i0.wp.com\/cdnoticias.com\/wp-content\/uploads\/2023\/07\/presenta-edu13.jpg?w=1029&amp;ssl=1 1029w\" sizes=\"auto, (max-width: 800px) 100vw, 800px\" \/><\/p>\n<p>&nbsp;<\/p>\n<p>Mientras tanto, se podr\u00eda &#8220;<em>poner en marcha la ampliaci\u00f3n de la planta urbana que ya est\u00e1 aprobada por el Concejo Deliberante hace 8 a\u00f1os y eso<strong> nos permitir\u00eda la incorporaci\u00f3n de casi 10.000 lotes al eje urbano y aplicar la ordenanza de la cual me enorgullece ser autor, que es la de renta diferencial urbana que nos permite incorporar 1.200 lotes de esa ampliaci\u00f3n de la renta urbana al Banco de Tierras para que puedan ser entregados a vecinas y vecinas&#8221;.<\/strong><\/em><\/p>\n<p>&nbsp;<\/p>\n<p><strong><em>&#8220;Los invito a que trabajemos juntos para que en diciembre haya un nuevo gobierno municipal en Olavarr\u00eda&#8221;<\/em><\/strong> cerr\u00f3 Rodr\u00edguez, dando por finalizada la actividad.<\/p>\n","protected":false},"excerpt":{"rendered":"<p>Estuvo el precandidato a diputado provincial Ricardo Lissalde y otros dirigentes. Adelant\u00f3 varios puntos de su plataforma electoral y el<\/p>\n","protected":false},"author":6,"featured_media":89197,"comment_status":"closed","ping_status":"closed","sticky":false,"template":"","format":"standard","meta":{"_jetpack_memberships_contains_paid_content":false,"footnotes":""},"categories":[4,1],"tags":[],"class_list":["post-89200","post","type-post","status-publish","format-standard","has-post-thumbnail","hentry","category-politica","category-portada"],"jetpack_featured_media_url":"https:\/\/i0.wp.com\/cdnoticias.com\/wp-content\/uploads\/2023\/07\/presenta-edu12.jpg?fit=1029%2C573&ssl=1","jetpack_sharing_enabled":true,"_links":{"self":[{"href":"https:\/\/cdnoticias.com\/index.php\/wp-json\/wp\/v2\/posts\/89200","targetHints":{"allow":["GET"]}}],"collection":[{"href":"https:\/\/cdnoticias.com\/index.php\/wp-json\/wp\/v2\/posts"}],"about":[{"href":"https:\/\/cdnoticias.com\/index.php\/wp-json\/wp\/v2\/types\/post"}],"author":[{"embeddable":true,"href":"https:\/\/cdnoticias.com\/index.php\/wp-json\/wp\/v2\/users\/6"}],"replies":[{"embeddable":true,"href":"https:\/\/cdnoticias.com\/index.php\/wp-json\/wp\/v2\/comments?post=89200"}],"version-history":[{"count":0,"href":"https:\/\/cdnoticias.com\/index.php\/wp-json\/wp\/v2\/posts\/89200\/revisions"}],"wp:featuredmedia":[{"embeddable":true,"href":"https:\/\/cdnoticias.com\/index.php\/wp-json\/wp\/v2\/media\/89197"}],"wp:attachment":[{"href":"https:\/\/cdnoticias.com\/index.php\/wp-json\/wp\/v2\/media?parent=89200"}],"wp:term":[{"taxonomy":"category","embeddable":true,"href":"https:\/\/cdnoticias.com\/index.php\/wp-json\/wp\/v2\/categories?post=89200"},{"taxonomy":"post_tag","embeddable":true,"href":"https:\/\/cdnoticias.com\/index.php\/wp-json\/wp\/v2\/tags?post=89200"}],"curies":[{"name":"wp","href":"https:\/\/api.w.org\/{rel}","templated":true}]}}