{"id":89183,"date":"2023-07-03T20:15:07","date_gmt":"2023-07-03T23:15:07","guid":{"rendered":"https:\/\/www.centraldenoticias.com.ar\/?p=89183"},"modified":"2023-07-03T20:15:07","modified_gmt":"2023-07-03T23:15:07","slug":"maxima-elba-pereyra-viuda-de-arrieta-q-e-p-d","status":"publish","type":"post","link":"https:\/\/cdnoticias.com\/index.php\/2023\/07\/03\/maxima-elba-pereyra-viuda-de-arrieta-q-e-p-d\/","title":{"rendered":"M\u00e1xima Elba Pereyra viuda de Arrieta (Q.E.P.D.)"},"content":{"rendered":"<p>Falleci\u00f3 en Olavarr\u00eda el 3 de julio de 2023 a los 84 a\u00f1os. Sus hijos Elba, Norberto y Heriberto Arrieta. Sus hijos pol\u00edticos Marcelo Sergel y Marta Bravo. Sus nietos Nicol\u00e1s, Marina, Ivana, Emanuel, Franco, Mat\u00edas, Mar\u00eda Jos\u00e9 y Santiago. Sus bisnietos Canela, Valentino, Matilda, Genaro, Frida y Olivia y dem\u00e1s deudos participan su fallecimiento.<\/p>\n<p>&nbsp;<\/p>\n<p>Sus restos ser\u00e1n velados en la Sala de Espa\u00f1a 2942 departamento \u201cC\u201d e inhumados en el Cementerio Loma de Paz, este martes a las 12:30 horas. Servicio adherido a Coopelectric.<\/p>\n<p>&nbsp;<\/p>\n<p>Nacida en Olavarr\u00eda, vecina de Pueblo Nuevo, jubilada y pensionada.<\/p>\n","protected":false},"excerpt":{"rendered":"<p>Falleci\u00f3 en Olavarr\u00eda el 3 de julio de 2023 a los 84 a\u00f1os. Sus hijos Elba, Norberto y Heriberto Arrieta.<\/p>\n","protected":false},"author":2,"featured_media":67646,"comment_status":"closed","ping_status":"closed","sticky":false,"template":"","format":"standard","meta":{"_jetpack_memberships_contains_paid_content":false,"footnotes":""},"categories":[10],"tags":[],"class_list":["post-89183","post","type-post","status-publish","format-standard","has-post-thumbnail","hentry","category-necrologicas"],"jetpack_featured_media_url":"https:\/\/i0.wp.com\/cdnoticias.com\/wp-content\/uploads\/2022\/10\/necrologicas-390-x-240.jpg?fit=390%2C240&ssl=1","jetpack_sharing_enabled":true,"_links":{"self":[{"href":"https:\/\/cdnoticias.com\/index.php\/wp-json\/wp\/v2\/posts\/89183","targetHints":{"allow":["GET"]}}],"collection":[{"href":"https:\/\/cdnoticias.com\/index.php\/wp-json\/wp\/v2\/posts"}],"about":[{"href":"https:\/\/cdnoticias.com\/index.php\/wp-json\/wp\/v2\/types\/post"}],"author":[{"embeddable":true,"href":"https:\/\/cdnoticias.com\/index.php\/wp-json\/wp\/v2\/users\/2"}],"replies":[{"embeddable":true,"href":"https:\/\/cdnoticias.com\/index.php\/wp-json\/wp\/v2\/comments?post=89183"}],"version-history":[{"count":0,"href":"https:\/\/cdnoticias.com\/index.php\/wp-json\/wp\/v2\/posts\/89183\/revisions"}],"wp:featuredmedia":[{"embeddable":true,"href":"https:\/\/cdnoticias.com\/index.php\/wp-json\/wp\/v2\/media\/67646"}],"wp:attachment":[{"href":"https:\/\/cdnoticias.com\/index.php\/wp-json\/wp\/v2\/media?parent=89183"}],"wp:term":[{"taxonomy":"category","embeddable":true,"href":"https:\/\/cdnoticias.com\/index.php\/wp-json\/wp\/v2\/categories?post=89183"},{"taxonomy":"post_tag","embeddable":true,"href":"https:\/\/cdnoticias.com\/index.php\/wp-json\/wp\/v2\/tags?post=89183"}],"curies":[{"name":"wp","href":"https:\/\/api.w.org\/{rel}","templated":true}]}}