{"id":8918,"date":"2020-12-14T13:30:02","date_gmt":"2020-12-14T16:30:02","guid":{"rendered":"http:\/\/www.centraldenoticias.com.ar\/?p=8918"},"modified":"2020-12-14T16:19:10","modified_gmt":"2020-12-14T19:19:10","slug":"laplace-contra-loma-negra-no-hay-racionalidad-en-lo-que-estan-discutiendo","status":"publish","type":"post","link":"https:\/\/cdnoticias.com\/index.php\/2020\/12\/14\/laplace-contra-loma-negra-no-hay-racionalidad-en-lo-que-estan-discutiendo\/","title":{"rendered":"Laplace contra Loma Negra: \u201cNo hay racionalidad en lo que est\u00e1n discutiendo\u201d"},"content":{"rendered":"<p>El titular de AOMA se refiri\u00f3 a la continuidad del conflicto que tiene paralizada a la cantera Minerar y que derivar\u00e1 en el desabastecimiento de cemento. \u201cEl di\u00e1logo de sordos lo establece Loma Negra\u201d enfatiz\u00f3 el dirigente sindical.<!--more--><\/p>\n<hr \/>\n<p>El <strong>secretario general de AOMA, H\u00e9ctor Laplace<\/strong>, sostuvo que <em>\u201cnosotros queremos di\u00e1logo. Ahora no el di\u00e1logo de sordos, y el di\u00e1logo de sordos lo establece Loma Negra\u201d.<\/em> Fue en la ma\u00f1ana de este lunes en una entrevista que cedi\u00f3 a Radio Olavarr\u00eda.<\/p>\n<p>&nbsp;<\/p>\n<p>El dirigente sindical de la filial nacional de los trabajadores mineros le respondi\u00f3 al <strong>CEO de la empresa, Sergio Faifman<\/strong>, quien durante el fin de semana <a href=\"https:\/\/cdnoticias.com\/index.php\/2020\/12\/12\/a-partir-de-la-semana-que-viene-va-a-haber-faltantes-por-todos-lados\/\" target=\"_blank\" rel=\"noopener\">habl\u00f3 en medios locales del conflicto que tiene pr\u00e1cticamente paralizada la producci\u00f3n de cemento<\/a> justamente en la firma l\u00edder nacional -actualmente de capitales brasile\u00f1os- y que <strong>produce el 45% de lo que se consume en el pa\u00eds.<\/strong><\/p>\n<p>&nbsp;<\/p>\n<blockquote><p>El conflicto es por el encuadre legal de los trabajadores de la cantera Minerar, de donde se extrae la piedra caliza. Ya lleva casi dos meses desde que se declar\u00f3 y las negociaciones se llevan adelante en el Ministerio de Trabajo de la Naci\u00f3n donde hasta el momento no hubo avances.<\/p><\/blockquote>\n<p>&nbsp;<\/p>\n<p><em>\u201cNo hay racionalidad en lo que est\u00e1n discutiendo. No tienen raz\u00f3n. Hay principios que son legales Y ac\u00e1 no es cuesti\u00f3n de a qui\u00e9n le conviene, si le conviene m\u00e1s a los trabajadores o a la empresa. Ac\u00e1 lo que corresponde legalmente es que alguien que trabaja en una f\u00e1brica de cemento se aplique el convenio de cemento. \u00bftan dif\u00edcil es entender esto?\u201d<\/em> resumi\u00f3 el dirigente sindical el conflicto.<\/p>\n<p>&nbsp;<\/p>\n<p><span style=\"text-decoration: underline;\"><strong>Los encuadres<\/strong><\/span><\/p>\n<p>&nbsp;<\/p>\n<p><em>\u201c\u00bfAlguien por ventura entender\u00eda en nuestro pa\u00eds que una f\u00e1brica de cemento no tenga trabajadores de AOMA?\u201d<\/em> plante\u00f3 Laplace en referencia a que en L\u00b4Amal\u00ed 1 no hay empleados afiliados al sindicato que conduce. Y agreg\u00f3 que en L\u00b4Amal\u00ed 2<em> \u201cno solamente vamos a tener lo mismo que tenemos en L\u00b4Amal\u00ed 1 sino molienda final y despacho. Entonces pregunto, \u00bfvan a ser todos jerarquizados los que van a ir a la embolsadora, a los molinos, a los hornos?\u201d.<\/em> En ese marco, subray\u00f3 <strong><em>\u201cno estamos hablando de destercerizar, estamos hablando de que se aplique el convenio de la actividad\u201d.<\/em><\/strong><\/p>\n<p><img data-recalc-dims=\"1\" loading=\"lazy\" decoding=\"async\" class=\"aligncenter wp-image-8925 size-large\" src=\"https:\/\/i0.wp.com\/cdnoticias.com\/wp-content\/uploads\/2020\/12\/laplace800x445.jpg?resize=800%2C445&#038;ssl=1\" alt=\"\" width=\"800\" height=\"445\" srcset=\"https:\/\/i0.wp.com\/cdnoticias.com\/wp-content\/uploads\/2020\/12\/laplace800x445.jpg?resize=1024%2C569&amp;ssl=1 1024w, https:\/\/i0.wp.com\/cdnoticias.com\/wp-content\/uploads\/2020\/12\/laplace800x445.jpg?resize=300%2C167&amp;ssl=1 300w, https:\/\/i0.wp.com\/cdnoticias.com\/wp-content\/uploads\/2020\/12\/laplace800x445.jpg?resize=768%2C427&amp;ssl=1 768w, https:\/\/i0.wp.com\/cdnoticias.com\/wp-content\/uploads\/2020\/12\/laplace800x445.jpg?resize=800%2C445&amp;ssl=1 800w, https:\/\/i0.wp.com\/cdnoticias.com\/wp-content\/uploads\/2020\/12\/laplace800x445.jpg?w=1150&amp;ssl=1 1150w\" sizes=\"auto, (max-width: 800px) 100vw, 800px\" \/><\/p>\n<p>Laplace separ\u00f3 el accionar de la dirigencia de Minerar del de los directivos de Loma Negra al considerar que<em> \u201cestoy absolutamente convencido de que aquellas cosas que puede resolver Minerar las va a resolver. <strong>El encuadre convencional lo tiene que resolver Loma negra.<\/strong> Ellos hablan de di\u00e1logo, y cuando vamos al Ministerio de Trabajo y hablamos de convenio ellos dicen no. Entonces, en un di\u00e1logo de sordos es muy dif\u00edcil\u201d.<\/em><\/p>\n<p>&nbsp;<\/p>\n<p>En respuesta a las declaraciones de Faifman, el sindicalista sostuvo que <em>\u201chay gente que sigue tildando de irracional el reclamo y eso no tiene nada que ver con la realidad\u201d.<\/em> Con ello hizo hincapi\u00e9 en la diferencia de ingresos de los trabajadores con el encuadre actual en comparaci\u00f3n con los que se desempe\u00f1an en el convenio 54\/89 de cemento: <strong><em>\u201cla gente de Cal y Piedra no cobra lo de Cemento, la gente de Minerar no cobra $110.000\u201d<\/em><\/strong> enfatiz\u00f3.<\/p>\n<p>&nbsp;<\/p>\n<p>Laplace inform\u00f3 <em>\u201clas alternativas\u201d<\/em> que presentaron en el marco de la negociaci\u00f3n en el Ministerio de Trabajo para avanzar en el conflicto y asegur\u00f3 que ninguna fue aceptada por la empresa.<\/p>\n<p>&nbsp;<\/p>\n<p>A su vez, apunt\u00f3 contra los directivos de Loma Negra: <strong><em>\u201cbasta de ir a llorar a los despachos oficiales a presionar\u201d<\/em><\/strong> y contrapuso <em>\u201cyo siempre he sido dirigente obrero, nunca quise ser dirigente pol\u00edtico y me voy a jugar por la gente. Que lo tengan claro. Si quieren que otros le resuelvan el conflicto, no lo van a resolver. Esto se resuelve en una mesa, sin ganadores ni perdedores, tambi\u00e9n estamos de acuerdo con eso\u201d.<\/em><\/p>\n<p>&nbsp;<\/p>\n<p>H\u00e9ctor Laplace remarc\u00f3 su origen en nuestra distrito.<em> \u201cSoy de Olavarr\u00eda, no puedo venderte peras por manzanas. Esta es la verdad, si no que estos se\u00f1ores digan p\u00fablicamente que a la gente no se la presiona y el que se quiera afiliar (a AOMA) que se afilie\u201d<\/em> expuso sobre el marco del reclamo del sindicato y remat\u00f3<strong><em> \u201cesto es la ley en Argentina. Que en Brasil hagan lo que quieran, en Argentina no. Y esto es lo que duele\u201d.<\/em><\/strong><\/p>\n","protected":false},"excerpt":{"rendered":"<p>El titular de AOMA se refiri\u00f3 a la continuidad del conflicto que tiene paralizada a la cantera Minerar y que<\/p>\n","protected":false},"author":4,"featured_media":8926,"comment_status":"closed","ping_status":"closed","sticky":false,"template":"","format":"standard","meta":{"_jetpack_memberships_contains_paid_content":false,"footnotes":""},"categories":[5,1],"tags":[],"class_list":["post-8918","post","type-post","status-publish","format-standard","has-post-thumbnail","hentry","category-informacion-general","category-portada"],"jetpack_featured_media_url":"https:\/\/i0.wp.com\/cdnoticias.com\/wp-content\/uploads\/2020\/12\/laplace800x445a.jpg?fit=1500%2C835&ssl=1","jetpack_sharing_enabled":true,"_links":{"self":[{"href":"https:\/\/cdnoticias.com\/index.php\/wp-json\/wp\/v2\/posts\/8918","targetHints":{"allow":["GET"]}}],"collection":[{"href":"https:\/\/cdnoticias.com\/index.php\/wp-json\/wp\/v2\/posts"}],"about":[{"href":"https:\/\/cdnoticias.com\/index.php\/wp-json\/wp\/v2\/types\/post"}],"author":[{"embeddable":true,"href":"https:\/\/cdnoticias.com\/index.php\/wp-json\/wp\/v2\/users\/4"}],"replies":[{"embeddable":true,"href":"https:\/\/cdnoticias.com\/index.php\/wp-json\/wp\/v2\/comments?post=8918"}],"version-history":[{"count":0,"href":"https:\/\/cdnoticias.com\/index.php\/wp-json\/wp\/v2\/posts\/8918\/revisions"}],"wp:featuredmedia":[{"embeddable":true,"href":"https:\/\/cdnoticias.com\/index.php\/wp-json\/wp\/v2\/media\/8926"}],"wp:attachment":[{"href":"https:\/\/cdnoticias.com\/index.php\/wp-json\/wp\/v2\/media?parent=8918"}],"wp:term":[{"taxonomy":"category","embeddable":true,"href":"https:\/\/cdnoticias.com\/index.php\/wp-json\/wp\/v2\/categories?post=8918"},{"taxonomy":"post_tag","embeddable":true,"href":"https:\/\/cdnoticias.com\/index.php\/wp-json\/wp\/v2\/tags?post=8918"}],"curies":[{"name":"wp","href":"https:\/\/api.w.org\/{rel}","templated":true}]}}