{"id":89163,"date":"2023-07-03T20:16:04","date_gmt":"2023-07-03T23:16:04","guid":{"rendered":"https:\/\/www.centraldenoticias.com.ar\/?p=89163"},"modified":"2023-07-03T20:16:04","modified_gmt":"2023-07-03T23:16:04","slug":"martin-endere-recorrio-distritos-de-la-septima-seccion-electoral","status":"publish","type":"post","link":"https:\/\/cdnoticias.com\/index.php\/2023\/07\/03\/martin-endere-recorrio-distritos-de-la-septima-seccion-electoral\/","title":{"rendered":"Mart\u00edn Endere recorri\u00f3 distritos de la S\u00e9ptima Secci\u00f3n Electoral"},"content":{"rendered":"<p>El precandidato a diputado provincial por Juntos, Mart\u00edn Endere visit\u00f3 Azul, Saladillo, General Alvear y Tapalqu\u00e9.<!--more--><\/p>\n<hr \/>\n<p>El precandidato a diputado provincial por Juntos, <strong>Mart\u00edn Endere<\/strong>, recorri\u00f3 distritos de la s\u00e9ptima secci\u00f3n electoral, entre ellos <strong>Azul, Saladillo, General Alvear y Tapalqu\u00e9.<\/strong><\/p>\n<p>&nbsp;<\/p>\n<p>&#8220;De este modo, el precandidato apunta a trasladar el modelo de gesti\u00f3n de Ezequiel Galli en Olavarr\u00eda a municipios vecinos, siguiendo la l\u00ednea de Horacio Rodr\u00edguez Larreta y Diego Santilli&#8221; expresaron desde el bloque.<\/p>\n<p>&nbsp;<\/p>\n<p><img data-recalc-dims=\"1\" loading=\"lazy\" decoding=\"async\" class=\"aligncenter wp-image-89165 size-large\" src=\"https:\/\/i0.wp.com\/cdnoticias.com\/wp-content\/uploads\/2023\/07\/IMG-20230629-WA0054.jpg?resize=800%2C598&#038;ssl=1\" alt=\"\" width=\"800\" height=\"598\" srcset=\"https:\/\/i0.wp.com\/cdnoticias.com\/wp-content\/uploads\/2023\/07\/IMG-20230629-WA0054.jpg?resize=1024%2C766&amp;ssl=1 1024w, https:\/\/i0.wp.com\/cdnoticias.com\/wp-content\/uploads\/2023\/07\/IMG-20230629-WA0054.jpg?resize=300%2C224&amp;ssl=1 300w, https:\/\/i0.wp.com\/cdnoticias.com\/wp-content\/uploads\/2023\/07\/IMG-20230629-WA0054.jpg?resize=768%2C575&amp;ssl=1 768w, https:\/\/i0.wp.com\/cdnoticias.com\/wp-content\/uploads\/2023\/07\/IMG-20230629-WA0054.jpg?resize=1536%2C1149&amp;ssl=1 1536w, https:\/\/i0.wp.com\/cdnoticias.com\/wp-content\/uploads\/2023\/07\/IMG-20230629-WA0054.jpg?w=1600&amp;ssl=1 1600w\" sizes=\"auto, (max-width: 800px) 100vw, 800px\" \/><\/p>\n<p>&nbsp;<\/p>\n<p>Por \u00faltimo, expresaron que <em>&#8220;con la fuerte convicci\u00f3n de trabajar para los vecinos, con la salud, la educaci\u00f3n y el trabajo como prioridad, Mart\u00edn Endere apunta a conjugar las propuestas de los precandidatos de Juntos en toda la s\u00e9ptima para cambiar la dif\u00edcil realidad que hoy viven los vecinos de la Provincia de Buenos Aires a manos de un Gobierno bonaerense que no gestiona para todos&#8221;.<\/em><\/p>\n","protected":false},"excerpt":{"rendered":"<p>El precandidato a diputado provincial por Juntos, Mart\u00edn Endere visit\u00f3 Azul, Saladillo, General Alvear y Tapalqu\u00e9.<\/p>\n","protected":false},"author":6,"featured_media":89166,"comment_status":"closed","ping_status":"closed","sticky":false,"template":"","format":"standard","meta":{"_jetpack_memberships_contains_paid_content":false,"footnotes":""},"categories":[4,1],"tags":[],"class_list":["post-89163","post","type-post","status-publish","format-standard","has-post-thumbnail","hentry","category-politica","category-portada"],"jetpack_featured_media_url":"https:\/\/i0.wp.com\/cdnoticias.com\/wp-content\/uploads\/2023\/07\/IMG-20230629-WA0050.jpg?fit=1600%2C1120&ssl=1","jetpack_sharing_enabled":true,"_links":{"self":[{"href":"https:\/\/cdnoticias.com\/index.php\/wp-json\/wp\/v2\/posts\/89163","targetHints":{"allow":["GET"]}}],"collection":[{"href":"https:\/\/cdnoticias.com\/index.php\/wp-json\/wp\/v2\/posts"}],"about":[{"href":"https:\/\/cdnoticias.com\/index.php\/wp-json\/wp\/v2\/types\/post"}],"author":[{"embeddable":true,"href":"https:\/\/cdnoticias.com\/index.php\/wp-json\/wp\/v2\/users\/6"}],"replies":[{"embeddable":true,"href":"https:\/\/cdnoticias.com\/index.php\/wp-json\/wp\/v2\/comments?post=89163"}],"version-history":[{"count":0,"href":"https:\/\/cdnoticias.com\/index.php\/wp-json\/wp\/v2\/posts\/89163\/revisions"}],"wp:featuredmedia":[{"embeddable":true,"href":"https:\/\/cdnoticias.com\/index.php\/wp-json\/wp\/v2\/media\/89166"}],"wp:attachment":[{"href":"https:\/\/cdnoticias.com\/index.php\/wp-json\/wp\/v2\/media?parent=89163"}],"wp:term":[{"taxonomy":"category","embeddable":true,"href":"https:\/\/cdnoticias.com\/index.php\/wp-json\/wp\/v2\/categories?post=89163"},{"taxonomy":"post_tag","embeddable":true,"href":"https:\/\/cdnoticias.com\/index.php\/wp-json\/wp\/v2\/tags?post=89163"}],"curies":[{"name":"wp","href":"https:\/\/api.w.org\/{rel}","templated":true}]}}