{"id":89159,"date":"2023-07-03T18:53:28","date_gmt":"2023-07-03T21:53:28","guid":{"rendered":"https:\/\/www.centraldenoticias.com.ar\/?p=89159"},"modified":"2023-07-03T18:53:28","modified_gmt":"2023-07-03T21:53:28","slug":"construiran-dos-nuevas-aulas-en-la-ees-no10-ex-escuela-normal","status":"publish","type":"post","link":"https:\/\/cdnoticias.com\/index.php\/2023\/07\/03\/construiran-dos-nuevas-aulas-en-la-ees-no10-ex-escuela-normal\/","title":{"rendered":"Construir\u00e1n dos nuevas aulas en la EES N\u00ba10, ex Escuela Normal"},"content":{"rendered":"<p>Este lunes por la ma\u00f1ana el intendente Ezequiel Galli recorri\u00f3 el avance de obra. La obra demanda una inversi\u00f3n de $5.320.400 pesos.<\/p>\n<p><!--more--><\/p>\n<hr \/>\n<p>El edificio centenario que alberga a la comunidad educativa de la <strong>EES N\u00b0 10, ex Escuela Normal<\/strong> (San Mart\u00edn al 3000), es protagonista de una <strong>serie de obras de infraestructura<\/strong> tendientes a optimizar y refaccionar espacios, a los fines de mejorar la confortabilidad de quienes concurren a las aulas; tanto estudiantes como docentes.<\/p>\n<p>&nbsp;<\/p>\n<p>Este lunes por la ma\u00f1ana, el <strong>intendente Ezequiel Galli<\/strong> recorri\u00f3 el avance de obra,\u00a0 acompa\u00f1ado por Julio Ferraro, secretario de Mantenimiento y Obras P\u00fablicas. En detalle consiste en el acondicionamiento de los espacios existentes en la planta alta para la <strong>construcci\u00f3n de dos nuevas aulas.<\/strong><\/p>\n<p>&nbsp;<\/p>\n<p>En este marco, se efectu\u00f3 la demolici\u00f3n del muro divisorio para realizar luego la estructura portante necesaria para la posterior divisi\u00f3n del espacio en dos aulas, las cuales ser\u00e1n acondicionadas para su cotidiano uso. Los trabajos est\u00e1n a cargo de Larrosa Mart\u00edn Eduardo, firma adjudicataria de la licitaci\u00f3n. <strong>La obra demanda una inversi\u00f3n de $5.320.400 pesos.<\/strong><\/p>\n<p>&nbsp;<\/p>\n<p><img data-recalc-dims=\"1\" loading=\"lazy\" decoding=\"async\" class=\"aligncenter wp-image-89161 size-large\" src=\"https:\/\/i0.wp.com\/cdnoticias.com\/wp-content\/uploads\/2023\/07\/Obras-Aulas-Escuel-Normal-1-scaled-1.jpg?resize=800%2C534&#038;ssl=1\" alt=\"\" width=\"800\" height=\"534\" srcset=\"https:\/\/i0.wp.com\/cdnoticias.com\/wp-content\/uploads\/2023\/07\/Obras-Aulas-Escuel-Normal-1-scaled-1.jpg?resize=1024%2C684&amp;ssl=1 1024w, https:\/\/i0.wp.com\/cdnoticias.com\/wp-content\/uploads\/2023\/07\/Obras-Aulas-Escuel-Normal-1-scaled-1.jpg?resize=300%2C201&amp;ssl=1 300w, https:\/\/i0.wp.com\/cdnoticias.com\/wp-content\/uploads\/2023\/07\/Obras-Aulas-Escuel-Normal-1-scaled-1.jpg?resize=768%2C513&amp;ssl=1 768w, https:\/\/i0.wp.com\/cdnoticias.com\/wp-content\/uploads\/2023\/07\/Obras-Aulas-Escuel-Normal-1-scaled-1.jpg?resize=1536%2C1027&amp;ssl=1 1536w, https:\/\/i0.wp.com\/cdnoticias.com\/wp-content\/uploads\/2023\/07\/Obras-Aulas-Escuel-Normal-1-scaled-1.jpg?resize=2048%2C1369&amp;ssl=1 2048w, https:\/\/i0.wp.com\/cdnoticias.com\/wp-content\/uploads\/2023\/07\/Obras-Aulas-Escuel-Normal-1-scaled-1.jpg?resize=272%2C182&amp;ssl=1 272w, https:\/\/i0.wp.com\/cdnoticias.com\/wp-content\/uploads\/2023\/07\/Obras-Aulas-Escuel-Normal-1-scaled-1.jpg?w=1600&amp;ssl=1 1600w, https:\/\/i0.wp.com\/cdnoticias.com\/wp-content\/uploads\/2023\/07\/Obras-Aulas-Escuel-Normal-1-scaled-1.jpg?w=2400&amp;ssl=1 2400w\" sizes=\"auto, (max-width: 800px) 100vw, 800px\" \/><\/p>\n<p>&nbsp;<\/p>\n<p>Tanto Galli como Ferraro fueron recibidos por la directora de la EES N\u00b0 10, Andrea Sosa Kriger, y dem\u00e1s integrantes del cuerpo directivo, quienes se expresaron \u201cmuy felices\u201d por el desarrollo de las obras, al tiempo que agradecieron el permanente acompa\u00f1amiento de la gesti\u00f3n municipal.<\/p>\n<p>&nbsp;<\/p>\n<p>Por su parte, el intendente destac\u00f3 que \u201c<em>este tipo de obras de infraestructura constituyen una muestra m\u00e1s que nuestra gesti\u00f3n reafirma su compromiso con la educaci\u00f3n p\u00fablica\u201d.<\/em><\/p>\n<p>&nbsp;<\/p>\n<p>Cabe destacar que en el edificio de la Ex Escuela Normal previamente se han efectuado diferentes obras de infraestructura; entre las que se detallan e<strong>l reemplazo de veredas<\/strong> (trabajos realizados en dos etapas) con una <strong>inversi\u00f3n total superior a los 13 millones de pesos,<\/strong> y la <strong>reforma de ba\u00f1os<\/strong>; esta \u00faltima dividida en distintas instancias: principalmente se trabaj\u00f3 en la construcci\u00f3n de un ba\u00f1o para personas con movilidad reducida, totalmente adaptado. Esta \u00faltima obra se llev\u00f3 adelante con recursos municipales, a trav\u00e9s del Fondo Educativo, destinado para el Partido de Olavarr\u00eda.<\/p>\n","protected":false},"excerpt":{"rendered":"<p>Este lunes por la ma\u00f1ana el intendente Ezequiel Galli recorri\u00f3 el avance de obra. La obra demanda una inversi\u00f3n de<\/p>\n","protected":false},"author":6,"featured_media":89160,"comment_status":"closed","ping_status":"closed","sticky":false,"template":"","format":"standard","meta":{"_jetpack_memberships_contains_paid_content":false,"footnotes":""},"categories":[5,1],"tags":[],"class_list":["post-89159","post","type-post","status-publish","format-standard","has-post-thumbnail","hentry","category-informacion-general","category-portada"],"jetpack_featured_media_url":"https:\/\/i0.wp.com\/cdnoticias.com\/wp-content\/uploads\/2023\/07\/Obras-Aulas-Escuel-Normal-2-scaled-1.jpg?fit=2560%2C1711&ssl=1","jetpack_sharing_enabled":true,"_links":{"self":[{"href":"https:\/\/cdnoticias.com\/index.php\/wp-json\/wp\/v2\/posts\/89159","targetHints":{"allow":["GET"]}}],"collection":[{"href":"https:\/\/cdnoticias.com\/index.php\/wp-json\/wp\/v2\/posts"}],"about":[{"href":"https:\/\/cdnoticias.com\/index.php\/wp-json\/wp\/v2\/types\/post"}],"author":[{"embeddable":true,"href":"https:\/\/cdnoticias.com\/index.php\/wp-json\/wp\/v2\/users\/6"}],"replies":[{"embeddable":true,"href":"https:\/\/cdnoticias.com\/index.php\/wp-json\/wp\/v2\/comments?post=89159"}],"version-history":[{"count":0,"href":"https:\/\/cdnoticias.com\/index.php\/wp-json\/wp\/v2\/posts\/89159\/revisions"}],"wp:featuredmedia":[{"embeddable":true,"href":"https:\/\/cdnoticias.com\/index.php\/wp-json\/wp\/v2\/media\/89160"}],"wp:attachment":[{"href":"https:\/\/cdnoticias.com\/index.php\/wp-json\/wp\/v2\/media?parent=89159"}],"wp:term":[{"taxonomy":"category","embeddable":true,"href":"https:\/\/cdnoticias.com\/index.php\/wp-json\/wp\/v2\/categories?post=89159"},{"taxonomy":"post_tag","embeddable":true,"href":"https:\/\/cdnoticias.com\/index.php\/wp-json\/wp\/v2\/tags?post=89159"}],"curies":[{"name":"wp","href":"https:\/\/api.w.org\/{rel}","templated":true}]}}