{"id":89150,"date":"2023-07-03T21:00:18","date_gmt":"2023-07-04T00:00:18","guid":{"rendered":"https:\/\/www.centraldenoticias.com.ar\/?p=89150"},"modified":"2023-07-03T21:00:18","modified_gmt":"2023-07-04T00:00:18","slug":"culmino-el-festival-todas-esas-musicas-en-olavarria","status":"publish","type":"post","link":"https:\/\/cdnoticias.com\/index.php\/2023\/07\/03\/culmino-el-festival-todas-esas-musicas-en-olavarria\/","title":{"rendered":"Culmin\u00f3 el Festival &#8220;Todas esas M\u00fasicas&#8221; en Olavarr\u00eda"},"content":{"rendered":"<p>Ambas jornadas contaron con la presentaci\u00f3n de destacados m\u00fasicos, entre ellos artistas locales, que atrajeron a un gran marco de p\u00fablico. <!--more--><\/p>\n<hr \/>\n<p>Culmin\u00f3 el <strong>Festival &#8220;Todas esas M\u00fasicas<\/strong>&#8221; donde cientos de olavarrienses se acercaron a disfrutar de la propuesta que surgi\u00f3 desde el Centro Cultural Itinerante Cultura Colgante y, a trav\u00e9s de las gestiones de Maximiliano Wesner, quien cont\u00f3 con el apoyo del gobernador bonaerense Axel Kicillof y del Instituto Cultural de la Provincia.<\/p>\n<p>&nbsp;<\/p>\n<p>La primera edici\u00f3n se realiz\u00f3 con entrada gratuita este s\u00e1bado 1 y domingo 2 de julio en el sal\u00f3n de la Sociedad Espa\u00f1ola.<\/p>\n<p>&nbsp;<\/p>\n<p><img data-recalc-dims=\"1\" loading=\"lazy\" decoding=\"async\" class=\"aligncenter wp-image-89151 size-large\" src=\"https:\/\/i0.wp.com\/cdnoticias.com\/wp-content\/uploads\/2023\/07\/WhatsApp-Image-2023-07-03-at-15.23.13.jpeg?resize=800%2C533&#038;ssl=1\" alt=\"\" width=\"800\" height=\"533\" srcset=\"https:\/\/i0.wp.com\/cdnoticias.com\/wp-content\/uploads\/2023\/07\/WhatsApp-Image-2023-07-03-at-15.23.13.jpeg?resize=1024%2C682&amp;ssl=1 1024w, https:\/\/i0.wp.com\/cdnoticias.com\/wp-content\/uploads\/2023\/07\/WhatsApp-Image-2023-07-03-at-15.23.13.jpeg?resize=300%2C200&amp;ssl=1 300w, https:\/\/i0.wp.com\/cdnoticias.com\/wp-content\/uploads\/2023\/07\/WhatsApp-Image-2023-07-03-at-15.23.13.jpeg?resize=768%2C511&amp;ssl=1 768w, https:\/\/i0.wp.com\/cdnoticias.com\/wp-content\/uploads\/2023\/07\/WhatsApp-Image-2023-07-03-at-15.23.13.jpeg?resize=1536%2C1022&amp;ssl=1 1536w, https:\/\/i0.wp.com\/cdnoticias.com\/wp-content\/uploads\/2023\/07\/WhatsApp-Image-2023-07-03-at-15.23.13.jpeg?resize=272%2C182&amp;ssl=1 272w, https:\/\/i0.wp.com\/cdnoticias.com\/wp-content\/uploads\/2023\/07\/WhatsApp-Image-2023-07-03-at-15.23.13.jpeg?w=1600&amp;ssl=1 1600w\" sizes=\"auto, (max-width: 800px) 100vw, 800px\" \/><\/p>\n<p>&nbsp;<\/p>\n<p>Ambas jornadas contaron con la presentaci\u00f3n de<strong> destacados m\u00fasicos,<\/strong> entre ellos artistas locales y de la escena nacional.\u00a0El despliegue musical comenz\u00f3 el s\u00e1bado con Rom\u00e1n Cea, el Quinteto Bataraz y un cierre a cargo de Duratierra.<\/p>\n<p>&nbsp;<\/p>\n<p>Por \u00faltimo, el segundo d\u00eda comenz\u00f3 con el D\u00fao Stromannn Gonella, la reconocida Lidia Borda en d\u00fao con Daniel Godfrid y finaliz\u00f3 a toda cumbia con la agrupaci\u00f3n local &#8220;La Familia Berm\u00fadez&#8221;.<\/p>\n<p>&nbsp;<\/p>\n<p><img data-recalc-dims=\"1\" loading=\"lazy\" decoding=\"async\" class=\"aligncenter wp-image-89152 size-large\" src=\"https:\/\/i0.wp.com\/cdnoticias.com\/wp-content\/uploads\/2023\/07\/WhatsApp-Image-2023-07-03-at-15.23.10.jpeg?resize=800%2C533&#038;ssl=1\" alt=\"\" width=\"800\" height=\"533\" srcset=\"https:\/\/i0.wp.com\/cdnoticias.com\/wp-content\/uploads\/2023\/07\/WhatsApp-Image-2023-07-03-at-15.23.10.jpeg?resize=1024%2C682&amp;ssl=1 1024w, https:\/\/i0.wp.com\/cdnoticias.com\/wp-content\/uploads\/2023\/07\/WhatsApp-Image-2023-07-03-at-15.23.10.jpeg?resize=300%2C200&amp;ssl=1 300w, https:\/\/i0.wp.com\/cdnoticias.com\/wp-content\/uploads\/2023\/07\/WhatsApp-Image-2023-07-03-at-15.23.10.jpeg?resize=768%2C511&amp;ssl=1 768w, https:\/\/i0.wp.com\/cdnoticias.com\/wp-content\/uploads\/2023\/07\/WhatsApp-Image-2023-07-03-at-15.23.10.jpeg?resize=1536%2C1022&amp;ssl=1 1536w, https:\/\/i0.wp.com\/cdnoticias.com\/wp-content\/uploads\/2023\/07\/WhatsApp-Image-2023-07-03-at-15.23.10.jpeg?resize=272%2C182&amp;ssl=1 272w, https:\/\/i0.wp.com\/cdnoticias.com\/wp-content\/uploads\/2023\/07\/WhatsApp-Image-2023-07-03-at-15.23.10.jpeg?w=1600&amp;ssl=1 1600w\" sizes=\"auto, (max-width: 800px) 100vw, 800px\" \/><\/p>\n","protected":false},"excerpt":{"rendered":"<p>Ambas jornadas contaron con la presentaci\u00f3n de destacados m\u00fasicos, entre ellos artistas locales, que atrajeron a un gran marco de<\/p>\n","protected":false},"author":6,"featured_media":89153,"comment_status":"closed","ping_status":"closed","sticky":false,"template":"","format":"standard","meta":{"_jetpack_memberships_contains_paid_content":false,"footnotes":""},"categories":[9,1],"tags":[],"class_list":["post-89150","post","type-post","status-publish","format-standard","has-post-thumbnail","hentry","category-cultura","category-portada"],"jetpack_featured_media_url":"https:\/\/i0.wp.com\/cdnoticias.com\/wp-content\/uploads\/2023\/07\/WhatsApp-Image-2023-07-03-at-15.23.09.jpeg?fit=1600%2C1065&ssl=1","jetpack_sharing_enabled":true,"_links":{"self":[{"href":"https:\/\/cdnoticias.com\/index.php\/wp-json\/wp\/v2\/posts\/89150","targetHints":{"allow":["GET"]}}],"collection":[{"href":"https:\/\/cdnoticias.com\/index.php\/wp-json\/wp\/v2\/posts"}],"about":[{"href":"https:\/\/cdnoticias.com\/index.php\/wp-json\/wp\/v2\/types\/post"}],"author":[{"embeddable":true,"href":"https:\/\/cdnoticias.com\/index.php\/wp-json\/wp\/v2\/users\/6"}],"replies":[{"embeddable":true,"href":"https:\/\/cdnoticias.com\/index.php\/wp-json\/wp\/v2\/comments?post=89150"}],"version-history":[{"count":0,"href":"https:\/\/cdnoticias.com\/index.php\/wp-json\/wp\/v2\/posts\/89150\/revisions"}],"wp:featuredmedia":[{"embeddable":true,"href":"https:\/\/cdnoticias.com\/index.php\/wp-json\/wp\/v2\/media\/89153"}],"wp:attachment":[{"href":"https:\/\/cdnoticias.com\/index.php\/wp-json\/wp\/v2\/media?parent=89150"}],"wp:term":[{"taxonomy":"category","embeddable":true,"href":"https:\/\/cdnoticias.com\/index.php\/wp-json\/wp\/v2\/categories?post=89150"},{"taxonomy":"post_tag","embeddable":true,"href":"https:\/\/cdnoticias.com\/index.php\/wp-json\/wp\/v2\/tags?post=89150"}],"curies":[{"name":"wp","href":"https:\/\/api.w.org\/{rel}","templated":true}]}}