{"id":89138,"date":"2023-07-04T09:27:34","date_gmt":"2023-07-04T12:27:34","guid":{"rendered":"https:\/\/www.centraldenoticias.com.ar\/?p=89138"},"modified":"2023-07-04T09:27:34","modified_gmt":"2023-07-04T12:27:34","slug":"conversatorio-con-la-diputada-nacional-gisela-marziotta-en-olavarria","status":"publish","type":"post","link":"https:\/\/cdnoticias.com\/index.php\/2023\/07\/04\/conversatorio-con-la-diputada-nacional-gisela-marziotta-en-olavarria\/","title":{"rendered":"Conversatorio con la diputada nacional Gisela Marziotta en Olavarr\u00eda"},"content":{"rendered":"<p>\u201cMujeres, disidencias y participaci\u00f3n pol\u00edtica\u201d ser\u00e1 el eje de la actividad propuesta por Mujeres Sindicalistas. El s\u00e1bado pr\u00f3ximo en la sede del PJ.<\/p>\n<p><!--more--><\/p>\n<hr \/>\n<p>La <strong>diputada nacional Gisela Marziotta<\/strong> estar\u00e1 el s\u00e1bado pr\u00f3ximo <strong>en Olavarr\u00eda<\/strong> para participar de un conversatorio sobre <strong>\u201cMujeres, disidencias y participaci\u00f3n pol\u00edtica\u201d<\/strong>.<\/p>\n<p>&nbsp;<\/p>\n<p>La actividad es organizada por <strong>Mujeres Sindicalistas<\/strong>, abierta a toda la comunidad<\/p>\n<p>&nbsp;<\/p>\n<blockquote><p>\u201cEn el marco de un a\u00f1o electoral y de un contexto mundial de avance de la derecha vamos a intercambiar ideas y experiencias en torno a las conquistas y los retrocesos de la participaci\u00f3n de mujeres y personas LGBTIQ+ en la pol\u00edtica\u201d se destac\u00f3.<\/p><\/blockquote>\n<p>&nbsp;<\/p>\n<p>La actividad ser\u00e1 el <strong>s\u00e1bado 8 de julio a las 11 horas en el PJ Olavarr\u00eda<\/strong>, Coronel Su\u00e1rez 2423.<\/p>\n","protected":false},"excerpt":{"rendered":"<p>\u201cMujeres, disidencias y participaci\u00f3n pol\u00edtica\u201d ser\u00e1 el eje de la actividad propuesta por Mujeres Sindicalistas. El s\u00e1bado pr\u00f3ximo en la<\/p>\n","protected":false},"author":4,"featured_media":89137,"comment_status":"closed","ping_status":"closed","sticky":false,"template":"","format":"standard","meta":{"_jetpack_memberships_contains_paid_content":false,"footnotes":""},"categories":[4,1],"tags":[],"class_list":["post-89138","post","type-post","status-publish","format-standard","has-post-thumbnail","hentry","category-politica","category-portada"],"jetpack_featured_media_url":"https:\/\/i0.wp.com\/cdnoticias.com\/wp-content\/uploads\/2023\/07\/gisela-marziotta-diputada.jpg?fit=800%2C445&ssl=1","jetpack_sharing_enabled":true,"_links":{"self":[{"href":"https:\/\/cdnoticias.com\/index.php\/wp-json\/wp\/v2\/posts\/89138","targetHints":{"allow":["GET"]}}],"collection":[{"href":"https:\/\/cdnoticias.com\/index.php\/wp-json\/wp\/v2\/posts"}],"about":[{"href":"https:\/\/cdnoticias.com\/index.php\/wp-json\/wp\/v2\/types\/post"}],"author":[{"embeddable":true,"href":"https:\/\/cdnoticias.com\/index.php\/wp-json\/wp\/v2\/users\/4"}],"replies":[{"embeddable":true,"href":"https:\/\/cdnoticias.com\/index.php\/wp-json\/wp\/v2\/comments?post=89138"}],"version-history":[{"count":0,"href":"https:\/\/cdnoticias.com\/index.php\/wp-json\/wp\/v2\/posts\/89138\/revisions"}],"wp:featuredmedia":[{"embeddable":true,"href":"https:\/\/cdnoticias.com\/index.php\/wp-json\/wp\/v2\/media\/89137"}],"wp:attachment":[{"href":"https:\/\/cdnoticias.com\/index.php\/wp-json\/wp\/v2\/media?parent=89138"}],"wp:term":[{"taxonomy":"category","embeddable":true,"href":"https:\/\/cdnoticias.com\/index.php\/wp-json\/wp\/v2\/categories?post=89138"},{"taxonomy":"post_tag","embeddable":true,"href":"https:\/\/cdnoticias.com\/index.php\/wp-json\/wp\/v2\/tags?post=89138"}],"curies":[{"name":"wp","href":"https:\/\/api.w.org\/{rel}","templated":true}]}}