{"id":89131,"date":"2023-07-03T11:16:49","date_gmt":"2023-07-03T14:16:49","guid":{"rendered":"https:\/\/www.centraldenoticias.com.ar\/?p=89131"},"modified":"2023-07-03T13:01:31","modified_gmt":"2023-07-03T16:01:31","slug":"stuppia-el-municipio-no-tiene-plata-para-un-aumento-salarial-acorde","status":"publish","type":"post","link":"https:\/\/cdnoticias.com\/index.php\/2023\/07\/03\/stuppia-el-municipio-no-tiene-plata-para-un-aumento-salarial-acorde\/","title":{"rendered":"Stuppia: \u201cEl municipio no tiene plata para un aumento salarial acorde\u201d"},"content":{"rendered":"<p>Lo expres\u00f3 el secretario general del Sindicato de Trabajadores Municipales en el marco de nuevas medidas de fuerza en reclamo de mejoras salariales.<!--more--><\/p>\n<hr \/>\n<p>El secretario general del Sindicato de Trabajadores Municipales (STMO), Jos\u00e9 Stuppia, habl\u00f3 con el programa radial <em>Levantate (FM Sapiens)<\/em> sobre las medidas de fuerza que llevar\u00e1n adelante en reclamo de la negociaci\u00f3n paritaria.<\/p>\n<p>&nbsp;<\/p>\n<p>\u201cEl municipio no tiene plata para un aumento salarial acorde. Sabemos que hay un mont\u00f3n de variables que bajan el \u00edndice inflacionario y realmente no responde a la inflaci\u00f3n real que sufre el trabajador. <strong>Si nos guiamos por el INDEC cada vez m\u00e1s vamos a estar sumidos en un pozo<\/strong>\u201d, indic\u00f3 Stuppia.<\/p>\n<p>&nbsp;<\/p>\n<p>Se\u00f1al\u00f3 que en abril se firm\u00f3 con el Ejecutivo un acta en el que \u201cel piso de la negociaci\u00f3n iba a ser el \u00edndice inflacionario. El primer semestre la inflaci\u00f3n ronda en un 50% y nosotros hemos obtenido un aumento del 35%. <strong>Todav\u00eda estamos por debajo del \u00edndice inflacionario<\/strong>\u201d.<\/p>\n<p>&nbsp;<\/p>\n<blockquote><p>\u201cNos dijeron que no tienen plata. Esa fue la respuesta. Si no ten\u00e9s plata, sal\u00ed a decirlo as\u00ed nos enteramos todos\u201d.<\/p><\/blockquote>\n<p>&nbsp;<\/p>\n<p>Por otra parte, asegur\u00f3 que \u201cla situaci\u00f3n econ\u00f3mica est\u00e1 tan mal que no se puede tener una paritaria a m\u00e1s de dos meses y menos cuando no se cumple lo firmado en las actas\u201d.<\/p>\n<p>&nbsp;<\/p>\n<p>Tal como hab\u00eda sido adelantado en <a href=\"https:\/\/cdnoticias.com\/index.php\/2023\/06\/29\/paritarias-municipales-el-5-de-julio-suspenderan-las-actividades-programadas-en-el-hospital\/\" target=\"_blank\" rel=\"noopener\">conferencia de prensa<\/a>, reiter\u00f3 que este mi\u00e9rcoles 5 de julio realizar\u00e1n un abrazo al Hospital Municipal \u201cDr. H\u00e9ctor Cura\u201d y \u201cse van a garantizar los servicios m\u00ednimos de urgencia y emergencia, y tenemos que resolver c\u00f3mo contin\u00faa esto\u201d.<\/p>\n<p>&nbsp;<\/p>\n<blockquote class=\"wp-embedded-content\" data-secret=\"zpGOwSM3s8\"><p><a href=\"https:\/\/cdnoticias.com\/index.php\/2023\/06\/29\/paritarias-municipales-el-5-de-julio-suspenderan-las-actividades-programadas-en-el-hospital\/\">Paritarias Municipales: el 5 de julio suspender\u00e1n las actividades programadas en el Hospital<\/a><\/p><\/blockquote>\n<p><iframe loading=\"lazy\" class=\"wp-embedded-content\" sandbox=\"allow-scripts\" security=\"restricted\" style=\"position: absolute; clip: rect(1px, 1px, 1px, 1px);\" title=\"&#8220;Paritarias Municipales: el 5 de julio suspender\u00e1n las actividades programadas en el Hospital&#8221; &#8212; Central de Noticias | Olavarr\u00eda\" src=\"https:\/\/cdnoticias.com\/index.php\/2023\/06\/29\/paritarias-municipales-el-5-de-julio-suspenderan-las-actividades-programadas-en-el-hospital\/embed\/#?secret=Ilhr9S68FF#?secret=zpGOwSM3s8\" data-secret=\"zpGOwSM3s8\" width=\"600\" height=\"338\" frameborder=\"0\" marginwidth=\"0\" marginheight=\"0\" scrolling=\"no\"><\/iframe><\/p>\n","protected":false},"excerpt":{"rendered":"<p>Lo expres\u00f3 el secretario general del Sindicato de Trabajadores Municipales en el marco de nuevas medidas de fuerza en reclamo<\/p>\n","protected":false},"author":5,"featured_media":89133,"comment_status":"closed","ping_status":"closed","sticky":false,"template":"","format":"standard","meta":{"_jetpack_memberships_contains_paid_content":false,"footnotes":""},"categories":[5,1],"tags":[],"class_list":["post-89131","post","type-post","status-publish","format-standard","has-post-thumbnail","hentry","category-informacion-general","category-portada"],"jetpack_featured_media_url":"https:\/\/i0.wp.com\/cdnoticias.com\/wp-content\/uploads\/2023\/07\/stuppia-jose.jpg?fit=800%2C445&ssl=1","jetpack_sharing_enabled":true,"_links":{"self":[{"href":"https:\/\/cdnoticias.com\/index.php\/wp-json\/wp\/v2\/posts\/89131","targetHints":{"allow":["GET"]}}],"collection":[{"href":"https:\/\/cdnoticias.com\/index.php\/wp-json\/wp\/v2\/posts"}],"about":[{"href":"https:\/\/cdnoticias.com\/index.php\/wp-json\/wp\/v2\/types\/post"}],"author":[{"embeddable":true,"href":"https:\/\/cdnoticias.com\/index.php\/wp-json\/wp\/v2\/users\/5"}],"replies":[{"embeddable":true,"href":"https:\/\/cdnoticias.com\/index.php\/wp-json\/wp\/v2\/comments?post=89131"}],"version-history":[{"count":0,"href":"https:\/\/cdnoticias.com\/index.php\/wp-json\/wp\/v2\/posts\/89131\/revisions"}],"wp:featuredmedia":[{"embeddable":true,"href":"https:\/\/cdnoticias.com\/index.php\/wp-json\/wp\/v2\/media\/89133"}],"wp:attachment":[{"href":"https:\/\/cdnoticias.com\/index.php\/wp-json\/wp\/v2\/media?parent=89131"}],"wp:term":[{"taxonomy":"category","embeddable":true,"href":"https:\/\/cdnoticias.com\/index.php\/wp-json\/wp\/v2\/categories?post=89131"},{"taxonomy":"post_tag","embeddable":true,"href":"https:\/\/cdnoticias.com\/index.php\/wp-json\/wp\/v2\/tags?post=89131"}],"curies":[{"name":"wp","href":"https:\/\/api.w.org\/{rel}","templated":true}]}}