{"id":89110,"date":"2023-07-02T21:25:54","date_gmt":"2023-07-03T00:25:54","guid":{"rendered":"https:\/\/www.centraldenoticias.com.ar\/?p=89110"},"modified":"2023-07-02T21:26:49","modified_gmt":"2023-07-03T00:26:49","slug":"villa-aurora-villa-mailin-y-provincias-unidas-quedaron-sin-electricidad","status":"publish","type":"post","link":"https:\/\/cdnoticias.com\/index.php\/2023\/07\/02\/villa-aurora-villa-mailin-y-provincias-unidas-quedaron-sin-electricidad\/","title":{"rendered":"Villa Aurora, Villa Mailin y Provincias Unidas quedaron sin electricidad"},"content":{"rendered":"<p>Coopelectric detall\u00f3 que sali\u00f3 de servicio la l\u00ednea de Media Tensi\u00f3n N\u00b0 3. Tambi\u00e9n afecta a la zona de pozos de extracci\u00f3n de agua.<\/p>\n<p><!--more--><\/p>\n<hr \/>\n<p><strong>Coopelectric<\/strong> inform\u00f3 poco antes de las 21 de este domingo que <strong>al menos tres barrios quedaron sin servicio el\u00e9ctrico<\/strong> en la zona este de la planta urbana de Olavarr\u00eda.<\/p>\n<p>&nbsp;<\/p>\n<blockquote><p>\u201cSe registra la salida de servicio de la l\u00ednea de Media Tensi\u00f3n N\u00b0 3. Esto ocasiona la interrupci\u00f3n del suministro el\u00e9ctrico en los barrios Villa Aurora, Villa Mailin, Provincias Unidas y la zona donde se ubican varios pozos de extracci\u00f3n del Servicio Sanitario\u201d se detall\u00f3 desde la cooperativa.<\/p><\/blockquote>\n<p>&nbsp;<\/p>\n<p>El personal de Coopelectric est\u00e1 realizando las<strong> tareas operativas correspondientes para poder normalizar el servicio<\/strong>.<\/p>\n<p>&nbsp;<\/p>\n<p>No obstante, <strong>se solicit\u00f3 a los usuarios hacer un uso racional del agua<\/strong>.<\/p>\n<p>&nbsp;<\/p>\n","protected":false},"excerpt":{"rendered":"<p>Coopelectric detall\u00f3 que sali\u00f3 de servicio la l\u00ednea de Media Tensi\u00f3n N\u00b0 3. Tambi\u00e9n afecta a la zona de pozos<\/p>\n","protected":false},"author":4,"featured_media":453,"comment_status":"closed","ping_status":"closed","sticky":false,"template":"","format":"standard","meta":{"_jetpack_memberships_contains_paid_content":false,"footnotes":""},"categories":[5,1],"tags":[],"class_list":["post-89110","post","type-post","status-publish","format-standard","has-post-thumbnail","hentry","category-informacion-general","category-portada"],"jetpack_featured_media_url":"https:\/\/i0.wp.com\/cdnoticias.com\/wp-content\/uploads\/2020\/09\/DSC_8512.jpg?fit=4608%2C3072&ssl=1","jetpack_sharing_enabled":true,"_links":{"self":[{"href":"https:\/\/cdnoticias.com\/index.php\/wp-json\/wp\/v2\/posts\/89110","targetHints":{"allow":["GET"]}}],"collection":[{"href":"https:\/\/cdnoticias.com\/index.php\/wp-json\/wp\/v2\/posts"}],"about":[{"href":"https:\/\/cdnoticias.com\/index.php\/wp-json\/wp\/v2\/types\/post"}],"author":[{"embeddable":true,"href":"https:\/\/cdnoticias.com\/index.php\/wp-json\/wp\/v2\/users\/4"}],"replies":[{"embeddable":true,"href":"https:\/\/cdnoticias.com\/index.php\/wp-json\/wp\/v2\/comments?post=89110"}],"version-history":[{"count":0,"href":"https:\/\/cdnoticias.com\/index.php\/wp-json\/wp\/v2\/posts\/89110\/revisions"}],"wp:featuredmedia":[{"embeddable":true,"href":"https:\/\/cdnoticias.com\/index.php\/wp-json\/wp\/v2\/media\/453"}],"wp:attachment":[{"href":"https:\/\/cdnoticias.com\/index.php\/wp-json\/wp\/v2\/media?parent=89110"}],"wp:term":[{"taxonomy":"category","embeddable":true,"href":"https:\/\/cdnoticias.com\/index.php\/wp-json\/wp\/v2\/categories?post=89110"},{"taxonomy":"post_tag","embeddable":true,"href":"https:\/\/cdnoticias.com\/index.php\/wp-json\/wp\/v2\/tags?post=89110"}],"curies":[{"name":"wp","href":"https:\/\/api.w.org\/{rel}","templated":true}]}}