{"id":89108,"date":"2023-07-02T20:55:57","date_gmt":"2023-07-02T23:55:57","guid":{"rendered":"https:\/\/www.centraldenoticias.com.ar\/?p=89108"},"modified":"2023-07-05T13:14:30","modified_gmt":"2023-07-05T16:14:30","slug":"los-primeros-trazos-de-la-campana-para-las-paso-en-olavarria","status":"publish","type":"post","link":"https:\/\/cdnoticias.com\/index.php\/2023\/07\/02\/los-primeros-trazos-de-la-campana-para-las-paso-en-olavarria\/","title":{"rendered":"Los primeros trazos de la campa\u00f1a para las PASO en Olavarr\u00eda"},"content":{"rendered":"<p>Se oficializaron todas las listas en los principales frentes. Priman las propuestas y mensajes locales. Vivienda pic\u00f3 en punta entre los temas. Hay recorridas e inicio de organizaci\u00f3n, pero baja incidencia de la publicidad callejera. \u00bfSe ver\u00e1n mesas con una decena de fiscales?<\/p>\n<p><!--more--><\/p>\n<hr \/>\n<p>Por Volver a las Fuentes: <em>Alexis Grierson y Josefina Bargas<\/em><\/p>\n<p>&nbsp;<\/p>\n<p><span style=\"color: #000000; font-family: merriweather, georgia, times new roman, serif;\"><b>Dos internas multitudinarias<\/b><\/span><\/p>\n<p>&nbsp;<\/p>\n<p><span style=\"color: #000000; font-family: merriweather, georgia, times new roman, serif;\">Hace una semana les contamos c\u00f3mo cerraron las listas, con los asteriscos correspondientes vinculados a la\u00a0<\/span><span style=\"color: #000000; font-family: merriweather, georgia, times new roman, serif;\"><b>aprobaci\u00f3n -o no- de la Junta Partidaria Electoral de cada frente.<\/b><\/span><span style=\"color: #000000; font-family: merriweather, georgia, times new roman, serif;\">\u00a0Era llamativo, por esas horas, que haya internas de tres listas en los dos Frentes m\u00e1s importantes, Juntos por el Cambio y Uni\u00f3n por la Patria. \u00bfC\u00f3mo estuvo la semana hasta la confirmaci\u00f3n del viernes?<\/span><\/p>\n<p>&nbsp;<\/p>\n<p><span style=\"color: #000000; font-family: merriweather, georgia, times new roman, serif;\">En Juntos se vivi\u00f3 con mayor tranquilidad: la lista de Ezequiel Galli era \u00fanica en su espacio (con Santilli y Larreta), estaba garantizada y todo hab\u00eda sido presentado en tiempo y forma. El tema pasaba por\u00a0<\/span><span style=\"color: #000000; font-family: merriweather, georgia, times new roman, serif;\"><b>las listas de Dalton J\u00e1uregui y Marcelo Spina<\/b><\/span><span style=\"color: #000000; font-family: merriweather, georgia, times new roman, serif;\">, quienes en la previa sab\u00edan -e intentaron acordar, sin \u00e9xito- que podr\u00eda no haber lugar para los dos y una se caer\u00eda.<\/span><\/p>\n<p>&nbsp;<\/p>\n<p><img data-recalc-dims=\"1\" loading=\"lazy\" decoding=\"async\" class=\"size-large wp-image-87836 aligncenter\" src=\"https:\/\/i0.wp.com\/cdnoticias.com\/wp-content\/uploads\/2023\/06\/santilli-carrio-galli.jpg?resize=800%2C480&#038;ssl=1\" alt=\"\" width=\"800\" height=\"480\" srcset=\"https:\/\/i0.wp.com\/cdnoticias.com\/wp-content\/uploads\/2023\/06\/santilli-carrio-galli.jpg?resize=1024%2C614&amp;ssl=1 1024w, https:\/\/i0.wp.com\/cdnoticias.com\/wp-content\/uploads\/2023\/06\/santilli-carrio-galli.jpg?resize=300%2C180&amp;ssl=1 300w, https:\/\/i0.wp.com\/cdnoticias.com\/wp-content\/uploads\/2023\/06\/santilli-carrio-galli.jpg?resize=768%2C461&amp;ssl=1 768w, https:\/\/i0.wp.com\/cdnoticias.com\/wp-content\/uploads\/2023\/06\/santilli-carrio-galli.jpg?resize=1536%2C922&amp;ssl=1 1536w, https:\/\/i0.wp.com\/cdnoticias.com\/wp-content\/uploads\/2023\/06\/santilli-carrio-galli.jpg?w=1600&amp;ssl=1 1600w\" sizes=\"auto, (max-width: 800px) 100vw, 800px\" \/><\/p>\n<p>&nbsp;<\/p>\n<p><span style=\"color: #000000; font-family: merriweather, georgia, times new roman, serif;\">En principio, el acuerdo entre Maximiliano Abad y Patricia Bullrich sumado al primer lugar en la lista de diputados provinciales a Alejandra Lord\u00e9n le daba\u00a0<\/span><span style=\"color: #000000; font-family: merriweather, georgia, times new roman, serif;\"><b>volumen y sustento al ingeniero Spina<\/b><\/span><span style=\"color: #000000; font-family: merriweather, georgia, times new roman, serif;\">, que se aseguraba el lugar y dejaba con el signo de pregunta a J\u00e1uregui, quien abri\u00f3 el espacio y pudo\u00a0<\/span><span style=\"color: #000000; font-family: merriweather, georgia, times new roman, serif;\"><b>acordar con Andrea Coronel y Juan Zyla<\/b><\/span><span style=\"color: #000000; font-family: merriweather, georgia, times new roman, serif;\">, del vecinalismo y monzo\u00edsmo respectivamente.<\/span><\/p>\n<p>&nbsp;<\/p>\n<p><span style=\"color: #000000; font-family: merriweather, georgia, times new roman, serif;\">Finalmente, el\u00a0<\/span><span style=\"color: #000000; font-family: merriweather, georgia, times new roman, serif;\"><b>acuerdo entre Cristian Ritondo y Patricia Bullrich\u00a0<\/b><\/span><span style=\"color: #000000; font-family: merriweather, georgia, times new roman, serif;\">tambi\u00e9n dio frutos y ratific\u00f3 la interna de tres, con un reglamento de pisos m\u00e1s bajos pero complejo con respecto a la distribuci\u00f3n de lugares que, obviamente, con el correr de las ediciones iremos detallando.<\/span><\/p>\n<p>&nbsp;<\/p>\n<p><img data-recalc-dims=\"1\" loading=\"lazy\" decoding=\"async\" class=\"size-large wp-image-88487 aligncenter\" src=\"https:\/\/i0.wp.com\/cdnoticias.com\/wp-content\/uploads\/2023\/06\/WhatsApp-Image-2023-06-24-at-23.37.37.jpeg?resize=800%2C373&#038;ssl=1\" alt=\"\" width=\"800\" height=\"373\" srcset=\"https:\/\/i0.wp.com\/cdnoticias.com\/wp-content\/uploads\/2023\/06\/WhatsApp-Image-2023-06-24-at-23.37.37.jpeg?resize=1024%2C478&amp;ssl=1 1024w, https:\/\/i0.wp.com\/cdnoticias.com\/wp-content\/uploads\/2023\/06\/WhatsApp-Image-2023-06-24-at-23.37.37.jpeg?resize=300%2C140&amp;ssl=1 300w, https:\/\/i0.wp.com\/cdnoticias.com\/wp-content\/uploads\/2023\/06\/WhatsApp-Image-2023-06-24-at-23.37.37.jpeg?resize=768%2C358&amp;ssl=1 768w, https:\/\/i0.wp.com\/cdnoticias.com\/wp-content\/uploads\/2023\/06\/WhatsApp-Image-2023-06-24-at-23.37.37.jpeg?w=1280&amp;ssl=1 1280w\" sizes=\"auto, (max-width: 800px) 100vw, 800px\" \/><\/p>\n<p>&nbsp;<\/p>\n<p><span style=\"color: #000000; font-family: merriweather, georgia, times new roman, serif;\">Situaci\u00f3n a\u00fan m\u00e1s complicada <strong>dentro de Uni\u00f3n por la Patria<\/strong>. Con el cambio repentino de f\u00f3rmula, con la prevalencia de la unidad y una nueva disposici\u00f3n de las fuerzas, pod\u00eda pasar cualquier cosa. Dirigentes en la semana vaticinaban, en di\u00e1logo con este humilde newsletter, que\u00a0<\/span><span style=\"color: #000000; font-family: merriweather, georgia, times new roman, serif;\"><b>\u201co jugamos todos o no hay PASO\u201d\u00a0<\/b><\/span><span style=\"color: #000000; font-family: merriweather, georgia, times new roman, serif;\">en referencia a la incertidumbre que reinaba en torno a las definiciones del espacio.\u00a0<\/span><\/p>\n<p>&nbsp;<\/p>\n<p><span style=\"color: #000000; font-family: merriweather, georgia, times new roman, serif;\">Si bien la consagraci\u00f3n de Sergio Massa como precandidato a presidente empoderaba la figura de Eduardo Rodr\u00edguez,\u00a0<\/span><span style=\"color: #000000; font-family: merriweather, georgia, times new roman, serif;\"><b>diversos movimientos en la secci\u00f3n y con otros dirigentes massistas pon\u00eda en riesgo la lista<\/b><\/span><span style=\"color: #000000; font-family: merriweather, georgia, times new roman, serif;\">. Mismo caso Eduardo \u201cBali\u201d Bucca, que protagoniz\u00f3 quiz\u00e1s el esc\u00e1ndalo del cierre de listas tras una fuerte pelea con quien ser\u00e1 precandidato a intendente en Bol\u00edvar, Marcos Pisano y que de coletazo puso en riesgo el armado de Hern\u00e1n Parra.\u00a0<i>\u201cEra de no creer, 2:30 de la madrugada, todo cerrado, y Bucca y Pisano no pod\u00edan ponerse de acuerdo en la lista, hubo mucho enojo por eso\u201d\u00a0<\/i>indicaron a este newsletter.<\/span><\/p>\n<p>&nbsp;<\/p>\n<p><img data-recalc-dims=\"1\" loading=\"lazy\" decoding=\"async\" class=\"size-full wp-image-88964 aligncenter\" src=\"https:\/\/i0.wp.com\/cdnoticias.com\/wp-content\/uploads\/2023\/07\/eduardo-rodriguez-raul-kuhn-00.jpg?resize=800%2C445&#038;ssl=1\" alt=\"\" width=\"800\" height=\"445\" srcset=\"https:\/\/i0.wp.com\/cdnoticias.com\/wp-content\/uploads\/2023\/07\/eduardo-rodriguez-raul-kuhn-00.jpg?w=800&amp;ssl=1 800w, https:\/\/i0.wp.com\/cdnoticias.com\/wp-content\/uploads\/2023\/07\/eduardo-rodriguez-raul-kuhn-00.jpg?resize=300%2C167&amp;ssl=1 300w, https:\/\/i0.wp.com\/cdnoticias.com\/wp-content\/uploads\/2023\/07\/eduardo-rodriguez-raul-kuhn-00.jpg?resize=768%2C427&amp;ssl=1 768w\" sizes=\"auto, (max-width: 800px) 100vw, 800px\" \/><\/p>\n<p>&nbsp;<\/p>\n<p><span style=\"color: #000000; font-family: merriweather, georgia, times new roman, serif;\">Incluso,\u00a0<\/span><span style=\"color: #000000; font-family: merriweather, georgia, times new roman, serif;\"><b>reci\u00e9n el viernes se oficializ\u00f3 que Bucca ser\u00e1 el primer precandidato a concejal de la lista encabezada por Pisano<\/b><\/span><span style=\"color: #000000; font-family: merriweather, georgia, times new roman, serif;\">. Si bien algunos lo catalogaron como un \u201cgesto de humildad en pos de la unidad\u201d del senador provincial, otros lo expusieron como una \u201cmarcada de cancha\u201d del ex jefe comunal con el actual tras la negativa de ceder su lugar para que el m\u00e9dico encabece.\u00a0<\/span><\/p>\n<p>&nbsp;<\/p>\n<p><span style=\"color: #000000; font-family: merriweather, georgia, times new roman, serif;\">Todo esto pon\u00eda en riesgo las listas. Estaba claro que\u00a0<\/span><span style=\"color: #000000; font-family: merriweather, georgia, times new roman, serif;\"><b>la que encabezaba Maximiliano Wesner ser\u00eda una lista que pasar\u00eda por Junta Electoral partidaria sin problemas<\/b><\/span><span style=\"color: #000000; font-family: merriweather, georgia, times new roman, serif;\">, y restaba saber el destino de Parra y Rodr\u00edguez.<\/span><\/p>\n<p>&nbsp;<\/p>\n<p><span style=\"color: #000000; font-family: merriweather, georgia, times new roman, serif;\">Ante las consultas, desde el espacio de Wesner se dej\u00f3 en claro que\u00a0<\/span><span style=\"color: #000000; font-family: merriweather, georgia, times new roman, serif;\"><b>\u201cno interferimos ni impedimos que otros espacios participen, es sano una primaria para dirimir las visiones que se tienen de la ciudad\u201d<\/b><\/span><span style=\"color: #000000; font-family: merriweather, georgia, times new roman, serif;\">. Si bien lamentaron \u201calgunas actitudes particulares de ciertos dirigentes\u201d se insisti\u00f3 en que si se deseaba PASO, nadie la iba a impedir.<\/span><\/p>\n<p>&nbsp;<\/p>\n<p><img data-recalc-dims=\"1\" loading=\"lazy\" decoding=\"async\" class=\"size-large wp-image-88876 aligncenter\" src=\"https:\/\/i0.wp.com\/cdnoticias.com\/wp-content\/uploads\/2023\/06\/candidatos-uxp-union-por-la-patria.jpg?resize=800%2C445&#038;ssl=1\" alt=\"\" width=\"800\" height=\"445\" srcset=\"https:\/\/i0.wp.com\/cdnoticias.com\/wp-content\/uploads\/2023\/06\/candidatos-uxp-union-por-la-patria.jpg?resize=1024%2C569&amp;ssl=1 1024w, https:\/\/i0.wp.com\/cdnoticias.com\/wp-content\/uploads\/2023\/06\/candidatos-uxp-union-por-la-patria.jpg?resize=300%2C167&amp;ssl=1 300w, https:\/\/i0.wp.com\/cdnoticias.com\/wp-content\/uploads\/2023\/06\/candidatos-uxp-union-por-la-patria.jpg?resize=768%2C427&amp;ssl=1 768w, https:\/\/i0.wp.com\/cdnoticias.com\/wp-content\/uploads\/2023\/06\/candidatos-uxp-union-por-la-patria.jpg?resize=800%2C445&amp;ssl=1 800w, https:\/\/i0.wp.com\/cdnoticias.com\/wp-content\/uploads\/2023\/06\/candidatos-uxp-union-por-la-patria.jpg?w=1079&amp;ssl=1 1079w\" sizes=\"auto, (max-width: 800px) 100vw, 800px\" \/><\/p>\n<p>&nbsp;<\/p>\n<p><span style=\"color: #000000; font-family: merriweather, georgia, times new roman, serif;\">Y as\u00ed fue.\u00a0<\/span><span style=\"color: #000000; font-family: merriweather, georgia, times new roman, serif;\"><b>El jueves por la noche la Junta Electoral Partidaria anunciaba que las tres listas competir\u00e1n en las PASO<\/b><\/span><span style=\"color: #000000; font-family: merriweather, georgia, times new roman, serif;\">\u00a0sin inconvenientes y con cierto alivio, lo confirmaron p\u00fablicamente. Quiz\u00e1s <a href=\"https:\/\/cdnoticias.com\/index.php\/2023\/06\/30\/paso-union-por-la-patria-oficializo-las-tres-listas-en-olavarria\/\" target=\"_blank\" rel=\"noopener\">el que m\u00e1s intent\u00f3 visibilizar esta situaci\u00f3n fue\u00a0<\/a><\/span><span style=\"color: #000000; font-family: merriweather, georgia, times new roman, serif;\"><b>Rodr\u00edguez, quien r\u00e1pidamente anunci\u00f3 la precandidatura oficial<\/b><\/span><span style=\"color: #000000; font-family: merriweather, georgia, times new roman, serif;\">, la boleta de Sergio Massa, spot de campa\u00f1a nuevo y convocatoria para presentaci\u00f3n de lista.\u00a0<\/span><\/p>\n<p>&nbsp;<\/p>\n<p><span style=\"color: #000000; font-family: merriweather, georgia, times new roman, serif;\">Lo que se present\u00f3, sali\u00f3:\u00a0<\/span><span style=\"color: #000000; font-family: merriweather, georgia, times new roman, serif;\"><b>10 listas de precandidatos locales<\/b><\/span><span style=\"color: #000000; font-family: merriweather, georgia, times new roman, serif;\">, las 10 estar\u00e1n en carrera de cara al 13 de agosto.\u00a0<\/span><\/p>\n<p>&nbsp;<\/p>\n<p><span style=\"color: #000000; font-family: merriweather, georgia, times new roman, serif;\"><b>Los primeros movimientos<\/b><\/span><\/p>\n<p>&nbsp;<\/p>\n<p><span style=\"color: #000000; font-family: merriweather, georgia, times new roman, serif;\">Los\u00a0<\/span><span style=\"color: #000000; font-family: merriweather, georgia, times new roman, serif;\"><b>precandidatos salieron<\/b><\/span><span style=\"color: #000000; font-family: merriweather, georgia, times new roman, serif;\">, algunos m\u00e1s t\u00edmidos que otros, a mostrarse fuerte como opci\u00f3n para la ciudad. Algunos a\u00a0<i>ratificar lo realizado durante todo este tiempo, otros, con m\u00e1s alivio, a confirmar que ser\u00e1n precandidatos<\/i>, quiz\u00e1s con el apuro propio de haber perdido algunos d\u00edas, algunas semanas.<\/span><\/p>\n<p>&nbsp;<\/p>\n<p><span style=\"color: #000000; font-family: merriweather, georgia, times new roman, serif;\">El movimiento m\u00e1s visible fue en las\u00a0<\/span><span style=\"color: #000000; font-family: merriweather, georgia, times new roman, serif;\"><b>redes sociales<\/b><\/span><span style=\"color: #000000; font-family: merriweather, georgia, times new roman, serif;\">. Incluso habr\u00e1 una presentaci\u00f3n de listas el pr\u00f3ximo lunes. Reuniones, encuentros organizativos, todo apunta a que ser\u00e1n\u00a0<\/span><span style=\"color: #000000; font-family: merriweather, georgia, times new roman, serif;\"><b>&#8220;<\/b><\/span><span style=\"color: #000000; font-family: merriweather, georgia, times new roman, serif;\"><b>d\u00edas log\u00edsticos&#8221; de cara a la PASO<\/b><\/span><span style=\"color: #000000; font-family: merriweather, georgia, times new roman, serif;\">. Porque no alcanza solo con tener propuestas y presentar la lista,\u00a0<\/span><span style=\"color: #000000; font-family: merriweather, georgia, times new roman, serif;\"><b>hay toda una estructura que mover<\/b><\/span><span style=\"color: #000000; font-family: merriweather, georgia, times new roman, serif;\">\u00a0de cara no solo a la campa\u00f1a -y su organizaci\u00f3n- sino tambi\u00e9n al propio d\u00eda del comicio. \u00bfEs prematuro pensar en el 13 de agosto hoy? No, para nada.<\/span><\/p>\n<p>&nbsp;<\/p>\n<p><span style=\"color: #000000; font-family: merriweather, georgia, times new roman, serif;\">Los c\u00e1lculos estiman, entre fiscales, fiscales generales, dirigentes\/militantes sat\u00e9lite que recorren las escuelas y los propios referentes que quiz\u00e1s no tienen una actividad regular, en\u00a0<\/span><span style=\"color: #000000; font-family: merriweather, georgia, times new roman, serif;\"><b>poco m\u00e1s de 400 personas por agrupaci\u00f3n<\/b><\/span><span style=\"color: #000000; font-family: merriweather, georgia, times new roman, serif;\">. \u00bfSe imaginan eso multiplicado por 10? Si, la cuenta da 4 mil personas, algo imposible.\u00a0<\/span><span style=\"color: #000000; font-family: merriweather, georgia, times new roman, serif;\"><b>\u00bfSe imaginan mesas con 10 fiscales?<\/b><\/span><span style=\"color: #000000; font-family: merriweather, georgia, times new roman, serif;\">\u00a0Las habr\u00e1, pero ser\u00e1n las menos, con claridad.<\/span><\/p>\n<p>&nbsp;<\/p>\n<p><span style=\"color: #000000; font-family: merriweather, georgia, times new roman, serif;\">Lo concreto es que\u00a0<\/span><span style=\"color: #000000; font-family: merriweather, georgia, times new roman, serif;\"><b>no todos los espacios se podr\u00e1n hacer cargo de \u201ccuidar la boleta\u201d al 100%\u00a0<\/b><\/span><span style=\"color: #000000; font-family: merriweather, georgia, times new roman, serif;\">y comenzar\u00e1 el ingenio para tratar de hacerlo. Y ojo, no solo la boleta de los precandidatos locales, sino tambi\u00e9n la de los\u00a0<\/span><span style=\"color: #000000; font-family: merriweather, georgia, times new roman, serif;\"><b>dirigentes nacionales<\/b><\/span><span style=\"color: #000000; font-family: merriweather, georgia, times new roman, serif;\">: en la interna Bullrich\/Larreta y Santilli\/Ritondo ser\u00e1 clave; en la interna Massa\/Grabois con la particularidad de que \u201cJuan XXIII\u201d tiene agrupaci\u00f3n en Olavarr\u00eda, el MTE.\u00a0<\/span><\/p>\n<p>&nbsp;<\/p>\n<p><span style=\"color: #000000; font-family: merriweather, georgia, times new roman, serif;\">Pero m\u00e1s all\u00e1 del cuidado de las listas, queremos hacer \u00e9nfasis en\u2026<\/span><\/p>\n<p>&nbsp;<\/p>\n<p><span style=\"color: #000000; font-family: merriweather, georgia, times new roman, serif;\"><b>El arrastre de abajo hacia arriba<\/b><\/span><\/p>\n<p>&nbsp;<\/p>\n<p><span style=\"color: #000000; font-family: merriweather, georgia, times new roman, serif;\">En la consulta informal tras el cierre de listas rein\u00f3 la incertidumbre:\u00a0<\/span><span style=\"color: #000000; font-family: merriweather, georgia, times new roman, serif;\"><b>tanta oferta electoral puede confundir e incluso atomizar una elecci\u00f3n<\/b><\/span><span style=\"color: #000000; font-family: merriweather, georgia, times new roman, serif;\">\u00a0que va a tener otro efecto de agosto a octubre. Pero pensemos en esta campa\u00f1a, que arranc\u00f3 oficialmente y desde el 9 de julio tendr\u00e1 su correlato medi\u00e1tico:\u00a0<\/span><span style=\"color: #000000; font-family: merriweather, georgia, times new roman, serif;\"><b>los arrastres, las listas competitivas, pero sobre todo la incertidumbre<\/b><\/span><span style=\"color: #000000; font-family: merriweather, georgia, times new roman, serif;\">, hace que comiencen a pensarse las elecciones de abajo hacia arriba.<\/span><\/p>\n<p>&nbsp;<\/p>\n<p><img data-recalc-dims=\"1\" loading=\"lazy\" decoding=\"async\" class=\"size-large wp-image-87839 aligncenter\" src=\"https:\/\/i0.wp.com\/cdnoticias.com\/wp-content\/uploads\/2023\/06\/larreta-galli.jpg?resize=800%2C480&#038;ssl=1\" alt=\"\" width=\"800\" height=\"480\" srcset=\"https:\/\/i0.wp.com\/cdnoticias.com\/wp-content\/uploads\/2023\/06\/larreta-galli.jpg?resize=1024%2C614&amp;ssl=1 1024w, https:\/\/i0.wp.com\/cdnoticias.com\/wp-content\/uploads\/2023\/06\/larreta-galli.jpg?resize=300%2C180&amp;ssl=1 300w, https:\/\/i0.wp.com\/cdnoticias.com\/wp-content\/uploads\/2023\/06\/larreta-galli.jpg?resize=768%2C461&amp;ssl=1 768w, https:\/\/i0.wp.com\/cdnoticias.com\/wp-content\/uploads\/2023\/06\/larreta-galli.jpg?resize=1536%2C922&amp;ssl=1 1536w, https:\/\/i0.wp.com\/cdnoticias.com\/wp-content\/uploads\/2023\/06\/larreta-galli.jpg?w=1600&amp;ssl=1 1600w\" sizes=\"auto, (max-width: 800px) 100vw, 800px\" \/><\/p>\n<p>&nbsp;<\/p>\n<p><span style=\"color: #000000; font-family: merriweather, georgia, times new roman, serif;\">Si uno hace un r\u00e1pido vistazo por los frentes, lo poco que se ha visto tiene\u00a0<\/span><span style=\"color: #000000; font-family: merriweather, georgia, times new roman, serif;\"><b>referencia directa en lo local<\/b><\/span><span style=\"color: #000000; font-family: merriweather, georgia, times new roman, serif;\">. No solo en el nombre propiamente dicho de los precandidatos, sino tambi\u00e9n en\u00a0<\/span><span style=\"color: #000000; font-family: merriweather, georgia, times new roman, serif;\"><b>las propuestas que comienzan a asomar de a poco<\/b><\/span><span style=\"color: #000000; font-family: merriweather, georgia, times new roman, serif;\">. Los mensajes circulan en horizontal, aunque no faltan los que van hacia arriba y hacia abajo.<\/span><\/p>\n<p>&nbsp;<\/p>\n<p><span style=\"color: #000000; font-family: merriweather, georgia, times new roman, serif;\">Recordemos, incluso, que el espacio de Ezequiel Galli anticip\u00f3 que, a contrapartida de lo que ocurr\u00eda con otros jefes comunales de Juntos, el intendente quer\u00eda \u201c<i>que si Bullrich quiere ir con el m\u00e9todo de la V, venga y lo pida\u201d<\/i>\u00a0dado que \u201ces una estrategia que le sirve m\u00e1s a ella que a nosotros\u201d. \u00bfUn palito de respuesta? El que dio Andr\u00e9s Malamud en la semana:\u00a0<i>\u201cimagino a Ezequiel Galli repartiendo boletas cortadas\u2026\u201d.<\/i>\u00a0<\/span><\/p>\n<p>&nbsp;<\/p>\n<p><span style=\"color: #000000; font-family: merriweather, georgia, times new roman, serif;\">Si lo trasladamos al plano organizativo,\u00a0<\/span><span style=\"color: #000000; font-family: merriweather, georgia, times new roman, serif;\"><b>Marcelo Spina\u00a0<\/b><\/span><span style=\"color: #000000; font-family: merriweather, georgia, times new roman, serif;\">prev\u00e9 una reuni\u00f3n de campa\u00f1a la semana pr\u00f3xima;\u00a0<\/span><span style=\"color: #000000; font-family: merriweather, georgia, times new roman, serif;\"><b>Hern\u00e1n Parra<\/b><\/span><span style=\"color: #000000; font-family: merriweather, georgia, times new roman, serif;\">\u00a0ya tuvo las fotos de la campa\u00f1a en el parque sumado a una recorrida por barrios de la ciudad; mismo\u00a0<\/span><span style=\"color: #000000; font-family: merriweather, georgia, times new roman, serif;\"><b>Ezequiel Galli<\/b><\/span><span style=\"color: #000000; font-family: merriweather, georgia, times new roman, serif;\">, que continu\u00f3 la l\u00ednea de las volanteadas de los s\u00e1bados a la ma\u00f1ana y <a href=\"https:\/\/cdnoticias.com\/index.php\/2023\/06\/27\/ezequiel-galli-presento-el-nuevo-spot-de-campana\/\" target=\"_blank\" rel=\"noopener\">lanz\u00f3 un primer spot con el slogan \u201cEzequiel sigue con vos\u201d<\/a> la presentaci\u00f3n de lista de\u00a0<\/span><span style=\"color: #000000; font-family: merriweather, georgia, times new roman, serif;\"><b>Eduardo Rodr\u00edguez\u00a0<\/b><\/span><span style=\"color: #000000; font-family: merriweather, georgia, times new roman, serif;\">anunciada para el lunes; <a href=\"https:\/\/cdnoticias.com\/index.php\/2023\/07\/02\/reunion-de-los-equipos-de-la-fuerza-del-cambio-para-organizar-la-campana\/\" target=\"_blank\" rel=\"noopener\">la reuni\u00f3n entre los equipos de trabajo de \u201cLa fuerza del cambio\u201d<\/a> con\u00a0<\/span><span style=\"color: #000000; font-family: merriweather, georgia, times new roman, serif;\"><b>Dalton J\u00e1uregui, Andrea Coronel y Juan Manuel\u00a0 Zyla<\/b><\/span><span style=\"color: #000000; font-family: merriweather, georgia, times new roman, serif;\">\u00a0para acordar detalles de campa\u00f1a y fiscalizaci\u00f3n;\u00a0<\/span><span style=\"color: #000000; font-family: merriweather, georgia, times new roman, serif;\"><b>Celeste Arouxet<\/b><\/span><span style=\"color: #000000; font-family: merriweather, georgia, times new roman, serif;\">\u00a0sali\u00f3 tambi\u00e9n el s\u00e1bado de recorrida por el barrio Isaura; y as\u00ed sucesivamente.<\/span><\/p>\n<p>&nbsp;<\/p>\n<blockquote class=\"instagram-media\" style=\"background: #FFF; border: 0; border-radius: 3px; box-shadow: 0 0 1px 0 rgba(0,0,0,0.5),0 1px 10px 0 rgba(0,0,0,0.15); margin: 1px; max-width: 540px; min-width: 326px; padding: 0; width: calc(100% - 2px);\" data-instgrm-permalink=\"https:\/\/www.instagram.com\/p\/CuKbCXpOWKV\/?utm_source=ig_embed&amp;utm_campaign=loading\" data-instgrm-version=\"14\">\n<div style=\"padding: 16px;\">\n<p>&nbsp;<\/p>\n<div style=\"display: flex; flex-direction: row; align-items: center;\">\n<div style=\"background-color: #f4f4f4; border-radius: 50%; flex-grow: 0; height: 40px; margin-right: 14px; width: 40px;\"><\/div>\n<div style=\"display: flex; flex-direction: column; flex-grow: 1; justify-content: center;\">\n<div style=\"background-color: #f4f4f4; border-radius: 4px; flex-grow: 0; height: 14px; margin-bottom: 6px; width: 100px;\"><\/div>\n<div style=\"background-color: #f4f4f4; border-radius: 4px; flex-grow: 0; height: 14px; width: 60px;\"><\/div>\n<\/div>\n<\/div>\n<div style=\"padding: 19% 0;\"><\/div>\n<div style=\"display: block; height: 50px; margin: 0 auto 12px; width: 50px;\"><\/div>\n<div style=\"padding-top: 8px;\">\n<div style=\"color: #3897f0; font-family: Arial,sans-serif; font-size: 14px; font-style: normal; font-weight: 550; line-height: 18px;\">Ver esta publicaci\u00f3n en Instagram<\/div>\n<\/div>\n<div style=\"padding: 12.5% 0;\"><\/div>\n<div style=\"display: flex; flex-direction: row; margin-bottom: 14px; align-items: center;\">\n<div>\n<div style=\"background-color: #f4f4f4; border-radius: 50%; height: 12.5px; width: 12.5px; transform: translateX(0px) translateY(7px);\"><\/div>\n<div style=\"background-color: #f4f4f4; height: 12.5px; transform: rotate(-45deg) translateX(3px) translateY(1px); width: 12.5px; flex-grow: 0; margin-right: 14px; margin-left: 2px;\"><\/div>\n<div style=\"background-color: #f4f4f4; border-radius: 50%; height: 12.5px; width: 12.5px; transform: translateX(9px) translateY(-18px);\"><\/div>\n<\/div>\n<div style=\"margin-left: 8px;\">\n<div style=\"background-color: #f4f4f4; border-radius: 50%; flex-grow: 0; height: 20px; width: 20px;\"><\/div>\n<div style=\"width: 0; height: 0; border-top: 2px solid transparent; border-left: 6px solid #f4f4f4; border-bottom: 2px solid transparent; transform: translateX(16px) translateY(-4px) rotate(30deg);\"><\/div>\n<\/div>\n<div style=\"margin-left: auto;\">\n<div style=\"width: 0px; border-top: 8px solid #F4F4F4; border-right: 8px solid transparent; transform: translateY(16px);\"><\/div>\n<div style=\"background-color: #f4f4f4; flex-grow: 0; height: 12px; width: 16px; transform: translateY(-4px);\"><\/div>\n<div style=\"width: 0; height: 0; border-top: 8px solid #F4F4F4; border-left: 8px solid transparent; transform: translateY(-4px) translateX(8px);\"><\/div>\n<\/div>\n<\/div>\n<div style=\"display: flex; flex-direction: column; flex-grow: 1; justify-content: center; margin-bottom: 24px;\">\n<div style=\"background-color: #f4f4f4; border-radius: 4px; flex-grow: 0; height: 14px; margin-bottom: 6px; width: 224px;\"><\/div>\n<div style=\"background-color: #f4f4f4; border-radius: 4px; flex-grow: 0; height: 14px; width: 144px;\"><\/div>\n<\/div>\n<p>&nbsp;<\/p>\n<p style=\"color: #c9c8cd; font-family: Arial,sans-serif; font-size: 14px; line-height: 17px; margin-bottom: 0; margin-top: 8px; overflow: hidden; padding: 8px 0 7px; text-align: center; text-overflow: ellipsis; white-space: nowrap;\"><a style=\"color: #c9c8cd; font-family: Arial,sans-serif; font-size: 14px; font-style: normal; font-weight: normal; line-height: 17px; text-decoration: none;\" href=\"https:\/\/www.instagram.com\/p\/CuKbCXpOWKV\/?utm_source=ig_embed&amp;utm_campaign=loading\" target=\"_blank\" rel=\"noopener\">Una publicaci\u00f3n compartida por Ahora Olavarr\u00eda (@ahoraolavarria)<\/a><\/p>\n<\/div>\n<\/blockquote>\n<p><script async src=\"\/\/www.instagram.com\/embed.js\"><\/script><\/p>\n<p>&nbsp;<\/p>\n<p><span style=\"color: #000000; font-family: merriweather, georgia, times new roman, serif;\"><b>Maximiliano Wesner<\/b><\/span><span style=\"color: #000000; font-family: merriweather, georgia, times new roman, serif;\">, por ahora,\u00a0<\/span><span style=\"color: #000000; font-family: merriweather, georgia, times new roman, serif;\"><b>dio un paso m\u00e1s all\u00e1<\/b><\/span><span style=\"color: #000000; font-family: merriweather, georgia, times new roman, serif;\">: continu\u00f3 con sus recorridas de s\u00e1bado y, adem\u00e1s,\u00a0<\/span><span style=\"color: #000000; font-family: merriweather, georgia, times new roman, serif;\"><b>present\u00f3 los primeros ejes de sus propuestas\u00a0<\/b><\/span><span style=\"color: #000000; font-family: merriweather, georgia, times new roman, serif;\"><a href=\"https:\/\/cdnoticias.com\/index.php\/2023\/07\/02\/vivienda-y-salud-los-dos-primeros-ejes-de-campana-de-maxi-wesner\/\" target=\"_blank\" rel=\"noopener\">en caso de ser gesti\u00f3n con un spot<\/a>: se\u00f1al\u00f3 que impulsar\u00e1 desde el municipio\u00a0<\/span><span style=\"color: #000000; font-family: merriweather, georgia, times new roman, serif;\"><b>un plan de viviendas para construir 100 casas por a\u00f1o<\/b><\/span><span style=\"color: #000000; font-family: merriweather, georgia, times new roman, serif;\">, 400 hogares en su primera gesti\u00f3n. Con \u00e9nfasis en este punto, <a href=\"https:\/\/cdnoticias.com\/index.php\/2023\/07\/01\/con-el-inicio-formal-de-la-campana-primera-salida-de-wesner-y-su-militancia\/\" target=\"_blank\" rel=\"noopener\">la recorrida de militantes del s\u00e1bado parti\u00f3 desde la obra de construcci\u00f3n del CECO en Sarmiento y Jun\u00edn<\/a>.<\/span><\/p>\n<p>&nbsp;<\/p>\n<p><span style=\"color: #000000; font-family: merriweather, georgia, times new roman, serif;\">La segunda tem\u00e1tica que Wesner prioriza es el\u00a0<\/span><span style=\"color: #000000; font-family: merriweather, georgia, times new roman, serif;\"><b>acceso a la salud de calidad<\/b><\/span><span style=\"color: #000000; font-family: merriweather, georgia, times new roman, serif;\">.\u00a0<i>&#8220;Nos preocupa la situaci\u00f3n que atraviesa nuestro sistema de salud, en la ciudad y en las localidades.<\/i>\u00a0Demoras en los turnos, falta de personal, largas esperas y vecinos y vecinas a los que se les genera una ileg\u00edtima deuda al momento de atenderse&#8221;, advirti\u00f3. Para mejorarlo, el precandidato propone\u00a0<i>\u201cgarantizar un acceso igualitario a la salud p\u00fablica, condonar las deudas generadas por haberse atendido en el hospital a las familias que no puedan afrontar el pago y mejorar el sistema de turnos, personalizando la atenci\u00f3n con un sistema descentralizado\u201d<\/i>.<\/span><\/p>\n<p>&nbsp;<\/p>\n<p><img data-recalc-dims=\"1\" loading=\"lazy\" decoding=\"async\" class=\"size-full wp-image-88974 aligncenter\" src=\"https:\/\/i0.wp.com\/cdnoticias.com\/wp-content\/uploads\/2023\/07\/maxi-wesner-inicio-de-campana-01.jpg?resize=800%2C445&#038;ssl=1\" alt=\"\" width=\"800\" height=\"445\" srcset=\"https:\/\/i0.wp.com\/cdnoticias.com\/wp-content\/uploads\/2023\/07\/maxi-wesner-inicio-de-campana-01.jpg?w=800&amp;ssl=1 800w, https:\/\/i0.wp.com\/cdnoticias.com\/wp-content\/uploads\/2023\/07\/maxi-wesner-inicio-de-campana-01.jpg?resize=300%2C167&amp;ssl=1 300w, https:\/\/i0.wp.com\/cdnoticias.com\/wp-content\/uploads\/2023\/07\/maxi-wesner-inicio-de-campana-01.jpg?resize=768%2C427&amp;ssl=1 768w\" sizes=\"auto, (max-width: 800px) 100vw, 800px\" \/><\/p>\n<p>&nbsp;<\/p>\n<p><span style=\"color: #000000; font-family: merriweather, georgia, times new roman, serif;\"><b>Cruces indirectos<\/b><\/span><\/p>\n<p>&nbsp;<\/p>\n<p><span style=\"color: #000000; font-family: merriweather, georgia, times new roman, serif;\">M\u00e1s candidatos hacen referencias a estos temas. Por un lado,\u00a0<\/span><span style=\"color: #000000; font-family: merriweather, georgia, times new roman, serif;\"><b>Ezequiel Galli.\u00a0<\/b><\/span><span style=\"color: #000000; font-family: merriweather, georgia, times new roman, serif;\">Desde la<\/span><span style=\"color: #000000; font-family: merriweather, georgia, times new roman, serif;\"><b>\u00a0gesti\u00f3n<\/b><\/span><span style=\"color: #000000; font-family: merriweather, georgia, times new roman, serif;\">\u00a0y sin referencia directa a la campa\u00f1a, aunque la lectura es obligada. El intendente\u00a0<\/span><span style=\"color: #000000; font-family: merriweather, georgia, times new roman, serif;\"><b>se mostr\u00f3 en actividades vinculadas al programa de viviendas municipal<\/b><\/span><span style=\"color: #000000; font-family: merriweather, georgia, times new roman, serif;\">.<\/span><\/p>\n<p>&nbsp;<\/p>\n<p><span style=\"color: #000000; font-family: merriweather, georgia, times new roman, serif;\">Por un lado, con la realizaci\u00f3n del\u00a0<\/span><span style=\"color: #000000; font-family: merriweather, georgia, times new roman, serif;\"><b>sorteo de 8 de las casas industrializadas<\/b><\/span><span style=\"color: #000000; font-family: merriweather, georgia, times new roman, serif;\">\u00a0(las que est\u00e1n siendo terminadas por la segunda empresa contratada) y que este mes se entregar\u00e1n. Por otro, con una\u00a0<\/span><span style=\"color: #000000; font-family: merriweather, georgia, times new roman, serif;\"><b>recorrida por las 10 casas de construcci\u00f3n tradicional<\/b><\/span><span style=\"color: #000000; font-family: merriweather, georgia, times new roman, serif;\">\u00a0que ya tienen importante avance.<\/span><\/p>\n<p>&nbsp;<\/p>\n<p><img data-recalc-dims=\"1\" loading=\"lazy\" decoding=\"async\" class=\"size-full wp-image-88884 aligncenter\" src=\"https:\/\/i0.wp.com\/cdnoticias.com\/wp-content\/uploads\/2023\/06\/viviendas-tuvi-tradicional-01.jpg?resize=800%2C445&#038;ssl=1\" alt=\"\" width=\"800\" height=\"445\" srcset=\"https:\/\/i0.wp.com\/cdnoticias.com\/wp-content\/uploads\/2023\/06\/viviendas-tuvi-tradicional-01.jpg?w=800&amp;ssl=1 800w, https:\/\/i0.wp.com\/cdnoticias.com\/wp-content\/uploads\/2023\/06\/viviendas-tuvi-tradicional-01.jpg?resize=300%2C167&amp;ssl=1 300w, https:\/\/i0.wp.com\/cdnoticias.com\/wp-content\/uploads\/2023\/06\/viviendas-tuvi-tradicional-01.jpg?resize=768%2C427&amp;ssl=1 768w\" sizes=\"auto, (max-width: 800px) 100vw, 800px\" \/><\/p>\n<p>&nbsp;<\/p>\n<p><span style=\"color: #000000; font-family: merriweather, georgia, times new roman, serif;\">Tambi\u00e9n semana a semana, y siempre desde la gesti\u00f3n,\u00a0<\/span><span style=\"color: #000000; font-family: merriweather, georgia, times new roman, serif;\"><b>Galli se muestra en obras de ampliaci\u00f3n y reforma de establecimientos educativos<\/b><\/span><span style=\"color: #000000; font-family: merriweather, georgia, times new roman, serif;\">. En correlato, en el spot publicitario conocido d\u00edas atr\u00e1s expone entre los\u00a0<\/span><span style=\"color: #000000; font-family: merriweather, georgia, times new roman, serif;\"><b>\u201cvalores\u201d principales de su gesti\u00f3n la educaci\u00f3n<\/b><\/span><span style=\"color: #000000; font-family: merriweather, georgia, times new roman, serif;\">. Mo\u00f1o a la conjunci\u00f3n gesti\u00f3n &#8211; campa\u00f1a.<\/span><\/p>\n<p>&nbsp;<\/p>\n<p><span style=\"color: #000000; font-family: merriweather, georgia, times new roman, serif;\">Por el\u00a0<\/span><span style=\"color: #000000; font-family: merriweather, georgia, times new roman, serif;\"><b>Frente de Izquierda<\/b><\/span><span style=\"color: #000000; font-family: merriweather, georgia, times new roman, serif;\">, ya hubo <a href=\"https:\/\/cdnoticias.com\/index.php\/2023\/06\/26\/del-pla-que-estemos-a-local-lleno-es-importante-y-demuestra-el-interes-sobre-nuestro-planteo\/\" target=\"_blank\" rel=\"noopener\">un primer acto formal de campa\u00f1a con la\u00a0<i>llegada de la precandidata a senadora nacional Romina del Pla<\/i><\/a>. Junto a ella,\u00a0<\/span><span style=\"color: #000000; font-family: merriweather, georgia, times new roman, serif;\"><b>Agustin Mestralet present\u00f3 algunos temas destacados con sus propuestas locales: viviendas, atenci\u00f3n a la violencia de g\u00e9nero y salud<\/b><\/span><span style=\"color: #000000; font-family: merriweather, georgia, times new roman, serif;\">.<\/span><\/p>\n<p>&nbsp;<\/p>\n<p><img data-recalc-dims=\"1\" loading=\"lazy\" decoding=\"async\" class=\"size-large wp-image-88597 aligncenter\" src=\"https:\/\/i0.wp.com\/cdnoticias.com\/wp-content\/uploads\/2023\/06\/delpla-olava3.jpg?resize=800%2C445&#038;ssl=1\" alt=\"\" width=\"800\" height=\"445\" srcset=\"https:\/\/i0.wp.com\/cdnoticias.com\/wp-content\/uploads\/2023\/06\/delpla-olava3.jpg?resize=1024%2C570&amp;ssl=1 1024w, https:\/\/i0.wp.com\/cdnoticias.com\/wp-content\/uploads\/2023\/06\/delpla-olava3.jpg?resize=300%2C167&amp;ssl=1 300w, https:\/\/i0.wp.com\/cdnoticias.com\/wp-content\/uploads\/2023\/06\/delpla-olava3.jpg?resize=768%2C428&amp;ssl=1 768w, https:\/\/i0.wp.com\/cdnoticias.com\/wp-content\/uploads\/2023\/06\/delpla-olava3.jpg?resize=800%2C445&amp;ssl=1 800w, https:\/\/i0.wp.com\/cdnoticias.com\/wp-content\/uploads\/2023\/06\/delpla-olava3.jpg?w=1029&amp;ssl=1 1029w\" sizes=\"auto, (max-width: 800px) 100vw, 800px\" \/><\/p>\n<p>&nbsp;<\/p>\n<p><span style=\"color: #000000; font-family: merriweather, georgia, times new roman, serif;\">Plante\u00f3 sumar recursos al Municipio con la\u00a0<\/span><span style=\"color: #000000; font-family: merriweather, georgia, times new roman, serif;\"><b>suba del Impuesto a la Piedra<\/b><\/span><span style=\"color: #000000; font-family: merriweather, georgia, times new roman, serif;\">\u00a0y destinarlo a\u00a0<\/span><span style=\"color: #000000; font-family: merriweather, georgia, times new roman, serif;\"><b>construcci\u00f3n de viviendas<\/b><\/span><span style=\"color: #000000; font-family: merriweather, georgia, times new roman, serif;\">\u00a0en la ciudad cabecera y en las localidades: <em>\u201cinvertir los recursos -y vaya que los hay en Olavarr\u00eda que es la principal productora de cemento del pa\u00eds-; adem\u00e1s hay mano de obra que necesita trabajo genuino para llevar adelante un plan de viviendas sociales, viviendas populares\u201d<\/em> dijo.\u00a0<\/span><\/p>\n<p>&nbsp;<\/p>\n<p><span style=\"color: #000000; font-family: merriweather, georgia, times new roman, serif;\">Luego propuso la construcci\u00f3n de un centro integral para atender situaciones de violencia hacia las mujeres y disidencias; y en lo que respecta a salud plante\u00f3\u00a0<\/span><span style=\"color: #000000; font-family: merriweather, georgia, times new roman, serif;\"><b>\u201cfortalecer la atenci\u00f3n primaria\u201d<\/b><\/span><span style=\"color: #000000; font-family: merriweather, georgia, times new roman, serif;\">\u00a0mediante \u201cextender los horarios de atenci\u00f3n en los CAPS\u201d, <a href=\"https:\/\/cdnoticias.com\/index.php\/2023\/06\/27\/mestralet-el-gobierno-se-esta-convirtiendo-en-un-especulador-inmobiliario\/\" target=\"_blank\" rel=\"noopener\">entre otros ejes que present\u00f3<\/a>.<\/span><\/p>\n<p>&nbsp;<\/p>\n<p><span style=\"color: #000000; font-family: merriweather, georgia, times new roman, serif;\"><b>La influencia nacional\u00a0<\/b><\/span><\/p>\n<p>&nbsp;<\/p>\n<p><span style=\"color: #000000; font-family: merriweather, georgia, times new roman, serif;\"><i>\u00bfCu\u00e1nto influir\u00e1 la coyuntura nacional?<\/i>\u00a0Seguramente mucho, sobre todo cuando empiecen a\u00a0<i>presentarse en la ciudad los candidatos nacionales y provinciales<\/i>.<\/span><\/p>\n<p>&nbsp;<\/p>\n<p><span style=\"color: #000000; font-family: merriweather, georgia, times new roman, serif;\">Hasta ahora vemos que en\u00a0<\/span><span style=\"color: #000000; font-family: merriweather, georgia, times new roman, serif;\"><b>La Libertad Avanza, s\u00ed es fuerte la referencia a Javier Milei<\/b><\/span><span style=\"color: #000000; font-family: merriweather, georgia, times new roman, serif;\">. Los conceptos del dirigente nacional y su figura son el gran atractivo del espacio, y en Ahora Olavarr\u00eda lo aprovechan en muchas de sus publicaciones y presentaciones. Por ahora no lo hemos visto en marcha en la campa\u00f1a propiamente dicha, pero seguramente lo veremos.<\/span><\/p>\n<p>&nbsp;<\/p>\n<p><img data-recalc-dims=\"1\" loading=\"lazy\" decoding=\"async\" class=\"size-full wp-image-75918 aligncenter\" src=\"https:\/\/i0.wp.com\/cdnoticias.com\/wp-content\/uploads\/2023\/02\/celeste-arouxet-javier-milei-0.jpg?resize=800%2C445&#038;ssl=1\" alt=\"\" width=\"800\" height=\"445\" srcset=\"https:\/\/i0.wp.com\/cdnoticias.com\/wp-content\/uploads\/2023\/02\/celeste-arouxet-javier-milei-0.jpg?w=800&amp;ssl=1 800w, https:\/\/i0.wp.com\/cdnoticias.com\/wp-content\/uploads\/2023\/02\/celeste-arouxet-javier-milei-0.jpg?resize=300%2C167&amp;ssl=1 300w, https:\/\/i0.wp.com\/cdnoticias.com\/wp-content\/uploads\/2023\/02\/celeste-arouxet-javier-milei-0.jpg?resize=768%2C427&amp;ssl=1 768w\" sizes=\"auto, (max-width: 800px) 100vw, 800px\" \/><\/p>\n<p>&nbsp;<\/p>\n<p><span style=\"color: #000000; font-family: merriweather, georgia, times new roman, serif;\"><b>Eduardo Rodr\u00edguez<\/b><\/span><span style=\"color: #000000; font-family: merriweather, georgia, times new roman, serif;\">\u00a0por otro lado, tambi\u00e9n aprovecha sus\u00a0<\/span><span style=\"color: #000000; font-family: merriweather, georgia, times new roman, serif;\"><b>referencias a Sergio Massa<\/b><\/span><span style=\"color: #000000; font-family: merriweather, georgia, times new roman, serif;\">. Han sido sostenidas a lo largo del mandato en el Ministerio de Econom\u00eda, pero claro, mucho m\u00e1s despu\u00e9s de la nominaci\u00f3n del \u201ccandidato de unidad\u201d.<\/span><\/p>\n<p>&nbsp;<\/p>\n<p><span style=\"color: #000000; font-family: merriweather, georgia, times new roman, serif;\">El tercero que vale la pena resaltar es\u00a0<\/span><span style=\"color: #000000; font-family: merriweather, georgia, times new roman, serif;\"><b>Ezequiel Galli: en su caso, reitera las menciones a Diego Santilli<\/b><\/span><span style=\"color: #000000; font-family: merriweather, georgia, times new roman, serif;\">, incluso lo hizo hace pocos d\u00edas para resaltar la f\u00f3rmula de precandidatos a la gobernaci\u00f3n tras un encuentro de jefes comunales \u201csantillistas\u201d. (\u00bfExiste o lo estamos inventando ahora?)<\/span><\/p>\n<p>&nbsp;<\/p>\n<p><span style=\"color: #000000; font-family: merriweather, georgia, times new roman, serif;\"><b>\u00bfY qu\u00e9 mas?<\/b><\/span><\/p>\n<p>&nbsp;<\/p>\n<p><span style=\"color: #000000; font-family: merriweather, georgia, times new roman, serif;\">Hay algo m\u00e1s que vemos, o m\u00e1s bien que no vemos en este inicio de campa\u00f1a en Olavarr\u00eda.\u00a0<\/span><span style=\"color: #000000; font-family: merriweather, georgia, times new roman, serif;\"><b>Hay muy poca carteler\u00eda callejera<\/b><\/span><span style=\"color: #000000; font-family: merriweather, georgia, times new roman, serif;\">.\u00a0<\/span><\/p>\n<p>&nbsp;<\/p>\n<p><span style=\"color: #000000; font-family: merriweather, georgia, times new roman, serif;\">Las actividades de campa\u00f1a se han centrado en las\u00a0<\/span><span style=\"color: #000000; font-family: merriweather, georgia, times new roman, serif;\"><b>recorridas\u00a0<\/b><\/span><span style=\"color: #000000; font-family: merriweather, georgia, times new roman, serif;\">y en las\u00a0<\/span><span style=\"color: #000000; font-family: merriweather, georgia, times new roman, serif;\"><b>redes<\/b><\/span><span style=\"color: #000000; font-family: merriweather, georgia, times new roman, serif;\">, y bastante menos que en a\u00f1os anteriores en la presentaci\u00f3n de candidatos con\u00a0<\/span><span style=\"color: #000000; font-family: merriweather, georgia, times new roman, serif;\"><b>afiches, pasacalles y publicidad gr\u00e1fica<\/b><\/span><span style=\"color: #000000; font-family: merriweather, georgia, times new roman, serif;\">.<\/span><\/p>\n<p>&nbsp;<\/p>\n<p><span style=\"color: #000000; font-family: merriweather, georgia, times new roman, serif;\">Tenemos\u00a0<\/span><span style=\"color: #000000; font-family: merriweather, georgia, times new roman, serif;\"><b>tres variables<\/b><\/span><span style=\"color: #000000; font-family: merriweather, georgia, times new roman, serif;\">\u00a0para explicar esta situaci\u00f3n. La primera es macro:\u00a0<\/span><span style=\"color: #000000; font-family: merriweather, georgia, times new roman, serif;\"><b>la econom\u00eda<\/b><\/span><span style=\"color: #000000; font-family: merriweather, georgia, times new roman, serif;\">. En \u00e9poca de bolsillos flacos, las campa\u00f1as tambi\u00e9n est\u00e1n afectadas por eso e impacta directamente en las variables m\u00e1s costosas, como la carteler\u00eda por ejemplo.<\/span><\/p>\n<p>&nbsp;<\/p>\n<p><img data-recalc-dims=\"1\" loading=\"lazy\" decoding=\"async\" class=\"size-full wp-image-85715 aligncenter\" src=\"https:\/\/i0.wp.com\/cdnoticias.com\/wp-content\/uploads\/2023\/05\/campana-candidatos-0.jpg?resize=800%2C445&#038;ssl=1\" alt=\"\" width=\"800\" height=\"445\" srcset=\"https:\/\/i0.wp.com\/cdnoticias.com\/wp-content\/uploads\/2023\/05\/campana-candidatos-0.jpg?w=800&amp;ssl=1 800w, https:\/\/i0.wp.com\/cdnoticias.com\/wp-content\/uploads\/2023\/05\/campana-candidatos-0.jpg?resize=300%2C167&amp;ssl=1 300w, https:\/\/i0.wp.com\/cdnoticias.com\/wp-content\/uploads\/2023\/05\/campana-candidatos-0.jpg?resize=768%2C427&amp;ssl=1 768w\" sizes=\"auto, (max-width: 800px) 100vw, 800px\" \/><\/p>\n<p>&nbsp;<\/p>\n<p><span style=\"color: #000000; font-family: merriweather, georgia, times new roman, serif;\">Pero por fuera de ello, hay un segundo aspecto, a la vez macro y micro. Nos referimos a\u00a0<\/span><span style=\"color: #000000; font-family: merriweather, georgia, times new roman, serif;\"><b>la incertidumbre en muchos espacios para la definici\u00f3n de candidatos\u00a0<\/b><\/span><span style=\"color: #000000; font-family: merriweather, georgia, times new roman, serif;\">y hasta para saber si finalmente competir\u00edan o no. Las disputas internas en los frentes y las competencias personales entre los dirigentes sumaron dudas a escenarios ya de por s\u00ed con muchos grises.<\/span><\/p>\n<p>&nbsp;<\/p>\n<p><span style=\"color: #000000; font-family: merriweather, georgia, times new roman, serif;\">Ante estas dudas, sin saber qu\u00e9 alianzas se sostendr\u00edan, los partidos que llegar\u00edan y los candidatos que quedar\u00edan tambi\u00e9n redunda en menos publicidad -incluida la callejera- hasta que lleguen las certezas.<\/span><\/p>\n<p>&nbsp;<\/p>\n<p><span style=\"color: #000000; font-family: merriweather, georgia, times new roman, serif;\">La tercera variable es netamente local y a simple vista es la m\u00e1s importante:<\/span><span style=\"color: #000000; font-family: merriweather, georgia, times new roman, serif;\"><b>\u00a0el debate que lanz\u00f3 el intendente de \u201ccampa\u00f1a limpia\u201d<\/b><\/span><span style=\"color: #000000; font-family: merriweather, georgia, times new roman, serif;\">, limit\u00f3 el despliegue de pasacalles. Mientras se defin\u00eda el proyecto legislativo y avanzaba el debate tambi\u00e9n de otras propuestas en el mismo sentido, solamente se colocaron algunos afiches y reci\u00e9n hace pocos d\u00edas \u201caparecieron\u201d los corrugados de Wesner.<\/span><\/p>\n<p>&nbsp;<\/p>\n<p><span style=\"color: #000000; font-family: merriweather, georgia, times new roman, serif;\"><b>Endere puso primera<\/b><\/span><\/p>\n<p>&nbsp;<\/p>\n<p><span style=\"color: #000000; font-family: merriweather, georgia, times new roman, serif;\">Si bien hubo<\/span><span style=\"color: #000000; font-family: merriweather, georgia, times new roman, serif;\"><b>\u00a0pocos movimientos de la Secci\u00f3n<\/b><\/span><span style=\"color: #000000; font-family: merriweather, georgia, times new roman, serif;\">\u00a0luego del cierre de listas, quien no esper\u00f3 ni un minuto y comenz\u00f3 una\u00a0<\/span><span style=\"color: #000000; font-family: merriweather, georgia, times new roman, serif;\"><b>recorrida por los distritos de la regi\u00f3n<\/b><\/span><span style=\"color: #000000; font-family: merriweather, georgia, times new roman, serif;\">\u00a0fue\u00a0<\/span><span style=\"color: #000000; font-family: merriweather, georgia, times new roman, serif;\"><b>Mart\u00edn Endere<\/b><\/span><span style=\"color: #000000; font-family: merriweather, georgia, times new roman, serif;\">, el 1 de la lista de Ezequiel Galli en la S\u00e9ptima.\u00a0<\/span><\/p>\n<p>&nbsp;<\/p>\n<p><span style=\"font-family: merriweather, georgia, times new roman, serif;\">El mi\u00e9rcoles, con la concejal y precandidata a reelegir en su banca Guillermina Amespil, estuvieron\u00a0<\/span><span style=\"font-family: merriweather, georgia, times new roman, serif;\"><b>en Azul<\/b><\/span><span style=\"font-family: merriweather, georgia, times new roman, serif;\">\u00a0donde\u00a0<a title=\"se reunieron con la doctora Natalia Waitzman, especialista en derecho ambiental\" href=\"https:\/\/twitter.com\/ConcejalesO\/status\/1674206035995705349?t=YPBWET6IJEynLmvRweHC2Q&amp;s=19\" target=\"_blank\" rel=\"noopener noreferrer\"><span style=\"color: #499dff;\">se reunieron con la doctora Natalia Waitzman, especialista en derecho ambiental<\/span><\/a>.\u00a0<\/span><\/p>\n<p>&nbsp;<\/p>\n<blockquote class=\"twitter-tweet\">\n<p dir=\"ltr\" lang=\"es\">\u267b\ufe0f Nos reunimos con Natalia Waitzman (abogada experta en derecho ambiental) y conversamos sobre ordenamiento ambiental del territorio y los esquemas de participaci\u00f3n ciudadana en casos como el Cerro Largo, recientemente declarado Reserva Natural <a href=\"https:\/\/t.co\/8keedxjVZg\">pic.twitter.com\/8keedxjVZg<\/a><\/p>\n<p>\u2014 Concejales_Juntos_Olavarr\u00eda (@ConcejalesO) <a href=\"https:\/\/twitter.com\/ConcejalesO\/status\/1674206035995705349?ref_src=twsrc%5Etfw\">June 28, 2023<\/a><\/p><\/blockquote>\n<p><script async src=\"https:\/\/platform.twitter.com\/widgets.js\" charset=\"utf-8\"><\/script><\/p>\n<p>&nbsp;<\/p>\n<p><span style=\"color: #000000; font-family: merriweather, georgia, times new roman, serif;\">El jueves, el concejal precandidato estuvo\u00a0<\/span><span style=\"color: #000000; font-family: merriweather, georgia, times new roman, serif;\"><b>en Saladillo y Alvear<\/b><\/span><span style=\"color: #000000; font-family: merriweather, georgia, times new roman, serif;\">\u00a0mientras que el viernes visit\u00f3\u00a0<\/span><span style=\"color: #000000; font-family: merriweather, georgia, times new roman, serif;\"><b>Tapalqu\u00e9<\/b><\/span><span style=\"color: #000000; font-family: merriweather, georgia, times new roman, serif;\">. En l\u00edneas generales, se mostr\u00f3 preocupaci\u00f3n por el estado de la ruta 51, obras paradas en algunos tramos, y la falta de acompa\u00f1amiento del gobierno provincial a emprendedores en ciudades de la S\u00e9ptima como primera respuesta post cierre, dado que Endere ya viene recorriendo la regi\u00f3n.\u00a0<\/span><\/p>\n<p>&nbsp;<\/p>\n<p><span style=\"color: #000000; font-family: merriweather, georgia, times new roman, serif;\">El presidente del bloque Juntos\u00a0<\/span><span style=\"color: #000000; font-family: merriweather, georgia, times new roman, serif;\"><b>competir\u00e1 de forma directa en la PASO contra la lista encabezada por Alejandra Lord\u00e9n<\/b><\/span><span style=\"color: #000000; font-family: merriweather, georgia, times new roman, serif;\">\u00a0mientras que compartir\u00e1, en lugares competitivos, con Mercedes Land\u00edvar quien encabeza la lista de Uni\u00f3n por la Patria.<\/span><\/p>\n<p>&nbsp;<\/p>\n<div>\n<p><strong>Un extracto<\/strong><\/p>\n<\/div>\n<div>\n<p>&nbsp;<\/p>\n<p>Esta publicaci\u00f3n es parte de la edici\u00f3n de este domingo del newsletter Volver a las Fuentes que escriben Alexis Grierson y Josefina Bargas. La edici\u00f3n completa est\u00e1\u00a0<em><a href=\"https:\/\/zcvrp-zgvfh.campaign-view.com\/ua\/SharedView?od=3ze8729c286f54973021ca849466b964f7fe34a331c7b811adb1aca9358666b9e7&amp;cno=11a2b0b1d8f33fd&amp;cd=1f099c43b6a6bb18&amp;m=0\" target=\"_blank\" rel=\"noopener\" data-saferedirecturl=\"https:\/\/www.google.com\/url?q=https:\/\/zcvrp-zgvfh.campaign-view.com\/ua\/SharedView?od%3D3ze8729c286f54973021ca849466b964f7fe34a331c7b811adb1aca9358666b9e7%26cno%3D11a2b0b1e409151%26cd%3D1f099c43b6a5d0c6%26m%3D0&amp;source=gmail&amp;ust=1687214424461000&amp;usg=AOvVaw2ZpEIneYfPba0h7M_9E-zf\">disponible aqu\u00ed<\/a><\/em>\u00a0y tiene un sistema de suscripci\u00f3n econ\u00f3mica y aportes \u00fanicos al que se puede\u00a0<a href=\"https:\/\/linktr.ee\/nhdp_valf\" target=\"_blank\" rel=\"noopener\" data-saferedirecturl=\"https:\/\/www.google.com\/url?q=https:\/\/linktr.ee\/nhdp_valf&amp;source=gmail&amp;ust=1687214424461000&amp;usg=AOvVaw2iU5ya_F2ZpDDQ8tqXPAmC\">acceder aqu\u00ed<\/a>.<\/p>\n<\/div>\n","protected":false},"excerpt":{"rendered":"<p>Se oficializaron todas las listas en los principales frentes. Priman las propuestas y mensajes locales. Vivienda pic\u00f3 en punta entre<\/p>\n","protected":false},"author":4,"featured_media":89101,"comment_status":"closed","ping_status":"closed","sticky":false,"template":"","format":"standard","meta":{"_jetpack_memberships_contains_paid_content":false,"footnotes":""},"categories":[4],"tags":[],"class_list":["post-89108","post","type-post","status-publish","format-standard","has-post-thumbnail","hentry","category-politica"],"jetpack_featured_media_url":"https:\/\/i0.wp.com\/cdnoticias.com\/wp-content\/uploads\/2023\/07\/ezequiel-galli-sigue-con-vos-00.jpg?fit=800%2C445&ssl=1","jetpack_sharing_enabled":true,"_links":{"self":[{"href":"https:\/\/cdnoticias.com\/index.php\/wp-json\/wp\/v2\/posts\/89108","targetHints":{"allow":["GET"]}}],"collection":[{"href":"https:\/\/cdnoticias.com\/index.php\/wp-json\/wp\/v2\/posts"}],"about":[{"href":"https:\/\/cdnoticias.com\/index.php\/wp-json\/wp\/v2\/types\/post"}],"author":[{"embeddable":true,"href":"https:\/\/cdnoticias.com\/index.php\/wp-json\/wp\/v2\/users\/4"}],"replies":[{"embeddable":true,"href":"https:\/\/cdnoticias.com\/index.php\/wp-json\/wp\/v2\/comments?post=89108"}],"version-history":[{"count":0,"href":"https:\/\/cdnoticias.com\/index.php\/wp-json\/wp\/v2\/posts\/89108\/revisions"}],"wp:featuredmedia":[{"embeddable":true,"href":"https:\/\/cdnoticias.com\/index.php\/wp-json\/wp\/v2\/media\/89101"}],"wp:attachment":[{"href":"https:\/\/cdnoticias.com\/index.php\/wp-json\/wp\/v2\/media?parent=89108"}],"wp:term":[{"taxonomy":"category","embeddable":true,"href":"https:\/\/cdnoticias.com\/index.php\/wp-json\/wp\/v2\/categories?post=89108"},{"taxonomy":"post_tag","embeddable":true,"href":"https:\/\/cdnoticias.com\/index.php\/wp-json\/wp\/v2\/tags?post=89108"}],"curies":[{"name":"wp","href":"https:\/\/api.w.org\/{rel}","templated":true}]}}