{"id":89105,"date":"2023-07-02T20:15:48","date_gmt":"2023-07-02T23:15:48","guid":{"rendered":"https:\/\/www.centraldenoticias.com.ar\/?p=89105"},"modified":"2023-07-02T20:15:48","modified_gmt":"2023-07-02T23:15:48","slug":"paso-en-olavarria-el-frente-federal-de-accion-solidaria-tiene-precandidato-a-intendente","status":"publish","type":"post","link":"https:\/\/cdnoticias.com\/index.php\/2023\/07\/02\/paso-en-olavarria-el-frente-federal-de-accion-solidaria-tiene-precandidato-a-intendente\/","title":{"rendered":"PASO en Olavarr\u00eda: el Frente Federal de Acci\u00f3n Solidaria tiene precandidato a intendente"},"content":{"rendered":"<p>Francisco Errobidart competir\u00e1 el 12 de agosto. Entre los precandidatos para el Concejo Deliberante est\u00e1 Ram\u00f3n Leguizam\u00f3n, el referente de Red Solidaria.<\/p>\n<p><!--more--><\/p>\n<hr \/>\n<p>El <strong>Frente Federal de Acci\u00f3n Solidaria de la Provincia de Buenos Aires<\/strong> inscribi\u00f3 una lista para competir por la <strong>intendencia en Olavarr\u00eda<\/strong>.<\/p>\n<p>&nbsp;<\/p>\n<p><strong>Carlos Francisco Errobidart<\/strong> es el nombre con quien ir\u00e1n a las PASO el 13 de agosto. De esta manera, <strong>en el distrito se registran 11 listas en carrera.<\/strong><\/p>\n<p>&nbsp;<\/p>\n<blockquote><p>Errobidart es camionero y se presenta como \u201cun trabajador en la pol\u00edtica\u201d: \u201cjunto a un grupo de trabajadores de nuestra ciudad formamos una lista\u201d expuso.<\/p><\/blockquote>\n<p>&nbsp;<\/p>\n<p><strong>Lucas Eduardo Blanco<\/strong> y <strong>Sonia Carolina Puccia<\/strong> encabezan la lista para el Concejo Deliberante. El tercero es <strong>Ram\u00f3n Oscar Leguizam\u00f3n<\/strong>, el referente de Red Solidaria en la ciudad.<\/p>\n<p>&nbsp;<\/p>\n<p>En tanto, <strong>Andrea Alejandra Sabbi<\/strong> y <strong>Mauricio Emanuel Carusso<\/strong> son los primeros precandidatos al Consejo Escolar.<\/p>\n<p>&nbsp;<\/p>\n","protected":false},"excerpt":{"rendered":"<p>Francisco Errobidart competir\u00e1 el 12 de agosto. Entre los precandidatos para el Concejo Deliberante est\u00e1 Ram\u00f3n Leguizam\u00f3n, el referente de<\/p>\n","protected":false},"author":4,"featured_media":89106,"comment_status":"closed","ping_status":"closed","sticky":false,"template":"","format":"standard","meta":{"_jetpack_memberships_contains_paid_content":false,"footnotes":""},"categories":[4,1],"tags":[],"class_list":["post-89105","post","type-post","status-publish","format-standard","has-post-thumbnail","hentry","category-politica","category-portada"],"jetpack_featured_media_url":"https:\/\/i0.wp.com\/cdnoticias.com\/wp-content\/uploads\/2023\/07\/francisco-errobidart-precandidato-00.jpg?fit=600%2C333&ssl=1","jetpack_sharing_enabled":true,"_links":{"self":[{"href":"https:\/\/cdnoticias.com\/index.php\/wp-json\/wp\/v2\/posts\/89105","targetHints":{"allow":["GET"]}}],"collection":[{"href":"https:\/\/cdnoticias.com\/index.php\/wp-json\/wp\/v2\/posts"}],"about":[{"href":"https:\/\/cdnoticias.com\/index.php\/wp-json\/wp\/v2\/types\/post"}],"author":[{"embeddable":true,"href":"https:\/\/cdnoticias.com\/index.php\/wp-json\/wp\/v2\/users\/4"}],"replies":[{"embeddable":true,"href":"https:\/\/cdnoticias.com\/index.php\/wp-json\/wp\/v2\/comments?post=89105"}],"version-history":[{"count":0,"href":"https:\/\/cdnoticias.com\/index.php\/wp-json\/wp\/v2\/posts\/89105\/revisions"}],"wp:featuredmedia":[{"embeddable":true,"href":"https:\/\/cdnoticias.com\/index.php\/wp-json\/wp\/v2\/media\/89106"}],"wp:attachment":[{"href":"https:\/\/cdnoticias.com\/index.php\/wp-json\/wp\/v2\/media?parent=89105"}],"wp:term":[{"taxonomy":"category","embeddable":true,"href":"https:\/\/cdnoticias.com\/index.php\/wp-json\/wp\/v2\/categories?post=89105"},{"taxonomy":"post_tag","embeddable":true,"href":"https:\/\/cdnoticias.com\/index.php\/wp-json\/wp\/v2\/tags?post=89105"}],"curies":[{"name":"wp","href":"https:\/\/api.w.org\/{rel}","templated":true}]}}