{"id":89062,"date":"2023-07-02T18:20:11","date_gmt":"2023-07-02T21:20:11","guid":{"rendered":"https:\/\/www.centraldenoticias.com.ar\/?p=89062"},"modified":"2023-07-02T20:57:50","modified_gmt":"2023-07-02T23:57:50","slug":"bomberos-acto-por-los-25-anos-del-destacamento-no-2-de-sierras-bayas","status":"publish","type":"post","link":"https:\/\/cdnoticias.com\/index.php\/2023\/07\/02\/bomberos-acto-por-los-25-anos-del-destacamento-no-2-de-sierras-bayas\/","title":{"rendered":"Bomberos: acto por los 25 a\u00f1os del Destacamento N\u00ba 2 de Sierras Bayas"},"content":{"rendered":"<p>Se realizaron distinciones y la firma de un convenio con una empresa. Se present\u00f3 una nueva unidad con homenaje al Oficial Auxiliar Ra\u00fal Torres.\u00a0 Culmin\u00f3 con un desfile de unidades.<!--more--><\/p>\n<hr \/>\n<p>Este s\u00e1bado por la tarde se llev\u00f3 a cabo el acto por los <strong>25 a\u00f1os del Destacamento N\u00ba2 de Sierras Bayas<\/strong>. <a href=\"https:\/\/cdnoticias.com\/index.php\/2023\/06\/27\/el-destacamento-n2-de-sierras-bayas-cumplio-25-anos-y-hubo-fiesta\/\" target=\"_blank\" rel=\"noopener\">La fiesta conmemorativa se hab\u00eda realizado d\u00edas pasados en la localidad<\/a>.<\/p>\n<p>&nbsp;<\/p>\n<p>El acto comenz\u00f3 con la <strong>formaci\u00f3n del Cuerpo Activo<\/strong> de bomberos de la asociaci\u00f3n frente al destacamento, entonando las estrofas del Himno Nacional Argentino.<\/p>\n<p>&nbsp;<\/p>\n<p>Luego, el Comandante General<strong> Ra\u00fal Ferreira<\/strong> tom\u00f3 al palabra e hizo un recorrido por la <strong>historia del Destacamento 2<\/strong>. \u00c9ste se construy\u00f3 bajo la conducci\u00f3n de Roque Abel Parra en el Consejo Directivo, y H\u00e9ctor Hoyos como Comandante. <strong>Se fund\u00f3 14 d\u00edas despu\u00e9s que el primer destacamento<\/strong>.<\/p>\n<p>&nbsp;<\/p>\n<p><img data-recalc-dims=\"1\" loading=\"lazy\" decoding=\"async\" class=\"size-full wp-image-89083 aligncenter\" src=\"https:\/\/i0.wp.com\/cdnoticias.com\/wp-content\/uploads\/2023\/07\/bomberos-de-sierras-bayas-25-anos-00-1.jpg?resize=800%2C445&#038;ssl=1\" alt=\"\" width=\"800\" height=\"445\" srcset=\"https:\/\/i0.wp.com\/cdnoticias.com\/wp-content\/uploads\/2023\/07\/bomberos-de-sierras-bayas-25-anos-00-1.jpg?w=800&amp;ssl=1 800w, https:\/\/i0.wp.com\/cdnoticias.com\/wp-content\/uploads\/2023\/07\/bomberos-de-sierras-bayas-25-anos-00-1.jpg?resize=300%2C167&amp;ssl=1 300w, https:\/\/i0.wp.com\/cdnoticias.com\/wp-content\/uploads\/2023\/07\/bomberos-de-sierras-bayas-25-anos-00-1.jpg?resize=768%2C427&amp;ssl=1 768w\" sizes=\"auto, (max-width: 800px) 100vw, 800px\" \/><\/p>\n<p>&nbsp;<\/p>\n<p>M\u00e1s tarde, tom\u00f3 la palabra el presidente de la instituci\u00f3n, <strong>Hugo Fayan\u00e1s<\/strong> quien remarc\u00f3 la importancia de &#8220;apoyar el trabajo que se realiza en bomberos, y destac\u00f3 el rol que ocupa la instituci\u00f3n en la localidad sierrabayense, en donde no s\u00f3lo se acompa\u00f1a con la asistencia en siniestros y emergencias, sino que que tambi\u00e9n colabora con otras instituciones locales&#8221;.<\/p>\n<p>&nbsp;<\/p>\n<p>Adem\u00e1s, se entreg\u00f3 una <strong>distinci\u00f3n al fot\u00f3grafo oficial<\/strong> de la Asociaci\u00f3n de Bomberos Voluntarios de Olavarr\u00eda,<strong> Enrique Paco Zelaya<\/strong>, <em>&#8220;por sus a\u00f1os de trabajo dentro de la instituci\u00f3n, su acompa\u00f1amiento, su compromiso y su amor por bomberos&#8221;<\/em>.<\/p>\n<p>&nbsp;<\/p>\n<p>El acto continu\u00f3 con el descubrimiento de la<strong> nueva unidad destinada al Destacamento 2,<\/strong> la cual llevar\u00e1 el nombre de un bombero que prest\u00f3 servicios en la instituci\u00f3n y falleci\u00f3 recientemente, el <strong>Oficial Auxiliar Ra\u00fal &#8220;Me\u00f1e&#8221; Torres<\/strong>.<\/p>\n<p>&nbsp;<\/p>\n<p><img data-recalc-dims=\"1\" loading=\"lazy\" decoding=\"async\" class=\"size-full wp-image-89084 aligncenter\" src=\"https:\/\/i0.wp.com\/cdnoticias.com\/wp-content\/uploads\/2023\/07\/bomberos-de-sierras-bayas-25-anos-01-1.jpg?resize=800%2C445&#038;ssl=1\" alt=\"\" width=\"800\" height=\"445\" srcset=\"https:\/\/i0.wp.com\/cdnoticias.com\/wp-content\/uploads\/2023\/07\/bomberos-de-sierras-bayas-25-anos-01-1.jpg?w=800&amp;ssl=1 800w, https:\/\/i0.wp.com\/cdnoticias.com\/wp-content\/uploads\/2023\/07\/bomberos-de-sierras-bayas-25-anos-01-1.jpg?resize=300%2C167&amp;ssl=1 300w, https:\/\/i0.wp.com\/cdnoticias.com\/wp-content\/uploads\/2023\/07\/bomberos-de-sierras-bayas-25-anos-01-1.jpg?resize=768%2C427&amp;ssl=1 768w\" sizes=\"auto, (max-width: 800px) 100vw, 800px\" \/><\/p>\n<p>&nbsp;<\/p>\n<p>Siguiendo con las distinciones, se otorg\u00f3 una menci\u00f3n a la<strong> Escuela Municipal de Artes Pl\u00e1sticas de Sierras Bayas,<\/strong> quienes fueron los encargados de <strong>pintar un mural<\/strong> en la esquina del destacamento, en honor a estos 25 a\u00f1os.<\/p>\n<p>&nbsp;<\/p>\n<p>A continuaci\u00f3n, <strong>el presidente de la instituci\u00f3n realiz\u00f3 la firma de un convenio junto a la empresa Hauswagen<\/strong>. El convenio busca fortalecer los lazos entre la empresa concesionaria y la asociaci\u00f3n.<\/p>\n<p>&nbsp;<\/p>\n<p>Por \u00faltimo, el <strong>desfile de unidades<\/strong> frente al cuartel cerr\u00f3 el acto y vecinas, vecinos y familiares compartieron una merienda en donde la familia Torres hizo el descubrimiento de una<strong> placa honor\u00edfica por los 25 a\u00f1os del cuartel y en nombre de &#8220;Me\u00f1e&#8221; Torres.<\/strong><\/p>\n<p>&nbsp;<\/p>\n<blockquote class=\"wp-embedded-content\" data-secret=\"1i1M9lDYQb\"><p><a href=\"https:\/\/cdnoticias.com\/index.php\/2023\/06\/27\/el-destacamento-n2-de-sierras-bayas-cumplio-25-anos-y-hubo-fiesta\/\">El Destacamento N\u00b02 de Sierras Bayas cumpli\u00f3 25 a\u00f1os y hubo fiesta<\/a><\/p><\/blockquote>\n<p><iframe loading=\"lazy\" class=\"wp-embedded-content\" sandbox=\"allow-scripts\" security=\"restricted\" style=\"position: absolute; clip: rect(1px, 1px, 1px, 1px);\" title=\"&#8220;El Destacamento N\u00b02 de Sierras Bayas cumpli\u00f3 25 a\u00f1os y hubo fiesta&#8221; &#8212; Central de Noticias | Olavarr\u00eda\" src=\"https:\/\/cdnoticias.com\/index.php\/2023\/06\/27\/el-destacamento-n2-de-sierras-bayas-cumplio-25-anos-y-hubo-fiesta\/embed\/#?secret=yGOwIv3HxP#?secret=1i1M9lDYQb\" data-secret=\"1i1M9lDYQb\" width=\"600\" height=\"338\" frameborder=\"0\" marginwidth=\"0\" marginheight=\"0\" scrolling=\"no\"><\/iframe><\/p>\n<p>&nbsp;<\/p>\n","protected":false},"excerpt":{"rendered":"<p>Se realizaron distinciones y la firma de un convenio con una empresa. Se present\u00f3 una nueva unidad con homenaje al<\/p>\n","protected":false},"author":6,"featured_media":89085,"comment_status":"closed","ping_status":"closed","sticky":false,"template":"","format":"standard","meta":{"_jetpack_memberships_contains_paid_content":false,"footnotes":""},"categories":[5,1],"tags":[],"class_list":["post-89062","post","type-post","status-publish","format-standard","has-post-thumbnail","hentry","category-informacion-general","category-portada"],"jetpack_featured_media_url":"https:\/\/i0.wp.com\/cdnoticias.com\/wp-content\/uploads\/2023\/07\/bomberos-de-sierras-bayas-25-anos-02-1.jpg?fit=800%2C445&ssl=1","jetpack_sharing_enabled":true,"_links":{"self":[{"href":"https:\/\/cdnoticias.com\/index.php\/wp-json\/wp\/v2\/posts\/89062","targetHints":{"allow":["GET"]}}],"collection":[{"href":"https:\/\/cdnoticias.com\/index.php\/wp-json\/wp\/v2\/posts"}],"about":[{"href":"https:\/\/cdnoticias.com\/index.php\/wp-json\/wp\/v2\/types\/post"}],"author":[{"embeddable":true,"href":"https:\/\/cdnoticias.com\/index.php\/wp-json\/wp\/v2\/users\/6"}],"replies":[{"embeddable":true,"href":"https:\/\/cdnoticias.com\/index.php\/wp-json\/wp\/v2\/comments?post=89062"}],"version-history":[{"count":0,"href":"https:\/\/cdnoticias.com\/index.php\/wp-json\/wp\/v2\/posts\/89062\/revisions"}],"wp:featuredmedia":[{"embeddable":true,"href":"https:\/\/cdnoticias.com\/index.php\/wp-json\/wp\/v2\/media\/89085"}],"wp:attachment":[{"href":"https:\/\/cdnoticias.com\/index.php\/wp-json\/wp\/v2\/media?parent=89062"}],"wp:term":[{"taxonomy":"category","embeddable":true,"href":"https:\/\/cdnoticias.com\/index.php\/wp-json\/wp\/v2\/categories?post=89062"},{"taxonomy":"post_tag","embeddable":true,"href":"https:\/\/cdnoticias.com\/index.php\/wp-json\/wp\/v2\/tags?post=89062"}],"curies":[{"name":"wp","href":"https:\/\/api.w.org\/{rel}","templated":true}]}}