{"id":89005,"date":"2023-07-02T12:00:10","date_gmt":"2023-07-02T15:00:10","guid":{"rendered":"https:\/\/www.centraldenoticias.com.ar\/?p=89005"},"modified":"2023-07-02T12:00:10","modified_gmt":"2023-07-02T15:00:10","slug":"el-poeta-jesus-iribarren-visito-el-pabellon-literario-de-la-unidad-38","status":"publish","type":"post","link":"https:\/\/cdnoticias.com\/index.php\/2023\/07\/02\/el-poeta-jesus-iribarren-visito-el-pabellon-literario-de-la-unidad-38\/","title":{"rendered":"El poeta Jes\u00fas Iribarren visit\u00f3 el Pabell\u00f3n literario de la Unidad 38"},"content":{"rendered":"<p>Sobre la visita, el tallerista Matias Verna expres\u00f3 que \u201ces importante que nos acerquemos a la realidad de los escritores que no es tan lejana a la nuestra&#8221;.<br \/>\n<!--more--><\/p>\n<hr \/>\n<p>Como parte del ciclo de visitas de<strong> escritores locales al pabell\u00f3n literario<\/strong>, el poeta de Pringles radicado en Olavarr\u00eda, <strong>Jes\u00fas Iribarren<\/strong> estuvo en el <strong>Pabell\u00f3n N\u00b0 12 de la Unidad 38<\/strong> para compartir una jornada distinta con los integrantes de dicho sector.<\/p>\n<p>&nbsp;<\/p>\n<p>Iribarren, de una extensa y rica trayectoria, public\u00f3 como finalista del III Premio Internacional de Poes\u00eda Jovellanos, su poema \u201c<em><strong>Los fracasos llevan tiempo\u201d,<\/strong> <\/em>incluido dentro de la antolog\u00eda de Ediciones Nobel (Espa\u00f1a).<\/p>\n<p>&nbsp;<\/p>\n<p>Adem\u00e1s colabor\u00f3 en la plataforma www.liberoamericana.com, ha publicado los libros de poes\u00eda &#8220;<em><strong>Verg\u00fcenza&#8221;<\/strong><\/em> (Zindo&amp;Gafuri Ediciones, 2017) y &#8220;<em><strong>Pas\u00f3 el Reviente&#8221;<\/strong> <\/em>(El ojo del m\u00e1rmol, 2017). En 2019, public\u00f3 dos poemas en la editorial santafecina Arroyo Leyes Ediciones y en 2021 por Halley Ediciones, &#8220;<em><strong>La Geometr\u00eda de lo que se recuerda&#8221;.<\/strong><\/em><\/p>\n<p>&nbsp;<\/p>\n<p><img data-recalc-dims=\"1\" loading=\"lazy\" decoding=\"async\" class=\"aligncenter wp-image-89007 size-full\" src=\"https:\/\/i0.wp.com\/cdnoticias.com\/wp-content\/uploads\/2023\/07\/U38-Jesus-Iribarren-visito-el-Pabellon-literario-Junio-2023.jpg?resize=640%2C480&#038;ssl=1\" alt=\"\" width=\"640\" height=\"480\" srcset=\"https:\/\/i0.wp.com\/cdnoticias.com\/wp-content\/uploads\/2023\/07\/U38-Jesus-Iribarren-visito-el-Pabellon-literario-Junio-2023.jpg?w=640&amp;ssl=1 640w, https:\/\/i0.wp.com\/cdnoticias.com\/wp-content\/uploads\/2023\/07\/U38-Jesus-Iribarren-visito-el-Pabellon-literario-Junio-2023.jpg?resize=300%2C225&amp;ssl=1 300w\" sizes=\"auto, (max-width: 640px) 100vw, 640px\" \/><\/p>\n<p>&nbsp;<\/p>\n<p>Iribarren cont\u00f3 sobre sus comienzos en la escritura, sus lecturas iniciales, su ciudad natal, la casa de su abuela, su t\u00edtulo de abogado y su pasi\u00f3n por la literatura que hoy lo encuentra como estudiante avanzado en el profesorado que se dicta en el ISFD 22 de Olavarr\u00eda.<\/p>\n<p>&nbsp;<\/p>\n<p><em>\u201cLean, escriban, permitan que otros juzguen sus textos, acepten sugerencias y sigan as\u00ed, incorporando conocimientos en este contexto, que de a poco est\u00e1n haciendo un gran cambio\u201d<\/em> dijo el escritor. Para cerrar la jornada, Iribarne ley\u00f3 algunos poemas que fueron coronados con un aplauso cerrado por parte de los presentes.<\/p>\n<p>&nbsp;<\/p>\n<p>Finalmente, <strong>Mat\u00edas Verna,<\/strong> tallerista voluntario y moderador del encuentro destac\u00f3 que \u201c<em><strong>es importante que nos acerquemos a la realidad de los escritores que no es tan lejana a la nuestra, por eso valoramos la visita de este amigo que hoy se suma a la historia de nuestro pabell\u00f3n\u201d.<\/strong><\/em><\/p>\n","protected":false},"excerpt":{"rendered":"<p>Sobre la visita, el tallerista Matias Verna expres\u00f3 que \u201ces importante que nos acerquemos a la realidad de los escritores<\/p>\n","protected":false},"author":6,"featured_media":89008,"comment_status":"closed","ping_status":"closed","sticky":false,"template":"","format":"standard","meta":{"_jetpack_memberships_contains_paid_content":false,"footnotes":""},"categories":[5,1],"tags":[],"class_list":["post-89005","post","type-post","status-publish","format-standard","has-post-thumbnail","hentry","category-informacion-general","category-portada"],"jetpack_featured_media_url":"https:\/\/i0.wp.com\/cdnoticias.com\/wp-content\/uploads\/2023\/07\/U38-Jesus-Iribarren-visito-el-Pabellon-literario-Junio-2023c.jpg?fit=640%2C480&ssl=1","jetpack_sharing_enabled":true,"_links":{"self":[{"href":"https:\/\/cdnoticias.com\/index.php\/wp-json\/wp\/v2\/posts\/89005","targetHints":{"allow":["GET"]}}],"collection":[{"href":"https:\/\/cdnoticias.com\/index.php\/wp-json\/wp\/v2\/posts"}],"about":[{"href":"https:\/\/cdnoticias.com\/index.php\/wp-json\/wp\/v2\/types\/post"}],"author":[{"embeddable":true,"href":"https:\/\/cdnoticias.com\/index.php\/wp-json\/wp\/v2\/users\/6"}],"replies":[{"embeddable":true,"href":"https:\/\/cdnoticias.com\/index.php\/wp-json\/wp\/v2\/comments?post=89005"}],"version-history":[{"count":0,"href":"https:\/\/cdnoticias.com\/index.php\/wp-json\/wp\/v2\/posts\/89005\/revisions"}],"wp:featuredmedia":[{"embeddable":true,"href":"https:\/\/cdnoticias.com\/index.php\/wp-json\/wp\/v2\/media\/89008"}],"wp:attachment":[{"href":"https:\/\/cdnoticias.com\/index.php\/wp-json\/wp\/v2\/media?parent=89005"}],"wp:term":[{"taxonomy":"category","embeddable":true,"href":"https:\/\/cdnoticias.com\/index.php\/wp-json\/wp\/v2\/categories?post=89005"},{"taxonomy":"post_tag","embeddable":true,"href":"https:\/\/cdnoticias.com\/index.php\/wp-json\/wp\/v2\/tags?post=89005"}],"curies":[{"name":"wp","href":"https:\/\/api.w.org\/{rel}","templated":true}]}}