{"id":88980,"date":"2023-07-01T16:30:47","date_gmt":"2023-07-01T19:30:47","guid":{"rendered":"https:\/\/www.centraldenoticias.com.ar\/?p=88980"},"modified":"2023-07-01T16:30:47","modified_gmt":"2023-07-01T19:30:47","slug":"coopelectric-insta-a-los-usuarios-a-inscribirse-en-el-registro-para-mantener-los-subsidios","status":"publish","type":"post","link":"https:\/\/cdnoticias.com\/index.php\/2023\/07\/01\/coopelectric-insta-a-los-usuarios-a-inscribirse-en-el-registro-para-mantener-los-subsidios\/","title":{"rendered":"Coopelectric insta a los usuarios a inscribirse en el registro para mantener los subsidios"},"content":{"rendered":"<p>La distribuidora local de electricidad record\u00f3 que a partir de este mes, los usuarios ver\u00e1n reflejados en sus facturas aumentos derivados de resoluciones de Provincia y Naci\u00f3n. Hay 17 mil usuarios locales en el segmento de mayores ingresos.<\/p>\n<p><!--more--><\/p>\n<hr \/>\n<p><strong>A partir del mes de julio los usuarios del Servicio El\u00e9ctrico<\/strong> ver\u00e1n reflejado en sus facturas los<strong> aumentos<\/strong> establecidos por las Resoluciones N\u00ba 477\/23 (referida al Valor Agregado de Distribuci\u00f3n dispuesta por el Gobierno Provincial) y 734\/23 (sobre el incremento del costo mayorista de la energ\u00eda y quita de subsidios dispuesta por el Gobierno Nacional) del Ministerio de Infraestructura y Servicios P\u00fablicos de la Provincia de Buenos Aires, para los consumos registrados a partir del 12 abril de 2023.<\/p>\n<p>&nbsp;<\/p>\n<blockquote><p>\u201cTodas las categor\u00edas de usuarios percibir\u00e1n el aumento correspondiente al Valor Agregado de Distribuci\u00f3n, mientras que la quita de subsidios se realizar\u00e1 de acuerdo a los Niveles de segmentaci\u00f3n en los que fueron encuadrados los usuarios\u201d record\u00f3 Coopelectric.<\/p><\/blockquote>\n<p>&nbsp;<\/p>\n<p>En tal sentido, dichos aumentos <strong>impactar\u00e1n especialmente en los usuarios que por la segmentaci\u00f3n tarifaria fueron categorizados dentro del Nivel 1<\/strong> &#8211; mayores ingresos &#8211; con quita plena de subsidios.<\/p>\n<p>&nbsp;<\/p>\n<p>Los usuarios del <strong>Nivel 3 &#8211; ingresos medios &#8211; mantendr\u00e1n una parte de la tarifa subsidiada<\/strong>, pero s\u00f3lo en el caso de no superar los 400 kWh mensuales que es el tope de consumo estipulado. Superado ese tope comenzar\u00e1n a pagar la tarifa plena.<\/p>\n<p>&nbsp;<\/p>\n<p><img data-recalc-dims=\"1\" loading=\"lazy\" decoding=\"async\" class=\"size-full wp-image-64928 aligncenter\" src=\"https:\/\/i0.wp.com\/cdnoticias.com\/wp-content\/uploads\/2022\/09\/DIB-electricidad.jpeg?resize=696%2C464&#038;ssl=1\" alt=\"\" width=\"696\" height=\"464\" srcset=\"https:\/\/i0.wp.com\/cdnoticias.com\/wp-content\/uploads\/2022\/09\/DIB-electricidad.jpeg?w=696&amp;ssl=1 696w, https:\/\/i0.wp.com\/cdnoticias.com\/wp-content\/uploads\/2022\/09\/DIB-electricidad.jpeg?resize=300%2C200&amp;ssl=1 300w, https:\/\/i0.wp.com\/cdnoticias.com\/wp-content\/uploads\/2022\/09\/DIB-electricidad.jpeg?resize=272%2C182&amp;ssl=1 272w\" sizes=\"auto, (max-width: 696px) 100vw, 696px\" \/><\/p>\n<p>&nbsp;<\/p>\n<p>En tanto, los <strong>usuarios categorizados en el Nivel 2 &#8211; menores ingresos &#8211; mantendr\u00e1n el subsidio<\/strong> y percibir\u00e1n los incrementos correspondientes a la Resoluci\u00f3n N\u00ba 477\/23 MIySP.<\/p>\n<p>&nbsp;<\/p>\n<p>El Registro de Acceso a los Subsidios a la Energ\u00eda (RASE) considera que<strong> la no inscripci\u00f3n responde a que los usuarios no cumplen con los requisitos necesarios para mantener el subsidio<\/strong>, por lo cual quienes no se inscribieron han sido encuadrados en el Nivel 1 (altos ingresos) con la consecuente quita de subsidios.<\/p>\n<p>&nbsp;<\/p>\n<blockquote><p>El segmento del Nivel 1 abarca en Olavarr\u00eda a 17 mil hogares y se estima que a un porcentaje de estas personas les corresponde el subsidio, pero no pudieron completar el tr\u00e1mite online del registro.<\/p><\/blockquote>\n<p>&nbsp;<\/p>\n<p>Por tal motivo, quienes a\u00fan no se inscribieron para mantener el subsidio pueden hacerlo a trav\u00e9s de <strong>www.argentina.gob.ar\/subsidios<\/strong>. Por dudas o inquietudes tambi\u00e9n podr\u00e1n<strong> acercarse de lunes a viernes de 7:30 a 14:30 hs. a la sede administrativa de Coopelectric<\/strong> (Belgrano N\u00ba 2850) para recibir el asesoramiento pertinente.<\/p>\n<p>&nbsp;<\/p>\n<p>Finalmente, cabe aclarar que<strong> los usuarios que perciben el beneficio de la Tarifa Social, tambi\u00e9n deben registrarse<\/strong> para mantener el subsidio dado que, en caso de perder esta Categor\u00eda autom\u00e1ticamente quedar\u00edan encuadrados en el Nivel 1 de altos ingresos y se les quitar\u00e1 el subsidio.<\/p>\n<p>&nbsp;<\/p>\n","protected":false},"excerpt":{"rendered":"<p>La distribuidora local de electricidad record\u00f3 que a partir de este mes, los usuarios ver\u00e1n reflejados en sus facturas aumentos<\/p>\n","protected":false},"author":4,"featured_media":453,"comment_status":"closed","ping_status":"closed","sticky":false,"template":"","format":"standard","meta":{"_jetpack_memberships_contains_paid_content":false,"footnotes":""},"categories":[5,1],"tags":[],"class_list":["post-88980","post","type-post","status-publish","format-standard","has-post-thumbnail","hentry","category-informacion-general","category-portada"],"jetpack_featured_media_url":"https:\/\/i0.wp.com\/cdnoticias.com\/wp-content\/uploads\/2020\/09\/DSC_8512.jpg?fit=4608%2C3072&ssl=1","jetpack_sharing_enabled":true,"_links":{"self":[{"href":"https:\/\/cdnoticias.com\/index.php\/wp-json\/wp\/v2\/posts\/88980","targetHints":{"allow":["GET"]}}],"collection":[{"href":"https:\/\/cdnoticias.com\/index.php\/wp-json\/wp\/v2\/posts"}],"about":[{"href":"https:\/\/cdnoticias.com\/index.php\/wp-json\/wp\/v2\/types\/post"}],"author":[{"embeddable":true,"href":"https:\/\/cdnoticias.com\/index.php\/wp-json\/wp\/v2\/users\/4"}],"replies":[{"embeddable":true,"href":"https:\/\/cdnoticias.com\/index.php\/wp-json\/wp\/v2\/comments?post=88980"}],"version-history":[{"count":0,"href":"https:\/\/cdnoticias.com\/index.php\/wp-json\/wp\/v2\/posts\/88980\/revisions"}],"wp:featuredmedia":[{"embeddable":true,"href":"https:\/\/cdnoticias.com\/index.php\/wp-json\/wp\/v2\/media\/453"}],"wp:attachment":[{"href":"https:\/\/cdnoticias.com\/index.php\/wp-json\/wp\/v2\/media?parent=88980"}],"wp:term":[{"taxonomy":"category","embeddable":true,"href":"https:\/\/cdnoticias.com\/index.php\/wp-json\/wp\/v2\/categories?post=88980"},{"taxonomy":"post_tag","embeddable":true,"href":"https:\/\/cdnoticias.com\/index.php\/wp-json\/wp\/v2\/tags?post=88980"}],"curies":[{"name":"wp","href":"https:\/\/api.w.org\/{rel}","templated":true}]}}