{"id":88978,"date":"2023-07-02T09:02:29","date_gmt":"2023-07-02T12:02:29","guid":{"rendered":"https:\/\/www.centraldenoticias.com.ar\/?p=88978"},"modified":"2023-07-02T13:00:26","modified_gmt":"2023-07-02T16:00:26","slug":"alerta-por-tormenta-para-olavarria-este-domingo","status":"publish","type":"post","link":"https:\/\/cdnoticias.com\/index.php\/2023\/07\/02\/alerta-por-tormenta-para-olavarria-este-domingo\/","title":{"rendered":"Alerta por tormenta para Olavarr\u00eda este domingo"},"content":{"rendered":"<p>Se pronosticaron lluvias para gran parte del centro y la costa bonaerense. \u201cR\u00e1fagas, ocasional ca\u00edda de granizo y abundante ca\u00edda de agua\u201d anunci\u00f3 el Servicio Meteorol\u00f3gico Nacional.<\/p>\n<p><!--more--><\/p>\n<hr \/>\n<p>Un <strong>alerta de nivel amarillo<\/strong> se emiti\u00f3 para este <strong>domingo<\/strong> para gran parte del centro y la costa bonaerense.<\/p>\n<p>&nbsp;<\/p>\n<p>El Servicio Meteorol\u00f3gico Nacional ubic\u00f3 a <strong>Olavarr\u00eda, Laprida y La Madrid<\/strong> en este alerta por tormenta para la tarde y noche del domingo.<\/p>\n<p>&nbsp;<\/p>\n<blockquote><p>\u201cEl \u00e1rea ser\u00e1 afectada por lluvias y tormentas, algunas localmente fuertes, acompa\u00f1adas de r\u00e1fagas, ocasional ca\u00edda de granizo y abundante ca\u00edda de agua en cortos periodos. Se estiman valores totales de precipitaci\u00f3n entre 15 y 40 mm, pudiendo ser superados de forma puntual\u201d se inform\u00f3.<\/p><\/blockquote>\n<p>&nbsp;<\/p>\n","protected":false},"excerpt":{"rendered":"<p>Se pronosticaron lluvias para gran parte del centro y la costa bonaerense. \u201cR\u00e1fagas, ocasional ca\u00edda de granizo y abundante ca\u00edda<\/p>\n","protected":false},"author":4,"featured_media":61443,"comment_status":"closed","ping_status":"closed","sticky":false,"template":"","format":"standard","meta":{"_jetpack_memberships_contains_paid_content":false,"footnotes":""},"categories":[5,1],"tags":[],"class_list":["post-88978","post","type-post","status-publish","format-standard","has-post-thumbnail","hentry","category-informacion-general","category-portada"],"jetpack_featured_media_url":"https:\/\/i0.wp.com\/cdnoticias.com\/wp-content\/uploads\/2022\/08\/lluvia-tormenta-clima-00.jpg?fit=800%2C445&ssl=1","jetpack_sharing_enabled":true,"_links":{"self":[{"href":"https:\/\/cdnoticias.com\/index.php\/wp-json\/wp\/v2\/posts\/88978","targetHints":{"allow":["GET"]}}],"collection":[{"href":"https:\/\/cdnoticias.com\/index.php\/wp-json\/wp\/v2\/posts"}],"about":[{"href":"https:\/\/cdnoticias.com\/index.php\/wp-json\/wp\/v2\/types\/post"}],"author":[{"embeddable":true,"href":"https:\/\/cdnoticias.com\/index.php\/wp-json\/wp\/v2\/users\/4"}],"replies":[{"embeddable":true,"href":"https:\/\/cdnoticias.com\/index.php\/wp-json\/wp\/v2\/comments?post=88978"}],"version-history":[{"count":0,"href":"https:\/\/cdnoticias.com\/index.php\/wp-json\/wp\/v2\/posts\/88978\/revisions"}],"wp:featuredmedia":[{"embeddable":true,"href":"https:\/\/cdnoticias.com\/index.php\/wp-json\/wp\/v2\/media\/61443"}],"wp:attachment":[{"href":"https:\/\/cdnoticias.com\/index.php\/wp-json\/wp\/v2\/media?parent=88978"}],"wp:term":[{"taxonomy":"category","embeddable":true,"href":"https:\/\/cdnoticias.com\/index.php\/wp-json\/wp\/v2\/categories?post=88978"},{"taxonomy":"post_tag","embeddable":true,"href":"https:\/\/cdnoticias.com\/index.php\/wp-json\/wp\/v2\/tags?post=88978"}],"curies":[{"name":"wp","href":"https:\/\/api.w.org\/{rel}","templated":true}]}}