{"id":88970,"date":"2023-07-01T14:45:29","date_gmt":"2023-07-01T17:45:29","guid":{"rendered":"https:\/\/www.centraldenoticias.com.ar\/?p=88970"},"modified":"2023-07-01T20:31:03","modified_gmt":"2023-07-01T23:31:03","slug":"con-el-inicio-formal-de-la-campana-primera-salida-de-wesner-y-su-militancia","status":"publish","type":"post","link":"https:\/\/cdnoticias.com\/index.php\/2023\/07\/01\/con-el-inicio-formal-de-la-campana-primera-salida-de-wesner-y-su-militancia\/","title":{"rendered":"Con el inicio formal de la campa\u00f1a, primera salida de Wesner y su militancia"},"content":{"rendered":"<p>El punto de encuentro fue Sarmiento y Jun\u00edn. Estuvieron varios precandidatos de la lista local. \u201cSigamos construyendo la victoria en Olavarr\u00eda\u201d dijo Wesner.<\/p>\n<p><!--more--><\/p>\n<hr \/>\n<p>Este <strong>s\u00e1bado por la ma\u00f1ana<\/strong>, numerosos <strong>militantes de Uni\u00f3n por la Patria<\/strong> que apoyan la <strong>precandidatura de Maximiliano Wesner<\/strong> a la intendencia de Olavarr\u00eda se reunieron en <strong>Sarmiento y Jun\u00edn<\/strong>.<\/p>\n<p>&nbsp;<\/p>\n<p>Con visible entusiasmo de los asistentes, la actividad consisti\u00f3 en un<strong> encuentro para escuchar la arenga de Wesner<\/strong> y tras ello <strong>una recorrida casa por casa<\/strong> por los barrios aleda\u00f1os. \u00a0El dirigente lleg\u00f3 al sector pasadas las 10 y salud\u00f3 uno por uno a todos los reunidos.<\/p>\n<p>&nbsp;<\/p>\n<p><img data-recalc-dims=\"1\" loading=\"lazy\" decoding=\"async\" class=\"size-full wp-image-88973 aligncenter\" src=\"https:\/\/i0.wp.com\/cdnoticias.com\/wp-content\/uploads\/2023\/07\/maxi-wesner-inicio-de-campana-00.jpg?resize=800%2C445&#038;ssl=1\" alt=\"\" width=\"800\" height=\"445\" srcset=\"https:\/\/i0.wp.com\/cdnoticias.com\/wp-content\/uploads\/2023\/07\/maxi-wesner-inicio-de-campana-00.jpg?w=800&amp;ssl=1 800w, https:\/\/i0.wp.com\/cdnoticias.com\/wp-content\/uploads\/2023\/07\/maxi-wesner-inicio-de-campana-00.jpg?resize=300%2C167&amp;ssl=1 300w, https:\/\/i0.wp.com\/cdnoticias.com\/wp-content\/uploads\/2023\/07\/maxi-wesner-inicio-de-campana-00.jpg?resize=768%2C427&amp;ssl=1 768w\" sizes=\"auto, (max-width: 800px) 100vw, 800px\" \/><\/p>\n<p>&nbsp;<\/p>\n<p>Estuvieron entre los presentes <strong>los precandidatos a concejales<\/strong>, a <strong>consejeros escolares<\/strong> y tambi\u00e9n la <strong>precandidata a diputada provincial Mercedes Land\u00edvar<\/strong>.<\/p>\n<p>&nbsp;<\/p>\n<p>Formaron parte de la reuni\u00f3n tambi\u00e9n el <strong>diputado provincial C\u00e9sar Valicenti<\/strong>, uno de los directivos de la recientemente formada CGT local, el <strong>referente de camioneros Jorge De Crecchio<\/strong>. Ambos fueron mencionados por Wesner en su discurso, al igual que hizo una referencia a la <strong>dirigencia de AOMA<\/strong>, en cuya sede se desarroll\u00f3 una jornada de \u201cEl estado cerca tuyo\u201d, donde el director de Anses y concejal hab\u00eda estado previamente.<\/p>\n<p>&nbsp;<\/p>\n<p><img data-recalc-dims=\"1\" loading=\"lazy\" decoding=\"async\" class=\"size-full wp-image-88974 aligncenter\" src=\"https:\/\/i0.wp.com\/cdnoticias.com\/wp-content\/uploads\/2023\/07\/maxi-wesner-inicio-de-campana-01.jpg?resize=800%2C445&#038;ssl=1\" alt=\"\" width=\"800\" height=\"445\" srcset=\"https:\/\/i0.wp.com\/cdnoticias.com\/wp-content\/uploads\/2023\/07\/maxi-wesner-inicio-de-campana-01.jpg?w=800&amp;ssl=1 800w, https:\/\/i0.wp.com\/cdnoticias.com\/wp-content\/uploads\/2023\/07\/maxi-wesner-inicio-de-campana-01.jpg?resize=300%2C167&amp;ssl=1 300w, https:\/\/i0.wp.com\/cdnoticias.com\/wp-content\/uploads\/2023\/07\/maxi-wesner-inicio-de-campana-01.jpg?resize=768%2C427&amp;ssl=1 768w\" sizes=\"auto, (max-width: 800px) 100vw, 800px\" \/><\/p>\n<p>&nbsp;<\/p>\n<p>En los terrenos ubicados en Sarmiento y Jun\u00edn ya comenz\u00f3 la <strong>construcci\u00f3n del barrio CECO III<\/strong> &#8211;<a href=\"https:\/\/cdnoticias.com\/index.php\/2023\/05\/19\/ceco-iii-la-semana-proxima-comenzara-oficialmente-la-construccion-de-las-100-viviendas\/\" target=\"_blank\" rel=\"noopener\">con impulso del sindicato de los empleados de comercio y del Instituto de la Vivienda<\/a>&#8211; y justamente eso fue <strong>uno de los aspectos que mencion\u00f3 Maximiliano Wesner<\/strong> en su breve discurso a la militancia.<\/p>\n<p>&nbsp;<\/p>\n<p>Hizo hincapi\u00e9 primero en su agradecimiento a <strong>\u201clos much\u00edsimos olavarrienses, les agradezco la tenacidad, el compromiso, la militancia\u201d<\/strong>. Luego mencion\u00f3 su <strong>propuesta de construir \u201c100 viviendas por a\u00f1o\u201d<\/strong>.<\/p>\n<p>&nbsp;<\/p>\n<p><img data-recalc-dims=\"1\" loading=\"lazy\" decoding=\"async\" class=\"size-full wp-image-88972 aligncenter\" src=\"https:\/\/i0.wp.com\/cdnoticias.com\/wp-content\/uploads\/2023\/07\/maxi-wesner-inicio-de-campana-03.jpg?resize=800%2C445&#038;ssl=1\" alt=\"\" width=\"800\" height=\"445\" srcset=\"https:\/\/i0.wp.com\/cdnoticias.com\/wp-content\/uploads\/2023\/07\/maxi-wesner-inicio-de-campana-03.jpg?w=800&amp;ssl=1 800w, https:\/\/i0.wp.com\/cdnoticias.com\/wp-content\/uploads\/2023\/07\/maxi-wesner-inicio-de-campana-03.jpg?resize=300%2C167&amp;ssl=1 300w, https:\/\/i0.wp.com\/cdnoticias.com\/wp-content\/uploads\/2023\/07\/maxi-wesner-inicio-de-campana-03.jpg?resize=768%2C427&amp;ssl=1 768w\" sizes=\"auto, (max-width: 800px) 100vw, 800px\" \/><\/p>\n<p>&nbsp;<\/p>\n<p>En el \u00faltimo tramo de su discurso se refiri\u00f3 a la impronta de la campa\u00f1a electoral que ya comenz\u00f3 formalmente donde plante\u00f3 la <strong>\u201cresponsabilidad de llegarle al vecino\u201d<\/strong>.<\/p>\n<p>&nbsp;<\/p>\n<blockquote><p>Defini\u00f3 que \u201calgo nuevo se est\u00e1 gestando\u201d y pidi\u00f3 \u201csigamos construyendo la victoria en Olavarr\u00eda\u201d.<\/p><\/blockquote>\n<p>&nbsp;<\/p>\n<p>Al cierre del encuentro, los presentes salieron en grupos para la recorrida con el reparto de folleter\u00eda y el contacto con los vecinos.<\/p>\n<p>&nbsp;<\/p>\n","protected":false},"excerpt":{"rendered":"<p>El punto de encuentro fue Sarmiento y Jun\u00edn. Estuvieron varios precandidatos de la lista local. \u201cSigamos construyendo la victoria en<\/p>\n","protected":false},"author":4,"featured_media":88971,"comment_status":"closed","ping_status":"closed","sticky":false,"template":"","format":"standard","meta":{"_jetpack_memberships_contains_paid_content":false,"footnotes":""},"categories":[4,1],"tags":[],"class_list":["post-88970","post","type-post","status-publish","format-standard","has-post-thumbnail","hentry","category-politica","category-portada"],"jetpack_featured_media_url":"https:\/\/i0.wp.com\/cdnoticias.com\/wp-content\/uploads\/2023\/07\/maxi-wesner-inicio-de-campana-02.jpg?fit=800%2C445&ssl=1","jetpack_sharing_enabled":true,"_links":{"self":[{"href":"https:\/\/cdnoticias.com\/index.php\/wp-json\/wp\/v2\/posts\/88970","targetHints":{"allow":["GET"]}}],"collection":[{"href":"https:\/\/cdnoticias.com\/index.php\/wp-json\/wp\/v2\/posts"}],"about":[{"href":"https:\/\/cdnoticias.com\/index.php\/wp-json\/wp\/v2\/types\/post"}],"author":[{"embeddable":true,"href":"https:\/\/cdnoticias.com\/index.php\/wp-json\/wp\/v2\/users\/4"}],"replies":[{"embeddable":true,"href":"https:\/\/cdnoticias.com\/index.php\/wp-json\/wp\/v2\/comments?post=88970"}],"version-history":[{"count":0,"href":"https:\/\/cdnoticias.com\/index.php\/wp-json\/wp\/v2\/posts\/88970\/revisions"}],"wp:featuredmedia":[{"embeddable":true,"href":"https:\/\/cdnoticias.com\/index.php\/wp-json\/wp\/v2\/media\/88971"}],"wp:attachment":[{"href":"https:\/\/cdnoticias.com\/index.php\/wp-json\/wp\/v2\/media?parent=88970"}],"wp:term":[{"taxonomy":"category","embeddable":true,"href":"https:\/\/cdnoticias.com\/index.php\/wp-json\/wp\/v2\/categories?post=88970"},{"taxonomy":"post_tag","embeddable":true,"href":"https:\/\/cdnoticias.com\/index.php\/wp-json\/wp\/v2\/tags?post=88970"}],"curies":[{"name":"wp","href":"https:\/\/api.w.org\/{rel}","templated":true}]}}