{"id":88962,"date":"2023-07-02T18:53:13","date_gmt":"2023-07-02T21:53:13","guid":{"rendered":"https:\/\/www.centraldenoticias.com.ar\/?p=88962"},"modified":"2023-07-02T18:53:13","modified_gmt":"2023-07-02T21:53:13","slug":"el-lunes-eduardo-rodriguez-presenta-su-lista-de-precandidatos","status":"publish","type":"post","link":"https:\/\/cdnoticias.com\/index.php\/2023\/07\/02\/el-lunes-eduardo-rodriguez-presenta-su-lista-de-precandidatos\/","title":{"rendered":"El lunes, Eduardo Rodr\u00edguez presenta su lista de precandidatos"},"content":{"rendered":"<p>El precandidato a Intendente por Uni\u00f3n por la Patria, en representaci\u00f3n del Frente Renovador y Sergio Massa, encabezar\u00e1 el evento en el Club Pueblo Nuevo a las 19 y lo acompa\u00f1ar\u00e1n los precandidatos y precandidatas que completan la lista.<\/p>\n<p><!--more--><\/p>\n<hr \/>\n<p><strong>Eduardo Rodr\u00edguez<\/strong> presentar\u00e1 a los medios su <strong>lista oficial por Uni\u00f3n por la Patria<\/strong> que encabeza Sergio Massa, de cara a las PASO del 13 de agosto. Ser\u00e1 el <strong>lunes 3 de julio en el Club Pueblo Nuevo a las 19 horas<\/strong>.<\/p>\n<p>&nbsp;<\/p>\n<blockquote><p>Eduardo Rodr\u00edguez expres\u00f3: \u201ccontamos con un equipo con la experiencia, el compromiso y la capacidad de generar una propuesta amplia, diversa y superadora a la actual gesti\u00f3n Municipal\u201d. Al mismo tiempo, sostuvo \u201cnos mueven las ganas de trabajar para que el Partido de Olavarr\u00eda vuelva a la senda del progreso y el desarrollo\u201d.<\/p><\/blockquote>\n<p>&nbsp;<\/p>\n<p>Por otro lado, el precandidato a Intendente destac\u00f3 la <strong>pluralidad y diversidad<\/strong> de las personas que lo acompa\u00f1ar\u00e1n en este proceso de cara a las PASO. Sobre esto, sostuvo que <em>\u201cla lista est\u00e1 integrada por referentes de la ciudad y las localidades, ex concejales y ex funcionarios con reconocida inserci\u00f3n comunitaria&#8221;<\/em>.<\/p>\n<p>&nbsp;<\/p>\n<p><strong>&#8220;Queremos que a partir de diciembre Olavarr\u00eda se sume al proyecto de desarrollo y producci\u00f3n que viene con Sergio Massa&#8221;<\/strong>, destac\u00f3 Rodr\u00edguez.<\/p>\n<p>&nbsp;<\/p>\n<blockquote class=\"wp-embedded-content\" data-secret=\"JqnWyjxCXs\"><p><a href=\"https:\/\/cdnoticias.com\/index.php\/2023\/06\/24\/eduardo-rodriguez-presento-su-lista-de-candidatos-a-concejales-y-consejeros-escolares\/\">Eduardo Rodr\u00edguez present\u00f3 su lista de candidatos a concejales y consejeros escolares<\/a><\/p><\/blockquote>\n<p><iframe loading=\"lazy\" class=\"wp-embedded-content\" sandbox=\"allow-scripts\" security=\"restricted\" style=\"position: absolute; clip: rect(1px, 1px, 1px, 1px);\" title=\"&#8220;Eduardo Rodr\u00edguez present\u00f3 su lista de candidatos a concejales y consejeros escolares&#8221; &#8212; Central de Noticias | Olavarr\u00eda\" src=\"https:\/\/cdnoticias.com\/index.php\/2023\/06\/24\/eduardo-rodriguez-presento-su-lista-de-candidatos-a-concejales-y-consejeros-escolares\/embed\/#?secret=a166CzXuy6#?secret=JqnWyjxCXs\" data-secret=\"JqnWyjxCXs\" width=\"600\" height=\"338\" frameborder=\"0\" marginwidth=\"0\" marginheight=\"0\" scrolling=\"no\"><\/iframe><\/p>\n<p>&nbsp;<\/p>\n","protected":false},"excerpt":{"rendered":"<p>El precandidato a Intendente por Uni\u00f3n por la Patria, en representaci\u00f3n del Frente Renovador y Sergio Massa, encabezar\u00e1 el evento<\/p>\n","protected":false},"author":4,"featured_media":88964,"comment_status":"closed","ping_status":"closed","sticky":false,"template":"","format":"standard","meta":{"_jetpack_memberships_contains_paid_content":false,"footnotes":""},"categories":[4,1],"tags":[],"class_list":["post-88962","post","type-post","status-publish","format-standard","has-post-thumbnail","hentry","category-politica","category-portada"],"jetpack_featured_media_url":"https:\/\/i0.wp.com\/cdnoticias.com\/wp-content\/uploads\/2023\/07\/eduardo-rodriguez-raul-kuhn-00.jpg?fit=800%2C445&ssl=1","jetpack_sharing_enabled":true,"_links":{"self":[{"href":"https:\/\/cdnoticias.com\/index.php\/wp-json\/wp\/v2\/posts\/88962","targetHints":{"allow":["GET"]}}],"collection":[{"href":"https:\/\/cdnoticias.com\/index.php\/wp-json\/wp\/v2\/posts"}],"about":[{"href":"https:\/\/cdnoticias.com\/index.php\/wp-json\/wp\/v2\/types\/post"}],"author":[{"embeddable":true,"href":"https:\/\/cdnoticias.com\/index.php\/wp-json\/wp\/v2\/users\/4"}],"replies":[{"embeddable":true,"href":"https:\/\/cdnoticias.com\/index.php\/wp-json\/wp\/v2\/comments?post=88962"}],"version-history":[{"count":0,"href":"https:\/\/cdnoticias.com\/index.php\/wp-json\/wp\/v2\/posts\/88962\/revisions"}],"wp:featuredmedia":[{"embeddable":true,"href":"https:\/\/cdnoticias.com\/index.php\/wp-json\/wp\/v2\/media\/88964"}],"wp:attachment":[{"href":"https:\/\/cdnoticias.com\/index.php\/wp-json\/wp\/v2\/media?parent=88962"}],"wp:term":[{"taxonomy":"category","embeddable":true,"href":"https:\/\/cdnoticias.com\/index.php\/wp-json\/wp\/v2\/categories?post=88962"},{"taxonomy":"post_tag","embeddable":true,"href":"https:\/\/cdnoticias.com\/index.php\/wp-json\/wp\/v2\/tags?post=88962"}],"curies":[{"name":"wp","href":"https:\/\/api.w.org\/{rel}","templated":true}]}}