{"id":88901,"date":"2023-06-30T17:09:05","date_gmt":"2023-06-30T20:09:05","guid":{"rendered":"https:\/\/www.centraldenoticias.com.ar\/?p=88901"},"modified":"2023-06-30T17:09:05","modified_gmt":"2023-06-30T20:09:05","slug":"el-gobierno-prorrogo-ahora-12-pero-regira-solo-para-empresas-adheridas-a-precios-justos","status":"publish","type":"post","link":"https:\/\/cdnoticias.com\/index.php\/2023\/06\/30\/el-gobierno-prorrogo-ahora-12-pero-regira-solo-para-empresas-adheridas-a-precios-justos\/","title":{"rendered":"El Gobierno prorrog\u00f3 Ahora 12, pero regir\u00e1 solo para empresas adheridas a Precios Justos"},"content":{"rendered":"<p>Se extendi\u00f3 hasta enero. Hay excepciones. La Secretar\u00eda de Comercio hizo oficial los cambios. Qu\u00e9 rubros integran el programa.<\/p>\n<p><!--more--><\/p>\n<hr \/>\n<p>La<strong> Secretar\u00eda de Comercio<\/strong> prorrog\u00f3 la <strong>vigencia del programa Ahora 12 hasta el 31 de enero de 2024<\/strong>, pero con una modificaci\u00f3n: <strong>regir\u00e1 s\u00f3lo para aquellas empresas que se encuentren suscriptas en los convenios del programa Precios Justos<\/strong>, aunque except\u00faa de este requisito a las micro, peque\u00f1as y medianas.<\/p>\n<p>&nbsp;<\/p>\n<p>La decisi\u00f3n se tom\u00f3 a trav\u00e9s de la resoluci\u00f3n 1041\/2023, publicada en el Bolet\u00edn Oficial, que precis\u00f3 que el programa tendr\u00e1 vigencia hasta el d\u00eda 31 de enero de 2024, siendo su plazo prorrogable.<\/p>\n<p>&nbsp;<\/p>\n<blockquote><p>Adem\u00e1s, remarc\u00f3 que \u201cpodr\u00e1n ser adquiridos mediante el financiamiento previsto, los bienes de producci\u00f3n nacional y los servicios prestados en el pa\u00eds, provistos por quienes hayan suscripto los convenios respectivos en el marco del programa Precios Justos\u201d.\u00a0En este punto, precis\u00f3 que \u201cse except\u00faa del requisito de suscribir los convenios del programa Precios Justos a las micro, peque\u00f1as y medianas empresas, cuyos productos se comercialicen o sus servicios se presten en el marco del Ahora 12\u201d.<\/p><\/blockquote>\n<p>&nbsp;<\/p>\n<p>Tambi\u00e9n se aclar\u00f3 que el requisito de estar adherido al Precios Justos<strong> \u201csolamente ser\u00e1 exigible respecto de los rubros comprendidos por el programa al 30 de junio\u201d<\/strong> \u00faltimo.<\/p>\n<p>&nbsp;<\/p>\n<p><strong>Los productos<\/strong><\/p>\n<p>&nbsp;<\/p>\n<p>El reglamento abarca<strong> 35 categor\u00edas de productos<\/strong>, entre los que se destacan los de l\u00ednea blanca, indumentaria, calzado y marroquiner\u00eda; materiales y herramientas para la construcci\u00f3n, muebles, bicicletas y motos <strong>cuyo precio final no supere los $ 730.000.<\/strong><\/p>\n<p>&nbsp;<\/p>\n<p>Asimismo, incluye servicios tur\u00edsticos como pasajes de \u00f3mnibus de larga distancia, a\u00e9reos, hoteles, autos de alquiler, excursiones y productos regionales.<\/p>\n<p>&nbsp;<\/p>\n<p>La iniciativa alcanza tambi\u00e9n a colchones y sommiers, textos escolares y libros; anteojos y lentes de contacto de no m\u00e1s de $ 62.000; cuadernos, papeler\u00eda, l\u00e1pices, lapiceras, mochilas, cartucheras, juguetes y juegos de mesa.<\/p>\n<p>&nbsp;<\/p>\n<p>Por otra parte, comprende neum\u00e1ticos, instrumentos musicales, computadoras, notebooks y tablets; artefactos de iluminaci\u00f3n, televisores, monitores, perfumer\u00eda, peque\u00f1os electrodom\u00e9sticos y equipamiento m\u00e9dico <strong>que no supere los $ 450.000<\/strong> entre otros bienes y servicios.<\/p>\n<p>&nbsp;<\/p>\n<p>Fuente: <em>Agencia DIB<\/em><\/p>\n<p>&nbsp;<\/p>\n","protected":false},"excerpt":{"rendered":"<p>Se extendi\u00f3 hasta enero. Hay excepciones. La Secretar\u00eda de Comercio hizo oficial los cambios. Qu\u00e9 rubros integran el programa.<\/p>\n","protected":false},"author":4,"featured_media":10344,"comment_status":"closed","ping_status":"closed","sticky":false,"template":"","format":"standard","meta":{"_jetpack_memberships_contains_paid_content":false,"footnotes":""},"categories":[6,1],"tags":[],"class_list":["post-88901","post","type-post","status-publish","format-standard","has-post-thumbnail","hentry","category-nacionales","category-portada"],"jetpack_featured_media_url":"https:\/\/i0.wp.com\/cdnoticias.com\/wp-content\/uploads\/2020\/12\/ahora12.jpg?fit=696%2C463&ssl=1","jetpack_sharing_enabled":true,"_links":{"self":[{"href":"https:\/\/cdnoticias.com\/index.php\/wp-json\/wp\/v2\/posts\/88901","targetHints":{"allow":["GET"]}}],"collection":[{"href":"https:\/\/cdnoticias.com\/index.php\/wp-json\/wp\/v2\/posts"}],"about":[{"href":"https:\/\/cdnoticias.com\/index.php\/wp-json\/wp\/v2\/types\/post"}],"author":[{"embeddable":true,"href":"https:\/\/cdnoticias.com\/index.php\/wp-json\/wp\/v2\/users\/4"}],"replies":[{"embeddable":true,"href":"https:\/\/cdnoticias.com\/index.php\/wp-json\/wp\/v2\/comments?post=88901"}],"version-history":[{"count":0,"href":"https:\/\/cdnoticias.com\/index.php\/wp-json\/wp\/v2\/posts\/88901\/revisions"}],"wp:featuredmedia":[{"embeddable":true,"href":"https:\/\/cdnoticias.com\/index.php\/wp-json\/wp\/v2\/media\/10344"}],"wp:attachment":[{"href":"https:\/\/cdnoticias.com\/index.php\/wp-json\/wp\/v2\/media?parent=88901"}],"wp:term":[{"taxonomy":"category","embeddable":true,"href":"https:\/\/cdnoticias.com\/index.php\/wp-json\/wp\/v2\/categories?post=88901"},{"taxonomy":"post_tag","embeddable":true,"href":"https:\/\/cdnoticias.com\/index.php\/wp-json\/wp\/v2\/tags?post=88901"}],"curies":[{"name":"wp","href":"https:\/\/api.w.org\/{rel}","templated":true}]}}