{"id":88889,"date":"2023-06-30T12:37:35","date_gmt":"2023-06-30T15:37:35","guid":{"rendered":"https:\/\/www.centraldenoticias.com.ar\/?p=88889"},"modified":"2023-06-30T12:37:35","modified_gmt":"2023-06-30T15:37:35","slug":"bolivar-un-penitenciario-acusado-de-venta-de-drogas","status":"publish","type":"post","link":"https:\/\/cdnoticias.com\/index.php\/2023\/06\/30\/bolivar-un-penitenciario-acusado-de-venta-de-drogas\/","title":{"rendered":"Bol\u00edvar: un penitenciario acusado de venta de drogas"},"content":{"rendered":"<p>Personal de la DUOF Olavarr\u00eda de Polic\u00eda Federal allan\u00f3 la vivienda del imputado. Se hall\u00f3 coca\u00edna y marihuana. La investigaci\u00f3n est\u00e1 a cargo de la UFI N\u00ba 19 que encabeza el fiscal Lucas Moyano.<\/p>\n<p><!--more--><\/p>\n<hr \/>\n<p>Una <strong>investigaci\u00f3n penal que se lleva adelante desde Olavarr\u00eda<\/strong> por <strong>comercializaci\u00f3n de estupefacientes<\/strong> deriv\u00f3 en el <strong>allanamiento<\/strong> de una vivienda en la vecina localidad de <strong>Bol\u00edvar<\/strong> y el <strong>arresto de su propietario, quien es agente del Servicio Penitenciario Bonaerense<\/strong>.<\/p>\n<p>&nbsp;<\/p>\n<p>Se secuestr\u00f3 <strong>coca\u00edna, marihuana<\/strong> y un arma de fuego.<\/p>\n<p>&nbsp;<\/p>\n<figure id=\"attachment_88890\" aria-describedby=\"caption-attachment-88890\" style=\"width: 800px\" class=\"wp-caption aligncenter\"><img data-recalc-dims=\"1\" loading=\"lazy\" decoding=\"async\" class=\"wp-image-88890 size-full\" src=\"https:\/\/i0.wp.com\/cdnoticias.com\/wp-content\/uploads\/2023\/06\/allanamiento-bolivar-diario-la-manana.jpeg?resize=800%2C448&#038;ssl=1\" alt=\"\" width=\"800\" height=\"448\" srcset=\"https:\/\/i0.wp.com\/cdnoticias.com\/wp-content\/uploads\/2023\/06\/allanamiento-bolivar-diario-la-manana.jpeg?w=800&amp;ssl=1 800w, https:\/\/i0.wp.com\/cdnoticias.com\/wp-content\/uploads\/2023\/06\/allanamiento-bolivar-diario-la-manana.jpeg?resize=300%2C168&amp;ssl=1 300w, https:\/\/i0.wp.com\/cdnoticias.com\/wp-content\/uploads\/2023\/06\/allanamiento-bolivar-diario-la-manana.jpeg?resize=768%2C430&amp;ssl=1 768w\" sizes=\"auto, (max-width: 800px) 100vw, 800px\" \/><figcaption id=\"caption-attachment-88890\" class=\"wp-caption-text\">Foto: Diario La Ma\u00f1ana de Bol\u00edvar.<\/figcaption><\/figure>\n<p>&nbsp;<\/p>\n<p>El procedimiento estuvo a cargo de <strong>personal de la Delegaci\u00f3n de Olavarr\u00eda de la Polic\u00eda Federal<\/strong>, que encabeza el comisario Pablo Adri\u00e1n Messineo. La solicitud de allanamiento hab\u00eda sido presentada por el <strong>fiscal Lucas Moyano de la UFI N\u00ba 19 de nuestra ciudad<\/strong> que lleva adelante la investigaci\u00f3n. La <strong>jueza de Garant\u00edas N\u00ba 1 de Olavarr\u00eda, Fabiana San Rom\u00e1n<\/strong>, aval\u00f3 las actuaciones.<\/p>\n<p>&nbsp;<\/p>\n<blockquote><p>Seg\u00fan se hab\u00eda establecido a trav\u00e9s de las averiguaciones que tambi\u00e9n encabezaron los efectivos de Polic\u00eda Federal, un hombre de 40 a\u00f1os que se desempe\u00f1a como agente penitenciario se dedicaba a la venta de drogas tanto en su domicilio particular como mediante la modalidad \u201cdelivery\u201d.<\/p><\/blockquote>\n<p>&nbsp;<\/p>\n<p><img data-recalc-dims=\"1\" loading=\"lazy\" decoding=\"async\" class=\"size-full wp-image-88893 aligncenter\" src=\"https:\/\/i0.wp.com\/cdnoticias.com\/wp-content\/uploads\/2023\/06\/allanamiento-bolivar-droga-02.jpg?resize=800%2C445&#038;ssl=1\" alt=\"\" width=\"800\" height=\"445\" srcset=\"https:\/\/i0.wp.com\/cdnoticias.com\/wp-content\/uploads\/2023\/06\/allanamiento-bolivar-droga-02.jpg?w=800&amp;ssl=1 800w, https:\/\/i0.wp.com\/cdnoticias.com\/wp-content\/uploads\/2023\/06\/allanamiento-bolivar-droga-02.jpg?resize=300%2C167&amp;ssl=1 300w, https:\/\/i0.wp.com\/cdnoticias.com\/wp-content\/uploads\/2023\/06\/allanamiento-bolivar-droga-02.jpg?resize=768%2C427&amp;ssl=1 768w\" sizes=\"auto, (max-width: 800px) 100vw, 800px\" \/><\/p>\n<p>&nbsp;<\/p>\n<p>De esa manera, este jueves<strong> se llev\u00f3 adelante el allanamiento<\/strong> en una casa de Alberti al 200 en Bol\u00edvar.<\/p>\n<p>&nbsp;<\/p>\n<blockquote><p>El resultado fue positivo con el secuestro de numerosos elementos de inter\u00e9s probatorio. Oficialmente, se dej\u00f3 saber que se secuestraron clorhidrato de coca\u00edna, picadura de marihuana,\u00a0 un revolver calibre 357 cargado con seis cartuchos, dinero en efectivo, tel\u00e9fonos celulares y una motocicleta marca Rowser 200 cc.<\/p><\/blockquote>\n<p>&nbsp;<\/p>\n<p><img data-recalc-dims=\"1\" loading=\"lazy\" decoding=\"async\" class=\"size-full wp-image-88894 aligncenter\" src=\"https:\/\/i0.wp.com\/cdnoticias.com\/wp-content\/uploads\/2023\/06\/allanamiento-bolivar-droga-03.jpg?resize=418%2C445&#038;ssl=1\" alt=\"\" width=\"418\" height=\"445\" srcset=\"https:\/\/i0.wp.com\/cdnoticias.com\/wp-content\/uploads\/2023\/06\/allanamiento-bolivar-droga-03.jpg?w=418&amp;ssl=1 418w, https:\/\/i0.wp.com\/cdnoticias.com\/wp-content\/uploads\/2023\/06\/allanamiento-bolivar-droga-03.jpg?resize=282%2C300&amp;ssl=1 282w\" sizes=\"auto, (max-width: 418px) 100vw, 418px\" \/><\/p>\n<p>&nbsp;<\/p>\n<p>Asimismo, fueron incautados<strong> elementos de corte<\/strong> y m\u00e1s art\u00edculos vinculados con los hechos investigados.<\/p>\n<p>&nbsp;<\/p>\n<p>El acusado fue trasladado a la sede de la DUOF Olavarr\u00eda donde qued\u00f3 alojado en car\u00e1cter de <strong>aprehendido.<\/strong><\/p>\n<p>&nbsp;<\/p>\n","protected":false},"excerpt":{"rendered":"<p>Personal de la DUOF Olavarr\u00eda de Polic\u00eda Federal allan\u00f3 la vivienda del imputado. Se hall\u00f3 coca\u00edna y marihuana. La investigaci\u00f3n<\/p>\n","protected":false},"author":4,"featured_media":88891,"comment_status":"closed","ping_status":"closed","sticky":false,"template":"","format":"standard","meta":{"_jetpack_memberships_contains_paid_content":false,"footnotes":""},"categories":[6,1],"tags":[],"class_list":["post-88889","post","type-post","status-publish","format-standard","has-post-thumbnail","hentry","category-nacionales","category-portada"],"jetpack_featured_media_url":"https:\/\/i0.wp.com\/cdnoticias.com\/wp-content\/uploads\/2023\/06\/allanamiento-bolivar-droga-00.jpg?fit=800%2C445&ssl=1","jetpack_sharing_enabled":true,"_links":{"self":[{"href":"https:\/\/cdnoticias.com\/index.php\/wp-json\/wp\/v2\/posts\/88889","targetHints":{"allow":["GET"]}}],"collection":[{"href":"https:\/\/cdnoticias.com\/index.php\/wp-json\/wp\/v2\/posts"}],"about":[{"href":"https:\/\/cdnoticias.com\/index.php\/wp-json\/wp\/v2\/types\/post"}],"author":[{"embeddable":true,"href":"https:\/\/cdnoticias.com\/index.php\/wp-json\/wp\/v2\/users\/4"}],"replies":[{"embeddable":true,"href":"https:\/\/cdnoticias.com\/index.php\/wp-json\/wp\/v2\/comments?post=88889"}],"version-history":[{"count":0,"href":"https:\/\/cdnoticias.com\/index.php\/wp-json\/wp\/v2\/posts\/88889\/revisions"}],"wp:featuredmedia":[{"embeddable":true,"href":"https:\/\/cdnoticias.com\/index.php\/wp-json\/wp\/v2\/media\/88891"}],"wp:attachment":[{"href":"https:\/\/cdnoticias.com\/index.php\/wp-json\/wp\/v2\/media?parent=88889"}],"wp:term":[{"taxonomy":"category","embeddable":true,"href":"https:\/\/cdnoticias.com\/index.php\/wp-json\/wp\/v2\/categories?post=88889"},{"taxonomy":"post_tag","embeddable":true,"href":"https:\/\/cdnoticias.com\/index.php\/wp-json\/wp\/v2\/tags?post=88889"}],"curies":[{"name":"wp","href":"https:\/\/api.w.org\/{rel}","templated":true}]}}