{"id":88873,"date":"2023-06-30T10:04:25","date_gmt":"2023-06-30T13:04:25","guid":{"rendered":"https:\/\/www.centraldenoticias.com.ar\/?p=88873"},"modified":"2023-06-30T11:59:45","modified_gmt":"2023-06-30T14:59:45","slug":"continua-en-grave-estado-el-peaton-atropellado-por-una-moto","status":"publish","type":"post","link":"https:\/\/cdnoticias.com\/index.php\/2023\/06\/30\/continua-en-grave-estado-el-peaton-atropellado-por-una-moto\/","title":{"rendered":"Contin\u00faa en grave estado el peat\u00f3n atropellado por una moto"},"content":{"rendered":"<p>Result\u00f3 herido cuando cruzaba la avenida Urquiza al 3800. Se encuentra internado en Terapia Intensiva del Hospital Municipal. La motociclista tambi\u00e9n tuvo lesiones.<!--more--><\/p>\n<hr \/>\n<p>Un hombre de unos 70 a\u00f1os<a href=\"https:\/\/cdnoticias.com\/index.php\/2023\/06\/29\/un-peaton-con-graves-heridas-al-ser-atropellado-por-una-moto\/\" target=\"_blank\" rel=\"noopener\"> result\u00f3 con graves heridas tras ser atropellado por una moto<\/a>. El violento siniestro vial ocurri\u00f3 durante la tarde del jueves en <strong>Urquiza al 3800<\/strong> cuando una mujer, a bordo de una motocicleta 110cc marca Gilera, atropell\u00f3 al hombre que cruzaba a mitad de cuadra.<\/p>\n<p>&nbsp;<\/p>\n<p>R\u00e1pidamente, una ambulancia de SEM se dirigi\u00f3 al lugar y traslad\u00f3 al hombre de urgencia con heridas consideradas \u201cde gravedad\u201d al llegar al centro de salud municipal. Minutos despu\u00e9s, y por precauci\u00f3n, la mujer que tambi\u00e9n result\u00f3 herida fue trasladada al Hospital Municipal para realizar su atenci\u00f3n.<\/p>\n<p>&nbsp;<\/p>\n<p>Este viernes se indic\u00f3 desde el Hospital Municipal que el hombre<strong> permanece internado en la Unidad de Terapia Intensiva y su estado es \u201cgrave\u201d.<\/strong><\/p>\n<p>&nbsp;<\/p>\n<p>Foto: gentileza En L\u00ednea Noticias.<\/p>\n","protected":false},"excerpt":{"rendered":"<p>Result\u00f3 herido cuando cruzaba la avenida Urquiza al 3800. Se encuentra internado en Terapia Intensiva del Hospital Municipal. La motociclista<\/p>\n","protected":false},"author":5,"featured_media":88847,"comment_status":"closed","ping_status":"closed","sticky":false,"template":"","format":"standard","meta":{"_jetpack_memberships_contains_paid_content":false,"footnotes":""},"categories":[14,1],"tags":[],"class_list":["post-88873","post","type-post","status-publish","format-standard","has-post-thumbnail","hentry","category-policiales","category-portada"],"jetpack_featured_media_url":"https:\/\/i0.wp.com\/cdnoticias.com\/wp-content\/uploads\/2023\/06\/choque-mot.jpg?fit=821%2C484&ssl=1","jetpack_sharing_enabled":true,"_links":{"self":[{"href":"https:\/\/cdnoticias.com\/index.php\/wp-json\/wp\/v2\/posts\/88873","targetHints":{"allow":["GET"]}}],"collection":[{"href":"https:\/\/cdnoticias.com\/index.php\/wp-json\/wp\/v2\/posts"}],"about":[{"href":"https:\/\/cdnoticias.com\/index.php\/wp-json\/wp\/v2\/types\/post"}],"author":[{"embeddable":true,"href":"https:\/\/cdnoticias.com\/index.php\/wp-json\/wp\/v2\/users\/5"}],"replies":[{"embeddable":true,"href":"https:\/\/cdnoticias.com\/index.php\/wp-json\/wp\/v2\/comments?post=88873"}],"version-history":[{"count":0,"href":"https:\/\/cdnoticias.com\/index.php\/wp-json\/wp\/v2\/posts\/88873\/revisions"}],"wp:featuredmedia":[{"embeddable":true,"href":"https:\/\/cdnoticias.com\/index.php\/wp-json\/wp\/v2\/media\/88847"}],"wp:attachment":[{"href":"https:\/\/cdnoticias.com\/index.php\/wp-json\/wp\/v2\/media?parent=88873"}],"wp:term":[{"taxonomy":"category","embeddable":true,"href":"https:\/\/cdnoticias.com\/index.php\/wp-json\/wp\/v2\/categories?post=88873"},{"taxonomy":"post_tag","embeddable":true,"href":"https:\/\/cdnoticias.com\/index.php\/wp-json\/wp\/v2\/tags?post=88873"}],"curies":[{"name":"wp","href":"https:\/\/api.w.org\/{rel}","templated":true}]}}