{"id":88861,"date":"2023-06-30T08:23:49","date_gmt":"2023-06-30T11:23:49","guid":{"rendered":"https:\/\/www.centraldenoticias.com.ar\/?p=88861"},"modified":"2023-06-30T10:04:40","modified_gmt":"2023-06-30T13:04:40","slug":"tras-la-denuncia-a-martin-roldan-el-fol-senalo-que-todo-esta-basado-en-puras-mentiras","status":"publish","type":"post","link":"https:\/\/cdnoticias.com\/index.php\/2023\/06\/30\/tras-la-denuncia-a-martin-roldan-el-fol-senalo-que-todo-esta-basado-en-puras-mentiras\/","title":{"rendered":"Tras la denuncia a Mart\u00edn Rold\u00e1n, el FOL se\u00f1al\u00f3 que todo est\u00e1 basado \u201cen puras mentiras\u201d"},"content":{"rendered":"<p>Indicaron que se trata de un \u201chostigamiento\u201d y una \u201ccausa trucha orquestada por una mesa judicial\u201d y que hubo denuncias similares en varias ciudades del pa\u00eds. <!--more--><\/p>\n<hr \/>\n<p>Luego de conocerse una<strong> denuncia penal contra el dirigente social Mart\u00edn Rold\u00e1n por pedir a beneficiarios de programas sociales un porcentaje de lo cobrado, el Frente de Organizaciones en Lucha (FOL) sali\u00f3 a desmentir la acusaci\u00f3n y denunciaron que, adem\u00e1s de ser \u201cpuras mentiras\u201d se trata de una iniciativa de \u201chostigamiento\u201d para \u201cdejar de denunciar la corrupci\u00f3n del Intendente\u201d.<\/strong><\/p>\n<p>&nbsp;<\/p>\n<p>Denunciaron que Rold\u00e1n fue v\u00edctima<em> \u201cde un armado de causas truchas orquestada por una\u00a0 mesa judicial que contiene a gobernadores e intendentes que opera a nivel nacional y que apunta a\u00a0 perseguir y estigmatizar a organizaciones y compa\u00f1eros que, en todo el pa\u00eds y sin descanso luchan contra todo tipo de injusticia\u201d.<\/em><\/p>\n<p>&nbsp;<\/p>\n<p>Tras se\u00f1alar que este caso se repite en varias ciudades del pa\u00eds, apuntan hacia<em> \u201cpersonas y organizaciones que todos los d\u00edas estamos en los barrios organiz\u00e1ndonos en asambleas, comedores, merenderos, generando trabajo digno y todo tipo de actividad destinada a palear la crisis econ\u00f3mica que esta misma clase pol\u00edtica genera y que deja a nuestros pibes expuestos y regalados a las narco-econom\u00edas\u201d.\u00a0<\/em><\/p>\n<p>&nbsp;<\/p>\n<blockquote><p>Justamente, se\u00f1alaron desde el FOL que pusieron sobre la mesa \u201cla gran crisis habitacional que atraviesa Olavarr\u00eda\u201d y mencionaron varias actividades como un acampe que dur\u00f3 35 d\u00edas en el Paseo Jes\u00fas Mend\u00eda \u201cy fuimos los primeros en denunciar el gran esc\u00e1ndalo de estafas con la venta de terrenos por parte de funcionarios municipales la cual se convirti\u00f3 luego en un esc\u00e1ndalo con trascendencia nacional\u201d.<\/p><\/blockquote>\n<p>&nbsp;<\/p>\n<p>Tras ello, denunciaron \u2013por ahora p\u00fablicamente- que el intendente Galli \u201cforma parte de esta mesa judicial\u201d y que por ello avanzaron contra Rold\u00e1n, para<strong><em> \u201ccobrarse la denuncia por la corrupci\u00f3n con los terrenos\u201d.<\/em><\/strong><\/p>\n<p>&nbsp;<\/p>\n<p><em>\u201cEsperamos la causa con la tranquilidad y la firmeza de quienes no utilizamos la corrupci\u00f3n como moneda corriente sino que al contrario, hasta ponemos plata de nuestros bolsillos para parar la olla en muchas ocasiones\u201d<\/em> y tambi\u00e9n aprovecharon para se\u00f1alar que <strong>fueron auditados meses atr\u00e1s por el Ministerio de Desarrollo Social de la Naci\u00f3n dado que \u201cnos atacaron desde la cartera de Tolosa Paz y la pasamos sin ning\u00fan inconveniente\u201d.<\/strong><\/p>\n<p>&nbsp;<\/p>\n<p><em><strong>\u201cEnfrentaremos est\u00e1s denuncias ya que est\u00e1 basada en puras mentiras\u201d<\/strong> <\/em>cerraron.<\/p>\n","protected":false},"excerpt":{"rendered":"<p>Indicaron que se trata de un \u201chostigamiento\u201d y una \u201ccausa trucha orquestada por una mesa judicial\u201d y que hubo denuncias<\/p>\n","protected":false},"author":2,"featured_media":61122,"comment_status":"closed","ping_status":"closed","sticky":false,"template":"","format":"standard","meta":{"_jetpack_memberships_contains_paid_content":false,"footnotes":""},"categories":[5,1],"tags":[],"class_list":["post-88861","post","type-post","status-publish","format-standard","has-post-thumbnail","hentry","category-informacion-general","category-portada"],"jetpack_featured_media_url":"https:\/\/i0.wp.com\/cdnoticias.com\/wp-content\/uploads\/2022\/07\/FOL-manifestacion01.jpg?fit=1388%2C833&ssl=1","jetpack_sharing_enabled":true,"_links":{"self":[{"href":"https:\/\/cdnoticias.com\/index.php\/wp-json\/wp\/v2\/posts\/88861","targetHints":{"allow":["GET"]}}],"collection":[{"href":"https:\/\/cdnoticias.com\/index.php\/wp-json\/wp\/v2\/posts"}],"about":[{"href":"https:\/\/cdnoticias.com\/index.php\/wp-json\/wp\/v2\/types\/post"}],"author":[{"embeddable":true,"href":"https:\/\/cdnoticias.com\/index.php\/wp-json\/wp\/v2\/users\/2"}],"replies":[{"embeddable":true,"href":"https:\/\/cdnoticias.com\/index.php\/wp-json\/wp\/v2\/comments?post=88861"}],"version-history":[{"count":0,"href":"https:\/\/cdnoticias.com\/index.php\/wp-json\/wp\/v2\/posts\/88861\/revisions"}],"wp:featuredmedia":[{"embeddable":true,"href":"https:\/\/cdnoticias.com\/index.php\/wp-json\/wp\/v2\/media\/61122"}],"wp:attachment":[{"href":"https:\/\/cdnoticias.com\/index.php\/wp-json\/wp\/v2\/media?parent=88861"}],"wp:term":[{"taxonomy":"category","embeddable":true,"href":"https:\/\/cdnoticias.com\/index.php\/wp-json\/wp\/v2\/categories?post=88861"},{"taxonomy":"post_tag","embeddable":true,"href":"https:\/\/cdnoticias.com\/index.php\/wp-json\/wp\/v2\/tags?post=88861"}],"curies":[{"name":"wp","href":"https:\/\/api.w.org\/{rel}","templated":true}]}}