{"id":88855,"date":"2023-06-29T21:38:54","date_gmt":"2023-06-30T00:38:54","guid":{"rendered":"https:\/\/www.centraldenoticias.com.ar\/?p=88855"},"modified":"2023-06-29T21:38:54","modified_gmt":"2023-06-30T00:38:54","slug":"diversidad-sexual-y-disidencias-del-stmo-realizo-actividades-por-el-dia-internacional-del-orgullo-lgbti","status":"publish","type":"post","link":"https:\/\/cdnoticias.com\/index.php\/2023\/06\/29\/diversidad-sexual-y-disidencias-del-stmo-realizo-actividades-por-el-dia-internacional-del-orgullo-lgbti\/","title":{"rendered":"Diversidad Sexual y Disidencias del STMO realiz\u00f3 actividades por el D\u00eda Internacional del Orgullo LGBTI"},"content":{"rendered":"<p>Realizaron una campa\u00f1a de concientizaci\u00f3n pegando carteles en distintos puntos de la ciudad con frases alusivas y reclamos pendientes.<!--more--><\/p>\n<hr \/>\n<p>Desde el espacio de Diversidad Sexual y Disidencias del Sindicato de Trabajadores Municipales de Olavarr\u00eda se llevaron a cabo <strong>actividades por el D\u00eda Internacional del Orgullo LGBTI, que se celebra cada 28 de junio.<\/strong><\/p>\n<p>&nbsp;<\/p>\n<p><strong><em>\u201cEs una oportunidad para promover la protecci\u00f3n de los derechos de las personas lesbianas, gays, bisexuales, trans, intersexuales (LGBTI) y otras identidades\u201d<\/em><\/strong> expresaron desde el espacio.<\/p>\n<p>&nbsp;<\/p>\n<p>Adem\u00e1s, agregaron que <em>\u201cen la Argentina y otros pa\u00edses del mundo en las \u00faltimas d\u00e9cadas se registraron importantes avances con nuevas legislaciones, marcos normativos y pol\u00edticas p\u00fablicas por la inclusi\u00f3n de las personas LGBTI. Nuestra Ley de Identidad de G\u00e9nero es un claro ejemplo de eso\u201d.<\/em><\/p>\n<p>&nbsp;<\/p>\n<blockquote><p>\u201cSin embargo, no se puede pasar por alto que a\u00fan hay pa\u00edses que siguen teniendo alguna forma de penalizaci\u00f3n con personas que manifiesten una identidad distinta a la heterosexual, as\u00ed como pa\u00edses en que no se garantizan los derechos. Queda much\u00edsimo por hacer y la lucha no se detiene\u201d sostuvieron.<\/p><\/blockquote>\n<p>&nbsp;<\/p>\n<p>Desde el espacio, llevaron adelante una<strong> nueva campa\u00f1a de concientizaci\u00f3n pegando carteles en distintos puntos de la ciudad con frases alusivas a la fecha y reclamos todav\u00eda pendientes. <\/strong>\u201c<em>Como en el resto de las campa\u00f1as que venimos haciendo, la idea es poder generar conciencia, aportar informaci\u00f3n, aclarar dudas y promover siempre el respeto y el amor como valores fundamentales para avanzar hacia una sociedad cada vez mejor\u201d<\/em>, dijo Victoria Altavista, militante trans que conduce el Espacio de Diversidad Sexual y Disidencias del STMO.<\/p>\n<p>&nbsp;<\/p>\n<blockquote><p>\u201cTanto el Espacio como la conducci\u00f3n del Sindicato protagonizan una intensa lucha para garantizar la real implementaci\u00f3n del Cupo Laboral Travesti Trans, una medida imprescindible para incluir en el sistema a personas obligadas a vivir en los m\u00e1rgenes con todos los riesgos que eso conlleva\u201d resaltaron.<\/p><\/blockquote>\n<p>&nbsp;<\/p>\n<p>Otras campa\u00f1as que realizaron desde el espacio fueron <strong><em>\u201cLocal Libre de Prejuicios<\/em><\/strong>\u201d y las recorridas por jardines de infantes y escuelas del Partido de Olavarr\u00eda para<em> \u201cpromover la real implementaci\u00f3n de las leyes de Identidad de G\u00e9nero y Educaci\u00f3n Sexual Integral\u201d.<\/em><\/p>\n<p>&nbsp;<\/p>\n<p><img data-recalc-dims=\"1\" loading=\"lazy\" decoding=\"async\" class=\"alignnone size-full wp-image-88856\" src=\"https:\/\/i0.wp.com\/cdnoticias.com\/wp-content\/uploads\/2023\/06\/WhatsApp-Image-2023-06-29-at-09.18.05.jpeg?resize=720%2C720&#038;ssl=1\" alt=\"\" width=\"720\" height=\"720\" srcset=\"https:\/\/i0.wp.com\/cdnoticias.com\/wp-content\/uploads\/2023\/06\/WhatsApp-Image-2023-06-29-at-09.18.05.jpeg?w=720&amp;ssl=1 720w, https:\/\/i0.wp.com\/cdnoticias.com\/wp-content\/uploads\/2023\/06\/WhatsApp-Image-2023-06-29-at-09.18.05.jpeg?resize=300%2C300&amp;ssl=1 300w, https:\/\/i0.wp.com\/cdnoticias.com\/wp-content\/uploads\/2023\/06\/WhatsApp-Image-2023-06-29-at-09.18.05.jpeg?resize=150%2C150&amp;ssl=1 150w\" sizes=\"auto, (max-width: 720px) 100vw, 720px\" \/><\/p>\n<p>&nbsp;<\/p>\n<p>Adem\u00e1s, durante la temporada de verano, el espacio impuls\u00f3 el proyecto <strong><em>\u201cUn Verano donde quepan todes\u201d<\/em> <\/strong>destinado al trabajo de concientizaci\u00f3n con profesores y alumnos de las colonias de vacaciones.<\/p>\n<p>&nbsp;<\/p>\n<p>Por otra parte, <strong>sus integrantes trabajan en conjunto con el Observatorio de Ni\u00f1ez y Adolescencia de la Facultad de Ciencias Sociales de la Unicen.<\/strong><\/p>\n<p>&nbsp;<\/p>\n<p>En tanto desde el a\u00f1o pasado el Espacio lleva adelante el proyecto \u201cDiverses e Iguales\u201d para la inclusi\u00f3n educativa y laboral de la comunidad LGBTTTIQ+ del Partido de Olavarr\u00eda, en forma conjunta con el Observatorio de Educaci\u00f3n, Pol\u00edticas P\u00fablicas y Derechos de Unicen.<\/p>\n<p>&nbsp;<\/p>\n<p>En la misma l\u00ednea,<strong> el Espacio de Diversidad Sexual y Disidencias fue convocado para formar parte de la Mesa Local contra la Violencia Familiar y de G\u00e9nero y trabaja en forma conjunta con el Consultorio Inclusivo donde se ofrece atenci\u00f3n m\u00e9dica, psicol\u00f3gica, psiqui\u00e1trica y de nutrici\u00f3n en las instalaciones de la Asociaci\u00f3n Mutual Para Olavarr\u00eda (AMPO) del Sindicato de Trabajadores Municipales de Olavarr\u00eda.<\/strong><\/p>\n<p>&nbsp;<\/p>\n<p>Por \u00faltimo,<strong> desarrollan tambi\u00e9n un trabajo articulado con la Asociaci\u00f3n Criar con Alas<\/strong>, un espacio por los derechos de las infancias y adolescencias trans.<br \/>\nPor consultas e informaci\u00f3n el Espacio de Diversidad Sexual y Disidencias del Sindicato de Trabajadores Municipales de Olavarr\u00eda funciona de lunes a viernes en Rivadavia 1935.<\/p>\n","protected":false},"excerpt":{"rendered":"<p>Realizaron una campa\u00f1a de concientizaci\u00f3n pegando carteles en distintos puntos de la ciudad con frases alusivas y reclamos pendientes.<\/p>\n","protected":false},"author":2,"featured_media":88857,"comment_status":"closed","ping_status":"closed","sticky":false,"template":"","format":"standard","meta":{"_jetpack_memberships_contains_paid_content":false,"footnotes":""},"categories":[3,1],"tags":[],"class_list":["post-88855","post","type-post","status-publish","format-standard","has-post-thumbnail","hentry","category-genero","category-portada"],"jetpack_featured_media_url":"https:\/\/i0.wp.com\/cdnoticias.com\/wp-content\/uploads\/2023\/06\/WhatsApp-Image-2023-06-29-at-09.18.01.jpeg?fit=720%2C720&ssl=1","jetpack_sharing_enabled":true,"_links":{"self":[{"href":"https:\/\/cdnoticias.com\/index.php\/wp-json\/wp\/v2\/posts\/88855","targetHints":{"allow":["GET"]}}],"collection":[{"href":"https:\/\/cdnoticias.com\/index.php\/wp-json\/wp\/v2\/posts"}],"about":[{"href":"https:\/\/cdnoticias.com\/index.php\/wp-json\/wp\/v2\/types\/post"}],"author":[{"embeddable":true,"href":"https:\/\/cdnoticias.com\/index.php\/wp-json\/wp\/v2\/users\/2"}],"replies":[{"embeddable":true,"href":"https:\/\/cdnoticias.com\/index.php\/wp-json\/wp\/v2\/comments?post=88855"}],"version-history":[{"count":0,"href":"https:\/\/cdnoticias.com\/index.php\/wp-json\/wp\/v2\/posts\/88855\/revisions"}],"wp:featuredmedia":[{"embeddable":true,"href":"https:\/\/cdnoticias.com\/index.php\/wp-json\/wp\/v2\/media\/88857"}],"wp:attachment":[{"href":"https:\/\/cdnoticias.com\/index.php\/wp-json\/wp\/v2\/media?parent=88855"}],"wp:term":[{"taxonomy":"category","embeddable":true,"href":"https:\/\/cdnoticias.com\/index.php\/wp-json\/wp\/v2\/categories?post=88855"},{"taxonomy":"post_tag","embeddable":true,"href":"https:\/\/cdnoticias.com\/index.php\/wp-json\/wp\/v2\/tags?post=88855"}],"curies":[{"name":"wp","href":"https:\/\/api.w.org\/{rel}","templated":true}]}}