{"id":88844,"date":"2023-06-29T17:14:26","date_gmt":"2023-06-29T20:14:26","guid":{"rendered":"https:\/\/www.centraldenoticias.com.ar\/?p=88844"},"modified":"2023-07-02T09:17:10","modified_gmt":"2023-07-02T12:17:10","slug":"carlos-alberto-gil-toto-q-e-p-d","status":"publish","type":"post","link":"https:\/\/cdnoticias.com\/index.php\/2023\/06\/29\/carlos-alberto-gil-toto-q-e-p-d\/","title":{"rendered":"Carlos Alberto Gil &#8221;Toto\u201d (Q.E.P.D.)"},"content":{"rendered":"<p>Falleci\u00f3 en Sierras Bayas el 29 de junio de 2023 a los 91 a\u00f1os. Sus hijos Mar\u00eda del Carmen y Carlos Alberto Gil; sus hijos pol\u00edticos Eduardo Oscar Rojas y Mercedes Deolaso; sus nietos Germ\u00e1n Rojas, Carolina Rojas, Gabriela Gil, Emanuel Gil, Sebasti\u00e1n Gil; sus nietos en el afecto Ayel\u00e9n, Dilan y Diamela; sus bisnietos Brenda, Morena, Justina, Bautista y Ambar; sus hermanas Titina y Coca; sus sobrinos y dem\u00e1s deudos participan su fallecimiento.<\/p>\n<p>&nbsp;<\/p>\n<p>Responso: Sala &#8221;D&#8221; Espa\u00f1a 2942, lunes 3 de julio a las 9:30. Inhumaci\u00f3n: Cementerio Municipal de Olavarr\u00eda, lunes 3 a las 10:30. Servicio adherido a Coopelectric.<\/p>\n<p>&nbsp;<\/p>\n<p>Nacido en Bol\u00edvar, vecino de barrio San Vicente, jubilado.<\/p>\n","protected":false},"excerpt":{"rendered":"<p>Falleci\u00f3 en Sierras Bayas el 29 de junio de 2023 a los 91 a\u00f1os. Sus hijos Mar\u00eda del Carmen y<\/p>\n","protected":false},"author":2,"featured_media":67646,"comment_status":"closed","ping_status":"closed","sticky":false,"template":"","format":"standard","meta":{"_jetpack_memberships_contains_paid_content":false,"footnotes":""},"categories":[10],"tags":[],"class_list":["post-88844","post","type-post","status-publish","format-standard","has-post-thumbnail","hentry","category-necrologicas"],"jetpack_featured_media_url":"https:\/\/i0.wp.com\/cdnoticias.com\/wp-content\/uploads\/2022\/10\/necrologicas-390-x-240.jpg?fit=390%2C240&ssl=1","jetpack_sharing_enabled":true,"_links":{"self":[{"href":"https:\/\/cdnoticias.com\/index.php\/wp-json\/wp\/v2\/posts\/88844","targetHints":{"allow":["GET"]}}],"collection":[{"href":"https:\/\/cdnoticias.com\/index.php\/wp-json\/wp\/v2\/posts"}],"about":[{"href":"https:\/\/cdnoticias.com\/index.php\/wp-json\/wp\/v2\/types\/post"}],"author":[{"embeddable":true,"href":"https:\/\/cdnoticias.com\/index.php\/wp-json\/wp\/v2\/users\/2"}],"replies":[{"embeddable":true,"href":"https:\/\/cdnoticias.com\/index.php\/wp-json\/wp\/v2\/comments?post=88844"}],"version-history":[{"count":0,"href":"https:\/\/cdnoticias.com\/index.php\/wp-json\/wp\/v2\/posts\/88844\/revisions"}],"wp:featuredmedia":[{"embeddable":true,"href":"https:\/\/cdnoticias.com\/index.php\/wp-json\/wp\/v2\/media\/67646"}],"wp:attachment":[{"href":"https:\/\/cdnoticias.com\/index.php\/wp-json\/wp\/v2\/media?parent=88844"}],"wp:term":[{"taxonomy":"category","embeddable":true,"href":"https:\/\/cdnoticias.com\/index.php\/wp-json\/wp\/v2\/categories?post=88844"},{"taxonomy":"post_tag","embeddable":true,"href":"https:\/\/cdnoticias.com\/index.php\/wp-json\/wp\/v2\/tags?post=88844"}],"curies":[{"name":"wp","href":"https:\/\/api.w.org\/{rel}","templated":true}]}}