{"id":88830,"date":"2023-06-29T12:30:07","date_gmt":"2023-06-29T15:30:07","guid":{"rendered":"https:\/\/www.centraldenoticias.com.ar\/?p=88830"},"modified":"2023-06-29T13:38:34","modified_gmt":"2023-06-29T16:38:34","slug":"violencia-de-genero-detenido-por-intento-de-femicidio","status":"publish","type":"post","link":"https:\/\/cdnoticias.com\/index.php\/2023\/06\/29\/violencia-de-genero-detenido-por-intento-de-femicidio\/","title":{"rendered":"Violencia de g\u00e9nero: detenido por intento de femicidio"},"content":{"rendered":"<p>Es un polic\u00eda y tiene 56 a\u00f1os. Est\u00e1 imputado desde 2021 por una decena de hechos en contexto de violencia de g\u00e9nero. Fue detenido en su domicilio por orden del Juzgado de Garant\u00edas N\u00ba 1.<\/p>\n<p><!--more--><\/p>\n<hr \/>\n<p><strong>Un hombre fue detenido<\/strong> este mi\u00e9rcoles en Olavarr\u00eda <strong>acusado de grav\u00edsimos delitos cometidos en contexto de violencia de g\u00e9nero <\/strong>en 2021, entre ellos <strong>intento de femicidio.<\/strong><\/p>\n<p>&nbsp;<\/p>\n<p>El <strong>Juzgado de Garant\u00edas N\u00ba 1<\/strong>, a cargo de la jueza Fabiana San Rom\u00e1n, dispuso la <strong>detenci\u00f3n de Rufino Daniel Fredes, de 56 a\u00f1os<\/strong> y quien se desempe\u00f1a como <strong>polic\u00eda.<\/strong><\/p>\n<p>&nbsp;<\/p>\n<p>El <strong>personal de la Comisar\u00eda Segunda<\/strong> de Olavarr\u00eda llev\u00f3 adelante la orden. <strong>Fredes fue hallado en su domicilio<\/strong> desde donde fue derivado a la sede policial de San Mart\u00edn al 3800.<\/p>\n<p>&nbsp;<\/p>\n<p>Este jueves se present\u00f3 en la <strong>UFI N\u00ba 5 especializada en hechos de violencia familiar y de g\u00e9nero<\/strong>, a cargo de la fiscal subrogante Mariela Viceconte,<strong> a fines de tomarle declaraci\u00f3n indagatoria<\/strong>.<\/p>\n<p>&nbsp;<\/p>\n<blockquote><p>El hombre est\u00e1 imputado por la comisi\u00f3n de una decena de hechos: \u201cagresi\u00f3n con arma impropia doblemente agravada (por el v\u00ednculo y por haber sido perpetrada por un hombre en perjuicio de una mujer mediante violencia de g\u00e9nero), amenazas simples -cuatro hechos-, desobediencia, violaci\u00f3n de domicilio, da\u00f1o simple, coacci\u00f3n simple y homicidio doblemente agravado (por el v\u00ednculo y por haber sido perpetrado por un hombre en perjuicio de una mujer mediante violencia de g\u00e9nero) en grado de tentativa en concurso ideal y real y en contexto de violencia familiar y de g\u00e9nero\u201d.<\/p><\/blockquote>\n<p>&nbsp;<\/p>\n","protected":false},"excerpt":{"rendered":"<p>Es un polic\u00eda y tiene 56 a\u00f1os. Est\u00e1 imputado desde 2021 por una decena de hechos en contexto de violencia<\/p>\n","protected":false},"author":4,"featured_media":88828,"comment_status":"closed","ping_status":"closed","sticky":false,"template":"","format":"standard","meta":{"_jetpack_memberships_contains_paid_content":false,"footnotes":""},"categories":[14,1],"tags":[],"class_list":["post-88830","post","type-post","status-publish","format-standard","has-post-thumbnail","hentry","category-policiales","category-portada"],"jetpack_featured_media_url":"https:\/\/i0.wp.com\/cdnoticias.com\/wp-content\/uploads\/2023\/06\/fredes-detenido-violencia-de-genero.jpg?fit=800%2C446&ssl=1","jetpack_sharing_enabled":true,"_links":{"self":[{"href":"https:\/\/cdnoticias.com\/index.php\/wp-json\/wp\/v2\/posts\/88830","targetHints":{"allow":["GET"]}}],"collection":[{"href":"https:\/\/cdnoticias.com\/index.php\/wp-json\/wp\/v2\/posts"}],"about":[{"href":"https:\/\/cdnoticias.com\/index.php\/wp-json\/wp\/v2\/types\/post"}],"author":[{"embeddable":true,"href":"https:\/\/cdnoticias.com\/index.php\/wp-json\/wp\/v2\/users\/4"}],"replies":[{"embeddable":true,"href":"https:\/\/cdnoticias.com\/index.php\/wp-json\/wp\/v2\/comments?post=88830"}],"version-history":[{"count":0,"href":"https:\/\/cdnoticias.com\/index.php\/wp-json\/wp\/v2\/posts\/88830\/revisions"}],"wp:featuredmedia":[{"embeddable":true,"href":"https:\/\/cdnoticias.com\/index.php\/wp-json\/wp\/v2\/media\/88828"}],"wp:attachment":[{"href":"https:\/\/cdnoticias.com\/index.php\/wp-json\/wp\/v2\/media?parent=88830"}],"wp:term":[{"taxonomy":"category","embeddable":true,"href":"https:\/\/cdnoticias.com\/index.php\/wp-json\/wp\/v2\/categories?post=88830"},{"taxonomy":"post_tag","embeddable":true,"href":"https:\/\/cdnoticias.com\/index.php\/wp-json\/wp\/v2\/tags?post=88830"}],"curies":[{"name":"wp","href":"https:\/\/api.w.org\/{rel}","templated":true}]}}