{"id":88814,"date":"2023-06-29T09:30:50","date_gmt":"2023-06-29T12:30:50","guid":{"rendered":"https:\/\/www.centraldenoticias.com.ar\/?p=88814"},"modified":"2023-06-29T10:42:16","modified_gmt":"2023-06-29T13:42:16","slug":"inversion-de-60-millones-de-pesos-para-el-mantenimiento-del-camino-de-la-piedra","status":"publish","type":"post","link":"https:\/\/cdnoticias.com\/index.php\/2023\/06\/29\/inversion-de-60-millones-de-pesos-para-el-mantenimiento-del-camino-de-la-piedra\/","title":{"rendered":"Inversi\u00f3n de 60 millones de pesos para el mantenimiento del Camino de la Piedra"},"content":{"rendered":"<p>La Municipalidad licita los trabajos en una extensi\u00f3n de casi 27 kil\u00f3metros. Los trabajos consisten en regado, nivelaci\u00f3n, bacheo, limpieza y conformado de cunetas y tambi\u00e9n mantenimiento del tramo pavimentado.<\/p>\n<p><!--more--><\/p>\n<hr \/>\n<p>La Municipalidad convoc\u00f3 a las empresas interesadas en llevar adelante el <strong>mantenimiento del Camino de la Piedra<\/strong> para lo que se prev\u00e9 una <strong>inversi\u00f3n de 60 millones de pesos<\/strong>.<\/p>\n<p>&nbsp;<\/p>\n<p>Los pliegos ya est\u00e1n a la venta y la <strong>apertura de ofertas se program\u00f3 para el 13 de julio<\/strong> a las 11 en el Palacio San Mart\u00edn.<\/p>\n<p>&nbsp;<\/p>\n<p>Los trabajos se extender\u00e1n por aproximadamente <strong>26,90 kil\u00f3metros divididos en cuatro tramos<\/strong>. El primero de 19,5 kil\u00f3metros que va <em>desde la ruta nacional 226 hasta el \u201cEnlace N\u00e9stor Carlos Kirchner\u201d<\/em>. El segundo segmento de 3,60 kil\u00f3metros se extiende <em>desde Sierras Bayas hasta el Enlace<\/em>. El tercero de 1,6 kil\u00f3metros <em>desde Colonia San Miguel a Canteras Piatti.<\/em> El cuarto tramo se extiende <em>entre la cantera La Preferida y el Camino de la Piedra<\/em>.<\/p>\n<p>&nbsp;<\/p>\n<p><img data-recalc-dims=\"1\" loading=\"lazy\" decoding=\"async\" class=\"size-full wp-image-88815 aligncenter\" src=\"https:\/\/i0.wp.com\/cdnoticias.com\/wp-content\/uploads\/2023\/06\/camino-de-la-piedra-licitacion.jpg?resize=800%2C445&#038;ssl=1\" alt=\"\" width=\"800\" height=\"445\" srcset=\"https:\/\/i0.wp.com\/cdnoticias.com\/wp-content\/uploads\/2023\/06\/camino-de-la-piedra-licitacion.jpg?w=1000&amp;ssl=1 1000w, https:\/\/i0.wp.com\/cdnoticias.com\/wp-content\/uploads\/2023\/06\/camino-de-la-piedra-licitacion.jpg?resize=300%2C167&amp;ssl=1 300w, https:\/\/i0.wp.com\/cdnoticias.com\/wp-content\/uploads\/2023\/06\/camino-de-la-piedra-licitacion.jpg?resize=768%2C427&amp;ssl=1 768w, https:\/\/i0.wp.com\/cdnoticias.com\/wp-content\/uploads\/2023\/06\/camino-de-la-piedra-licitacion.jpg?resize=800%2C445&amp;ssl=1 800w\" sizes=\"auto, (max-width: 800px) 100vw, 800px\" \/><\/p>\n<p>&nbsp;<\/p>\n<p>Se explic\u00f3 que el camino con <strong>estabilizado granulom\u00e9trico<\/strong> es transitado diariamente por gran cantidad de transportes de carga desde las canteras de la zona, lo cual produce un desmejoramiento de la calzada por la p\u00e9rdida de material fino. Para ello se ha previsto un <strong>continuo regado con dos regadores como m\u00ednimo<\/strong>, tres repasos semanales de toda la traza con <strong>motoniveladora<\/strong>, <strong>bacheo<\/strong> en toda su traza m\u00e1s la limpieza y <strong>conformado de cunetas<\/strong> con la remoci\u00f3n, carga y transporte a acopio que la empresa designe de cualquier elemento que pueda aparecer en las mismas (piedras de primera voladura, etc) todo a cuenta de la contratista.<\/p>\n<p>&nbsp;<\/p>\n<p>El agua para ese regado se extrae del arroyo Nievas o de las canteras. Para ello se aclar\u00f3 que \u201cla solicitud de autorizaci\u00f3n para extraer aguas de canteras corre por exclusiva cuenta de la adjudicataria\u201d.<\/p>\n<p>&nbsp;<\/p>\n<p>El servicio tambi\u00e9n incluye el <strong>mantenimiento del tramo que une el camino pavimentado<\/strong> a Colonia San Miguel y Canteras Piatti. <strong>\u201cSe deber\u00e1 mantener la traza en perfectas condiciones de transitabilidad, realizando tareas de bacheos, limpieza y conformado de cunetas\u201d<\/strong> se detall\u00f3 entre las condiciones para la empresa a cargo de las tareas.<\/p>\n<p>&nbsp;<\/p>\n<p>El plazo de obra es de 12 meses.<\/p>\n<p>&nbsp;<\/p>\n","protected":false},"excerpt":{"rendered":"<p>La Municipalidad licita los trabajos en una extensi\u00f3n de casi 27 kil\u00f3metros. Los trabajos consisten en regado, nivelaci\u00f3n, bacheo, limpieza<\/p>\n","protected":false},"author":4,"featured_media":52966,"comment_status":"closed","ping_status":"closed","sticky":false,"template":"","format":"standard","meta":{"_jetpack_memberships_contains_paid_content":false,"footnotes":""},"categories":[5,1],"tags":[],"class_list":["post-88814","post","type-post","status-publish","format-standard","has-post-thumbnail","hentry","category-informacion-general","category-portada"],"jetpack_featured_media_url":"https:\/\/i0.wp.com\/cdnoticias.com\/wp-content\/uploads\/2022\/04\/Obras-Caminos-Rurales-1024x683-1.jpg?fit=1024%2C683&ssl=1","jetpack_sharing_enabled":true,"_links":{"self":[{"href":"https:\/\/cdnoticias.com\/index.php\/wp-json\/wp\/v2\/posts\/88814","targetHints":{"allow":["GET"]}}],"collection":[{"href":"https:\/\/cdnoticias.com\/index.php\/wp-json\/wp\/v2\/posts"}],"about":[{"href":"https:\/\/cdnoticias.com\/index.php\/wp-json\/wp\/v2\/types\/post"}],"author":[{"embeddable":true,"href":"https:\/\/cdnoticias.com\/index.php\/wp-json\/wp\/v2\/users\/4"}],"replies":[{"embeddable":true,"href":"https:\/\/cdnoticias.com\/index.php\/wp-json\/wp\/v2\/comments?post=88814"}],"version-history":[{"count":0,"href":"https:\/\/cdnoticias.com\/index.php\/wp-json\/wp\/v2\/posts\/88814\/revisions"}],"wp:featuredmedia":[{"embeddable":true,"href":"https:\/\/cdnoticias.com\/index.php\/wp-json\/wp\/v2\/media\/52966"}],"wp:attachment":[{"href":"https:\/\/cdnoticias.com\/index.php\/wp-json\/wp\/v2\/media?parent=88814"}],"wp:term":[{"taxonomy":"category","embeddable":true,"href":"https:\/\/cdnoticias.com\/index.php\/wp-json\/wp\/v2\/categories?post=88814"},{"taxonomy":"post_tag","embeddable":true,"href":"https:\/\/cdnoticias.com\/index.php\/wp-json\/wp\/v2\/tags?post=88814"}],"curies":[{"name":"wp","href":"https:\/\/api.w.org\/{rel}","templated":true}]}}