{"id":88811,"date":"2023-06-29T12:03:26","date_gmt":"2023-06-29T15:03:26","guid":{"rendered":"https:\/\/www.centraldenoticias.com.ar\/?p=88811"},"modified":"2023-06-29T12:03:26","modified_gmt":"2023-06-29T15:03:26","slug":"cientos-de-estudiantes-participaran-de-sociales-en-accion","status":"publish","type":"post","link":"https:\/\/cdnoticias.com\/index.php\/2023\/06\/29\/cientos-de-estudiantes-participaran-de-sociales-en-accion\/","title":{"rendered":"Cientos de estudiantes participar\u00e1n de Sociales en Acci\u00f3n"},"content":{"rendered":"<p>La jornada de articulaci\u00f3n se llevar\u00e1 a cabo el martes 4 de julio. Es organizada por la Facultad de Ciencias Sociales y est\u00e1 destinada a estudiantes secundarios de Olavarr\u00eda y la regi\u00f3n.<!--more--><\/p>\n<hr \/>\n<p>La <strong>Facultad de Ciencias Sociales<\/strong> avanza en la organizaci\u00f3n de una nueva edici\u00f3n de Sociales en Acci\u00f3n, para la cual se ofrecer\u00e1n diversos <strong>talleres y actividades destinadas a estudiantes del Nivel Secundario.<\/strong> Con m\u00e1s de 20 a\u00f1os de trayectoria, la Jornada promueve el desarrollo de acciones de articulaci\u00f3n entre los niveles Secundario y Universitario y de acompa\u00f1amiento a los\/as estudiantes en el proceso de elecci\u00f3n de una carrera universitaria.<\/p>\n<p>&nbsp;<\/p>\n<blockquote><p>El encuentro se realizar\u00e1 el <strong>martes 4 de julio y se extender\u00e1 entre las 9 y las 17 horas.<\/strong> En el mismo se propondr\u00e1n talleres y charlas de distintas tem\u00e1ticas vinculadas a las carreras que se dictan en la FACSO, como Antropolog\u00eda, Arqueolog\u00eda, Comunicaci\u00f3n, Periodismo, Educaci\u00f3n, Producci\u00f3n Medi\u00e1tica, Perspectiva de G\u00e9nero y Educaci\u00f3n Sexual Integral, entre otros.<\/p><\/blockquote>\n<p>&nbsp;<\/p>\n<p>Como ocurre anualmente, <strong>confirmaron ya la participaci\u00f3n cientos de estudiantes de los \u00faltimos a\u00f1os de escuelas secundarias de Olavarr\u00eda y las localidades.<\/strong> La apertura oficial, a cargo de autoridades de la Facultad de Ciencias Sociales, est\u00e1 programada para las 8.30 horas, y posteriormente se concretar\u00e1 la inscripci\u00f3n a los talleres y se pondr\u00e1n en marcha en simult\u00e1neo todas las actividades.<\/p>\n<p>&nbsp;<\/p>\n<p>Adem\u00e1s, habr\u00e1 un espacio recreativo, cafeter\u00eda, venta de tortas, hamburguesas y sorteos para todos los estudiantes que participen del encuentro en ambos turnos.<\/p>\n<p>&nbsp;<\/p>\n<p><img data-recalc-dims=\"1\" loading=\"lazy\" decoding=\"async\" class=\"aligncenter size-full wp-image-76444\" src=\"https:\/\/i0.wp.com\/cdnoticias.com\/wp-content\/uploads\/2023\/02\/facso-facultad-de-ciencias-sociales.jpg?resize=800%2C445&#038;ssl=1\" alt=\"\" width=\"800\" height=\"445\" srcset=\"https:\/\/i0.wp.com\/cdnoticias.com\/wp-content\/uploads\/2023\/02\/facso-facultad-de-ciencias-sociales.jpg?w=800&amp;ssl=1 800w, https:\/\/i0.wp.com\/cdnoticias.com\/wp-content\/uploads\/2023\/02\/facso-facultad-de-ciencias-sociales.jpg?resize=300%2C167&amp;ssl=1 300w, https:\/\/i0.wp.com\/cdnoticias.com\/wp-content\/uploads\/2023\/02\/facso-facultad-de-ciencias-sociales.jpg?resize=768%2C427&amp;ssl=1 768w\" sizes=\"auto, (max-width: 800px) 100vw, 800px\" \/><\/p>\n<p>&nbsp;<\/p>\n<p><strong>Talleres:<\/strong><\/p>\n<p>&nbsp;<\/p>\n<p>-Alguien se fue del grupo, una historia sin final: claves para formar parte de un grupo<\/p>\n<p>&nbsp;<\/p>\n<p>-Asociativismo ATR, propuesta sobre el desarrollo de las cooperativas escolares como proyecto pedag\u00f3gico<\/p>\n<p>&nbsp;<\/p>\n<p>-\u00a1Auxilio! \u00bfC\u00f3mo entrar a la Universidad sin morir en el intento? Propuesta que acerca a los\/as participantes del taller al \u00e1mbito universitario y al oficio del estudiante<\/p>\n<p>&nbsp;<\/p>\n<p>-Centro de Estudiantes de Sociales &#8211; Representaci\u00f3n Pol\u00edtica Estudiantil<\/p>\n<p>&nbsp;<\/p>\n<p>-Cine en Democracia: narrativas de los 40 a\u00f1os<\/p>\n<p>&nbsp;<\/p>\n<p>-Del Cine a la Antropolog\u00eda: propuesta sobre las principales herramientas que brinda la antropolog\u00eda social para el estudio de la cultura y mundos sociales diversos<\/p>\n<p>&nbsp;<\/p>\n<p>-Descifrando la escena del crimen: m\u00e9todos y t\u00e9cnicas propios de la arqueolog\u00eda que pueden ser aplicados a un contexto forense<\/p>\n<p>&nbsp;<\/p>\n<p>-Etiquetado frontal de noticias: \u00bfQu\u00e9 verso nos estamos comiendo? En este taller se van a conocer los conceptos elementales que permiten entender el problema de la desinformaci\u00f3n<\/p>\n<p>&nbsp;<\/p>\n<p>-Navegando la Tormenta Informativa: herramientas para leer informaci\u00f3n. Se propone dialogar acerca de los consumos medi\u00e1ticos en diferentes medios y redes sociales sobre informaci\u00f3n pol\u00edtica.<\/p>\n<p>&nbsp;<\/p>\n<p>-Periodistas por un d\u00eda: a partir de la experiencia en la Agencia de Noticias Comunica se invita a los\/as estudiantes a vivir en primera persona c\u00f3mo es un d\u00eda de un periodista en la oficina de redacci\u00f3n.<\/p>\n<p>&nbsp;<\/p>\n<p>-Producci\u00f3n Radiof\u00f3nica: se conocer\u00e1n los elementos b\u00e1sicos del lenguaje radiof\u00f3nico, as\u00ed como los roles de la producci\u00f3n radiof\u00f3nica.<\/p>\n<p>&nbsp;<\/p>\n<p>-Taller de arqueolog\u00eda. Detectives del pasado en el futuro: se trabajar\u00e1 sobre la Arqueolog\u00eda como disciplina antropol\u00f3gica generadora de conocimiento sobre los modos de vida de las sociedades del pasado y su impacto en la sociedad actual<\/p>\n<p>&nbsp;<\/p>\n<p>-Taller de TV \u00bfHacemos tele? Se trata de adquirir habilidades y conocimientos relacionados con la lectura, comprensi\u00f3n e interpretaci\u00f3n y tambi\u00e9n el desarrollo de capacidades vinculadas a la expresi\u00f3n-creaci\u00f3n de textos audiovisuales.<\/p>\n<p>&nbsp;<\/p>\n<p>-Tras la huella de un antrop\u00f3logo\/a: a modo de detective con su lupa se pretende buscar aquellas huellas que caracterizan el oficio antropol\u00f3gico a fin de desmitificar algunas ideas sobre la antropolog\u00eda: qu\u00e9 es, qu\u00e9 estudia y c\u00f3mo lo hace<\/p>\n<p>&nbsp;<\/p>\n<p>-Memes: humor, imaginaci\u00f3n y cr\u00edtica social: una reflexi\u00f3n sobre el humor de los memes como expresi\u00f3n de la cultura digital, que invita a debatir a partir de los memes en tanto representaciones sociales y conocer el enfoque comunicacional del humor<\/p>\n<p>&nbsp;<\/p>\n<p>-Somos Diversidad: se abordar\u00e1n temas relacionados a la ESI y la diversidad<\/p>\n<p>&nbsp;<\/p>\n<p>Consultas: de lunes a viernes de 9 a 18 horas en la Secretar\u00eda de Extensi\u00f3n de la Facultad de Ciencias Sociales, Complejo Universitario Olavarr\u00eda, Avda. Del Valle 5737. Tel: 450331 interno 8071. Email: socialesenaccion.olavarria@gmail.com<\/p>\n<p>&nbsp;<\/p>\n","protected":false},"excerpt":{"rendered":"<p>La jornada de articulaci\u00f3n se llevar\u00e1 a cabo el martes 4 de julio. Es organizada por la Facultad de Ciencias<\/p>\n","protected":false},"author":5,"featured_media":64391,"comment_status":"closed","ping_status":"closed","sticky":false,"template":"","format":"standard","meta":{"_jetpack_memberships_contains_paid_content":false,"footnotes":""},"categories":[5,1],"tags":[],"class_list":["post-88811","post","type-post","status-publish","format-standard","has-post-thumbnail","hentry","category-informacion-general","category-portada"],"jetpack_featured_media_url":"https:\/\/i0.wp.com\/cdnoticias.com\/wp-content\/uploads\/2022\/09\/Sociales-en-Accion1.jpg?fit=1480%2C922&ssl=1","jetpack_sharing_enabled":true,"_links":{"self":[{"href":"https:\/\/cdnoticias.com\/index.php\/wp-json\/wp\/v2\/posts\/88811","targetHints":{"allow":["GET"]}}],"collection":[{"href":"https:\/\/cdnoticias.com\/index.php\/wp-json\/wp\/v2\/posts"}],"about":[{"href":"https:\/\/cdnoticias.com\/index.php\/wp-json\/wp\/v2\/types\/post"}],"author":[{"embeddable":true,"href":"https:\/\/cdnoticias.com\/index.php\/wp-json\/wp\/v2\/users\/5"}],"replies":[{"embeddable":true,"href":"https:\/\/cdnoticias.com\/index.php\/wp-json\/wp\/v2\/comments?post=88811"}],"version-history":[{"count":0,"href":"https:\/\/cdnoticias.com\/index.php\/wp-json\/wp\/v2\/posts\/88811\/revisions"}],"wp:featuredmedia":[{"embeddable":true,"href":"https:\/\/cdnoticias.com\/index.php\/wp-json\/wp\/v2\/media\/64391"}],"wp:attachment":[{"href":"https:\/\/cdnoticias.com\/index.php\/wp-json\/wp\/v2\/media?parent=88811"}],"wp:term":[{"taxonomy":"category","embeddable":true,"href":"https:\/\/cdnoticias.com\/index.php\/wp-json\/wp\/v2\/categories?post=88811"},{"taxonomy":"post_tag","embeddable":true,"href":"https:\/\/cdnoticias.com\/index.php\/wp-json\/wp\/v2\/tags?post=88811"}],"curies":[{"name":"wp","href":"https:\/\/api.w.org\/{rel}","templated":true}]}}