{"id":88799,"date":"2023-06-29T08:24:23","date_gmt":"2023-06-29T11:24:23","guid":{"rendered":"https:\/\/www.centraldenoticias.com.ar\/?p=88799"},"modified":"2023-06-29T08:24:23","modified_gmt":"2023-06-29T11:24:23","slug":"convocatoria-a-escritores-locales-para-la-27o-feria-libros-en-olavarria","status":"publish","type":"post","link":"https:\/\/cdnoticias.com\/index.php\/2023\/06\/29\/convocatoria-a-escritores-locales-para-la-27o-feria-libros-en-olavarria\/","title":{"rendered":"Convocatoria a escritores locales para la 27\u00ba Feria Libros en Olavarr\u00eda"},"content":{"rendered":"<p>Las personas interesadas tendr\u00e1n tiempo de anotarse hasta el pr\u00f3ximo 28 de julio inclusive. El evento se llevar\u00e1 a cabo desde el 13 y hasta el 17 de septiembre en el Centro Cultural San Jos\u00e9.<!--more--><\/p>\n<hr \/>\n<p>Desde el <strong>13 y hasta el 17 de septiembre<\/strong> se llevar\u00e1 a cabo la <strong>edici\u00f3n N\u00b0 27 de la Feria Libros en Olavarr\u00eda,<\/strong> que tendr\u00e1 como sede el <strong>Centro Cultural San Jos\u00e9<\/strong>. La Feria Libros en Olavarr\u00eda es un evento cultural de gran inter\u00e9s que ofrece m\u00faltiples y diversas propuestas, como charlas, talleres, espacios l\u00fadicos-recreativos y exposiciones, adem\u00e1s de venta y presentaciones de libros.<\/p>\n<p>&nbsp;<\/p>\n<p>Entre esas propuestas se encuentra la <strong>presentaci\u00f3n de escritores locales, regionales y nacionales,<\/strong> quienes ven en esta actividad la posibilidad de dar a conocer sus obras.<\/p>\n<p>&nbsp;<\/p>\n<p>En ese marco, se invita a escritores locales a participar. Aquellas personas interesadas <strong>tendr\u00e1n tiempo de anotarse hasta el pr\u00f3ximo 28 de julio inclusive,<\/strong> pudi\u00e9ndolo hacer a trav\u00e9s del formulario online al que se accede haciendo <a href=\"https:\/\/docs.google.com\/forms\/d\/1kf3sefJ1ZDSx59QfRu6G2unvvZcpij77QtV6t2rqjII\/viewform?pli=1&amp;pli=1&amp;edit_requested=true\" target=\"_blank\" rel=\"noopener\">click aqu\u00ed.<\/a><\/p>\n<p>&nbsp;<\/p>\n<p>El <strong>cupo de escritores seleccionados ser\u00e1 limitado<\/strong> dada la programaci\u00f3n prevista. Desde los organizadores se especific\u00f3, adem\u00e1s, que quienes quieran anotarse deber\u00e1n tener en cuenta los<strong> siguientes requisitos:<\/strong><\/p>\n<p>&nbsp;<\/p>\n<p>* Residir en el Partido de Olavarr\u00eda.<\/p>\n<p>* Haber publicado una obra entre los a\u00f1os 2019 \u2013 2023.<\/p>\n<p>* No haberlo presentado con anterioridad (preferentemente).<\/p>\n<p>&nbsp;<\/p>\n<p>Una vez finalizado el per\u00edodo de inscripci\u00f3n, <em>los organizadores se comunicar\u00e1n con cada solicitante para informar si los autores quedan confirmados dentro de la programaci\u00f3n 2023<\/em> y, en tal caso, cu\u00e1l ser\u00e1 el d\u00eda, horario y sala de presentaci\u00f3n, as\u00ed como otras especificaciones que resulten necesarias. A la vez, los organizadores se reservan el derecho a proponer a los solicitantes la presentaci\u00f3n conjunta y\/o colectiva de obras\/autores afines en el \u00e1mbito de una misma mesa.<\/p>\n","protected":false},"excerpt":{"rendered":"<p>Las personas interesadas tendr\u00e1n tiempo de anotarse hasta el pr\u00f3ximo 28 de julio inclusive. El evento se llevar\u00e1 a cabo<\/p>\n","protected":false},"author":6,"featured_media":88800,"comment_status":"closed","ping_status":"closed","sticky":false,"template":"","format":"standard","meta":{"_jetpack_memberships_contains_paid_content":false,"footnotes":""},"categories":[9,1],"tags":[],"class_list":["post-88799","post","type-post","status-publish","format-standard","has-post-thumbnail","hentry","category-cultura","category-portada"],"jetpack_featured_media_url":"https:\/\/i0.wp.com\/cdnoticias.com\/wp-content\/uploads\/2023\/06\/Feria-del-Libro-8-800x445-1.jpg?fit=800%2C445&ssl=1","jetpack_sharing_enabled":true,"_links":{"self":[{"href":"https:\/\/cdnoticias.com\/index.php\/wp-json\/wp\/v2\/posts\/88799","targetHints":{"allow":["GET"]}}],"collection":[{"href":"https:\/\/cdnoticias.com\/index.php\/wp-json\/wp\/v2\/posts"}],"about":[{"href":"https:\/\/cdnoticias.com\/index.php\/wp-json\/wp\/v2\/types\/post"}],"author":[{"embeddable":true,"href":"https:\/\/cdnoticias.com\/index.php\/wp-json\/wp\/v2\/users\/6"}],"replies":[{"embeddable":true,"href":"https:\/\/cdnoticias.com\/index.php\/wp-json\/wp\/v2\/comments?post=88799"}],"version-history":[{"count":0,"href":"https:\/\/cdnoticias.com\/index.php\/wp-json\/wp\/v2\/posts\/88799\/revisions"}],"wp:featuredmedia":[{"embeddable":true,"href":"https:\/\/cdnoticias.com\/index.php\/wp-json\/wp\/v2\/media\/88800"}],"wp:attachment":[{"href":"https:\/\/cdnoticias.com\/index.php\/wp-json\/wp\/v2\/media?parent=88799"}],"wp:term":[{"taxonomy":"category","embeddable":true,"href":"https:\/\/cdnoticias.com\/index.php\/wp-json\/wp\/v2\/categories?post=88799"},{"taxonomy":"post_tag","embeddable":true,"href":"https:\/\/cdnoticias.com\/index.php\/wp-json\/wp\/v2\/tags?post=88799"}],"curies":[{"name":"wp","href":"https:\/\/api.w.org\/{rel}","templated":true}]}}