{"id":88776,"date":"2023-06-28T18:56:03","date_gmt":"2023-06-28T21:56:03","guid":{"rendered":"https:\/\/www.centraldenoticias.com.ar\/?p=88776"},"modified":"2023-06-28T20:36:37","modified_gmt":"2023-06-28T23:36:37","slug":"secuestraron-mas-de-un-kilo-de-marihuana-y-hay-dos-detenidos","status":"publish","type":"post","link":"https:\/\/cdnoticias.com\/index.php\/2023\/06\/28\/secuestraron-mas-de-un-kilo-de-marihuana-y-hay-dos-detenidos\/","title":{"rendered":"Secuestraron m\u00e1s de un kilo de marihuana y hay dos detenidos"},"content":{"rendered":"<p>Est\u00e1n acusados de comercio de estupefacientes. El hallazgo de la droga fue el resultado de un allanamiento realizado en el barrio Facundo Quiroga 2 en una investigaci\u00f3n penal por \u201churto\u201d.<\/p>\n<p><!--more--><\/p>\n<hr \/>\n<p>En una <strong>vivienda del barrio Facundo Quiroga 2<\/strong> de la ciudad de Olavarr\u00eda <strong>fue hallada m\u00e1s de un kilo de marihuana<\/strong> fraccionada para la venta.<\/p>\n<p>&nbsp;<\/p>\n<p><strong>Dos personas<\/strong> quedaron <strong>detenidas<\/strong> en ese marco, acusadas de <strong>comercializaci\u00f3n de estupefacientes<\/strong>.<\/p>\n<p>&nbsp;<\/p>\n<p>Seg\u00fan se inform\u00f3, <strong>personal policial de la Sub DDI de Olavarr\u00eda<\/strong> hizo efectiva el viernes por la ma\u00f1ana una orden de allanamiento emitida por el Juzgado de Garant\u00edas N\u00ba de 1 de nuestra ciudad a cargo de la jueza Fabiana San Rom\u00e1n.<\/p>\n<p>&nbsp;<\/p>\n<p>La medida hab\u00eda sido solicitada por la doctora Mirta Deroni de la Ayudant\u00eda Fiscal de Autores Ignorados en el marco de una <strong>investigaci\u00f3n penal por \u201churto\u201d.<\/strong><\/p>\n<p>&nbsp;<\/p>\n<p>Como resultado del procedimiento se procedi\u00f3 al <strong>secuestro de seis equipos telef\u00f3nicos<\/strong> que ser\u00edan de sumo inter\u00e9s para el expediente penal en tr\u00e1mite.<\/p>\n<p>&nbsp;<\/p>\n<p>Se detall\u00f3 que asimismo en la requisa y registro efectuado sobre la vivienda<strong> se encontr\u00f3 gran cantidad de marihuana fraccionada<\/strong> en varias bolsas y frascos de vidrio arrojando un pesaje total de <strong>1.150 kilos<\/strong>.<\/p>\n<p>&nbsp;<\/p>\n<p>Con ese hallazgo se dio intervenci\u00f3n a la <strong>UFI N\u00ba 19 local a cargo del fiscal Lucas Moyano<\/strong> quien dispuso la <strong>aprehensi\u00f3n de dos masculinos mayores de edad<\/strong> por \u201cinfracci\u00f3n a la ley 23.737\u201d, espec\u00edficamente bajo la acusaci\u00f3n de <strong>tenencia de estupefacientes con fines de comercializaci\u00f3n directamente al consumidor<\/strong>.<\/p>\n<p>&nbsp;<\/p>\n<p>Se agreg\u00f3 que la situaci\u00f3n procesal de los acusados fue convertida a <strong>detenci\u00f3n<\/strong> en los d\u00edas siguientes por pedido del fiscal Moyano y resoluci\u00f3n del Juzgado de Garant\u00edas N\u00ba 1 interviniente.<\/p>\n<p>&nbsp;<\/p>\n","protected":false},"excerpt":{"rendered":"<p>Est\u00e1n acusados de comercio de estupefacientes. El hallazgo de la droga fue el resultado de un allanamiento realizado en el<\/p>\n","protected":false},"author":4,"featured_media":88777,"comment_status":"closed","ping_status":"closed","sticky":false,"template":"","format":"standard","meta":{"_jetpack_memberships_contains_paid_content":false,"footnotes":""},"categories":[14,1],"tags":[],"class_list":["post-88776","post","type-post","status-publish","format-standard","has-post-thumbnail","hentry","category-policiales","category-portada"],"jetpack_featured_media_url":"https:\/\/i0.wp.com\/cdnoticias.com\/wp-content\/uploads\/2023\/06\/allanamiento-facundo-quiroga-00.jpg?fit=800%2C445&ssl=1","jetpack_sharing_enabled":true,"_links":{"self":[{"href":"https:\/\/cdnoticias.com\/index.php\/wp-json\/wp\/v2\/posts\/88776","targetHints":{"allow":["GET"]}}],"collection":[{"href":"https:\/\/cdnoticias.com\/index.php\/wp-json\/wp\/v2\/posts"}],"about":[{"href":"https:\/\/cdnoticias.com\/index.php\/wp-json\/wp\/v2\/types\/post"}],"author":[{"embeddable":true,"href":"https:\/\/cdnoticias.com\/index.php\/wp-json\/wp\/v2\/users\/4"}],"replies":[{"embeddable":true,"href":"https:\/\/cdnoticias.com\/index.php\/wp-json\/wp\/v2\/comments?post=88776"}],"version-history":[{"count":0,"href":"https:\/\/cdnoticias.com\/index.php\/wp-json\/wp\/v2\/posts\/88776\/revisions"}],"wp:featuredmedia":[{"embeddable":true,"href":"https:\/\/cdnoticias.com\/index.php\/wp-json\/wp\/v2\/media\/88777"}],"wp:attachment":[{"href":"https:\/\/cdnoticias.com\/index.php\/wp-json\/wp\/v2\/media?parent=88776"}],"wp:term":[{"taxonomy":"category","embeddable":true,"href":"https:\/\/cdnoticias.com\/index.php\/wp-json\/wp\/v2\/categories?post=88776"},{"taxonomy":"post_tag","embeddable":true,"href":"https:\/\/cdnoticias.com\/index.php\/wp-json\/wp\/v2\/tags?post=88776"}],"curies":[{"name":"wp","href":"https:\/\/api.w.org\/{rel}","templated":true}]}}