{"id":88752,"date":"2023-06-28T12:01:32","date_gmt":"2023-06-28T15:01:32","guid":{"rendered":"https:\/\/www.centraldenoticias.com.ar\/?p=88752"},"modified":"2023-06-28T13:24:45","modified_gmt":"2023-06-28T16:24:45","slug":"barrio-carlos-pellegrini-en-movimiento-comenzo-la-construccion-del-cordon-cuneta","status":"publish","type":"post","link":"https:\/\/cdnoticias.com\/index.php\/2023\/06\/28\/barrio-carlos-pellegrini-en-movimiento-comenzo-la-construccion-del-cordon-cuneta\/","title":{"rendered":"Barrio Carlos Pellegrini en movimiento: comenz\u00f3 la construcci\u00f3n del cord\u00f3n cuneta"},"content":{"rendered":"<p>Abarca 44 cuadras con una inversi\u00f3n de m\u00e1s de 180 millones de pesos. Las tareas incluyen la realizaci\u00f3n de desag\u00fces pluviales y el entoscado de calles.<!--more--><\/p>\n<hr \/>\n<p>En la ma\u00f1ana de este mi\u00e9rcoles, el Intendente Ezequiel Galli recorri\u00f3 el avance de la <strong>construcci\u00f3n del cord\u00f3n cuneta en el barrio Carlos Pellegrini.<\/strong> Estuvo acompa\u00f1ado por el secretario de Mantenimiento y Obras P\u00fablicas Julio Ferraro. La obra incluye el entoscado de calles.<\/p>\n<p>&nbsp;<\/p>\n<p>Los trabajos requieren una <strong>inversi\u00f3n superior a los 180 millones de pesos<\/strong> y se encuentran a cargo de Atak SRL, empresa adjudicataria de la licitaci\u00f3n.<\/p>\n<p>&nbsp;<\/p>\n<blockquote><p>\u201cEs una obra muy esperada por todo el barrio, que surgi\u00f3 del di\u00e1logo que tenemos de manera permanente con todos los vecinos del Partido de Olavarr\u00eda y que vamos a afrontar con fondos municipales\u201d, expres\u00f3 el Intendente.<\/p><\/blockquote>\n<p>&nbsp;<\/p>\n<p>Al momento del inicio de obra, el barrio presentaba calles con un entoscado calc\u00e1reo compactado, lo que permite la proliferaci\u00f3n de baches con acumulaci\u00f3n de agua y polvo en suspensi\u00f3n en forma continua, lo cual obliga a un permanente mantenimiento con equipo apropiado a un importante costo para las arcas municipales. En ese sentido, la realizaci\u00f3n del cord\u00f3n cuneta permitir\u00e1 la <strong>r\u00e1pida evacuaci\u00f3n de agua a los desag\u00fces pluviales, que tambi\u00e9n se construir\u00e1n en la presente obra.<\/strong><\/p>\n<p>&nbsp;<\/p>\n<p><img data-recalc-dims=\"1\" loading=\"lazy\" decoding=\"async\" class=\"aligncenter size-full wp-image-88754\" src=\"https:\/\/i0.wp.com\/cdnoticias.com\/wp-content\/uploads\/2023\/06\/Obras-Cordon-Cuneta-Carlos-Pellegrini-2-scaled-1.jpg?resize=800%2C445&#038;ssl=1\" alt=\"\" width=\"800\" height=\"445\" srcset=\"https:\/\/i0.wp.com\/cdnoticias.com\/wp-content\/uploads\/2023\/06\/Obras-Cordon-Cuneta-Carlos-Pellegrini-2-scaled-1.jpg?w=800&amp;ssl=1 800w, https:\/\/i0.wp.com\/cdnoticias.com\/wp-content\/uploads\/2023\/06\/Obras-Cordon-Cuneta-Carlos-Pellegrini-2-scaled-1.jpg?resize=300%2C167&amp;ssl=1 300w, https:\/\/i0.wp.com\/cdnoticias.com\/wp-content\/uploads\/2023\/06\/Obras-Cordon-Cuneta-Carlos-Pellegrini-2-scaled-1.jpg?resize=768%2C427&amp;ssl=1 768w\" sizes=\"auto, (max-width: 800px) 100vw, 800px\" \/><\/p>\n<p>&nbsp;<\/p>\n<p>Es por ello que se contempla, adem\u00e1s de la <strong>construcci\u00f3n de 44 cuadras<\/strong>, la colocaci\u00f3n de 350 metros de conducto pluvial de ca\u00f1os pre moldeados, con cabeza de 0,80 metros de di\u00e1metro con sumideros tipo S4 y conexiones con ca\u00f1os pre moldeados con cabeza de 0,60 metros de di\u00e1metro interno.<\/p>\n<p>&nbsp;<\/p>\n<p>En detalle, la<strong> n\u00f3mina de cuadras<\/strong> es la siguiente:<\/p>\n<p>&nbsp;<\/p>\n<p>Ant\u00e1rtida Argentina (102) entre avenida De los Trabajadores y Colectora (5 Cuadras)<\/p>\n<p>Islas Malvinas (100) entre avenida De los Trabajadores y Colectora (5 Cuadras)<\/p>\n<p>Tierra Del Fuego entre Avenida De los Trabajadores y Colectora\u00a0 (5 Cuadras)<\/p>\n<p>Santa Cruz entre Calle 98 y Colectora (3 Cuadras)<\/p>\n<p>Elena P. de Fortabat entre Calle 98 y Colectora (3 Cuadras)<\/p>\n<p>Colectora entre avenida Pellegrini y Elena P. de Fortabat (5 Cuadras)<\/p>\n<p>Calle 102 entre avenida Pellegrini y Colectora (5 Cuadras)<\/p>\n<p>Calle 100 entre avenida Pellegrini y Colectora (5 Cuadras)<\/p>\n<p>Calle 98 entre avenida Pellegrini y Colectora (5 Cuadras)<\/p>\n<p>Calle 96 entre avenida Pellegrini y Tierra Del Fuego (3 Cuadras)<\/p>\n","protected":false},"excerpt":{"rendered":"<p>Abarca 44 cuadras con una inversi\u00f3n de m\u00e1s de 180 millones de pesos. Las tareas incluyen la realizaci\u00f3n de desag\u00fces<\/p>\n","protected":false},"author":5,"featured_media":88753,"comment_status":"closed","ping_status":"closed","sticky":false,"template":"","format":"standard","meta":{"_jetpack_memberships_contains_paid_content":false,"footnotes":""},"categories":[5,1],"tags":[],"class_list":["post-88752","post","type-post","status-publish","format-standard","has-post-thumbnail","hentry","category-informacion-general","category-portada"],"jetpack_featured_media_url":"https:\/\/i0.wp.com\/cdnoticias.com\/wp-content\/uploads\/2023\/06\/Obras-Cordon-Cuneta-Carlos-Pellegrini-1-scaled-1.jpg?fit=800%2C445&ssl=1","jetpack_sharing_enabled":true,"_links":{"self":[{"href":"https:\/\/cdnoticias.com\/index.php\/wp-json\/wp\/v2\/posts\/88752","targetHints":{"allow":["GET"]}}],"collection":[{"href":"https:\/\/cdnoticias.com\/index.php\/wp-json\/wp\/v2\/posts"}],"about":[{"href":"https:\/\/cdnoticias.com\/index.php\/wp-json\/wp\/v2\/types\/post"}],"author":[{"embeddable":true,"href":"https:\/\/cdnoticias.com\/index.php\/wp-json\/wp\/v2\/users\/5"}],"replies":[{"embeddable":true,"href":"https:\/\/cdnoticias.com\/index.php\/wp-json\/wp\/v2\/comments?post=88752"}],"version-history":[{"count":0,"href":"https:\/\/cdnoticias.com\/index.php\/wp-json\/wp\/v2\/posts\/88752\/revisions"}],"wp:featuredmedia":[{"embeddable":true,"href":"https:\/\/cdnoticias.com\/index.php\/wp-json\/wp\/v2\/media\/88753"}],"wp:attachment":[{"href":"https:\/\/cdnoticias.com\/index.php\/wp-json\/wp\/v2\/media?parent=88752"}],"wp:term":[{"taxonomy":"category","embeddable":true,"href":"https:\/\/cdnoticias.com\/index.php\/wp-json\/wp\/v2\/categories?post=88752"},{"taxonomy":"post_tag","embeddable":true,"href":"https:\/\/cdnoticias.com\/index.php\/wp-json\/wp\/v2\/tags?post=88752"}],"curies":[{"name":"wp","href":"https:\/\/api.w.org\/{rel}","templated":true}]}}