{"id":8874,"date":"2020-12-13T11:22:55","date_gmt":"2020-12-13T14:22:55","guid":{"rendered":"http:\/\/www.centraldenoticias.com.ar\/?p=8874"},"modified":"2020-12-20T12:20:15","modified_gmt":"2020-12-20T15:20:15","slug":"aumento-de-agua-fuera-de-contexto","status":"publish","type":"post","link":"https:\/\/cdnoticias.com\/index.php\/2020\/12\/13\/aumento-de-agua-fuera-de-contexto\/","title":{"rendered":"Aumento de agua fuera de contexto"},"content":{"rendered":"<p>Por Mart\u00edn Lastape (*)\u00a0<!--more--><\/p>\n<hr \/>\n<p>El \u00faltimo jueves se sentenci\u00f3 que a partir del 1 de enero de 2021<strong> el consumo de agua de los vecinos de Olavarr\u00eda tendr\u00e1 un nuevo impacto en las econom\u00edas hogare\u00f1as<\/strong> ya de por s\u00ed muy golpeada en medio del contexto que nos toca atravesar. El pedido presentado por Coopelectric para el aumento del servicio de agua y cloacas fue aprobado en la sesi\u00f3n del HCD por 11 votos a 9, por lo cual tendremos un incremento del servicio del 97 %.<\/p>\n<p>&nbsp;<\/p>\n<p>Como es de p\u00fablico conocimiento, y representando a la UCR local y los principios que representa, <strong>no acompa\u00f1\u00e9 el pedido de la Cooperativa entendiendo lo poco oportuno del aumento y la falta de entendimiento de la realidad que atraviesan miles de olavarrienses por estos d\u00edas.<\/strong> En la sesi\u00f3n solicitamos que el expediente vuelva a comisi\u00f3n para poder evaluar en profundidad la nueva propuesta, lo cual creo primordial para poder analizar la viabilidad de dicho aumento y el impacto directo que tendr\u00e1 en las empresas y PYMES locales, pero fundamentalmente en los ya golpeados bolsillos de los vecinos de Olavarr\u00eda.<strong> Estamos atravesando un contexto de extensi\u00f3n de pandemia y cuadro de emergencia econ\u00f3mica, que viene acompa\u00f1ado por falta de trabajo, aumentos de precios y una proyecci\u00f3n de la inflaci\u00f3n anual estimada por el gobierno nacional para 2021 superior al 40%.<\/strong><\/p>\n<p>&nbsp;<\/p>\n<p>Pero no puedo detenerme \u00fanicamente en el aumento tarifario. <strong>Hoy estamos hablando de un servicio de agua potable que est\u00e1 demostrando graves falencias en su funcionamiento.<\/strong> Y es all\u00ed, donde debo insistir \u00a0que Olavarr\u00eda debe tener un Organismo Municipal que controle los servicios concesionarios. Desde la UCR de Olavarr\u00eda trabajamos y presentamos en tres oportunidades un proyecto para crear dicho organismo (presentado por \u00faltima vez en el a\u00f1o 2019).<\/p>\n<p>&nbsp;<\/p>\n<blockquote><p>Con este organismo en funciones hoy podr\u00edamos controlar no solo las bases y procedimientos para el c\u00e1lculo de tarifas de los contratos que otorguen las concesiones\u00a0(elaboraci\u00f3n de los cuadros tarifarios, modificaciones de precios, etc.), sino tambi\u00e9n cuidar el buen funcionamiento y mantenimiento de los servicios (aplicando las penalidades correspondientes en caso de incurrir en incumplimiento de sus obligaciones).<\/p><\/blockquote>\n<p>&nbsp;<\/p>\n<p>Hoy, por el contrario, nos encontramos con una<strong> prestadora de servicios que presiona a los diferentes estamentos gubernamentales (m\u00e1s all\u00e1 de que haya quienes se presten a ese juego), con el \u00fanico fin de seguir manej\u00e1ndose como una EMPRESA privada<\/strong>, y no como una cooperativa que est\u00e1 inmersa en la comunidad que la sostiene, brindando servicios acordes y coherentes a lo que sus propios vecinos le demandan.<\/p>\n<p>&nbsp;<\/p>\n<p>(*) Concejal del bloque UCR Olavarr\u00eda<\/p>\n","protected":false},"excerpt":{"rendered":"<p>Por Mart\u00edn Lastape (*)\u00a0<\/p>\n","protected":false},"author":2,"featured_media":1824,"comment_status":"closed","ping_status":"closed","sticky":false,"template":"","format":"standard","meta":{"_jetpack_memberships_contains_paid_content":false,"footnotes":""},"categories":[11],"tags":[],"class_list":["post-8874","post","type-post","status-publish","format-standard","has-post-thumbnail","hentry","category-mipalabra"],"jetpack_featured_media_url":"https:\/\/i0.wp.com\/cdnoticias.com\/wp-content\/uploads\/2020\/09\/HCD-lastape.jpg?fit=703%2C414&ssl=1","jetpack_sharing_enabled":true,"_links":{"self":[{"href":"https:\/\/cdnoticias.com\/index.php\/wp-json\/wp\/v2\/posts\/8874","targetHints":{"allow":["GET"]}}],"collection":[{"href":"https:\/\/cdnoticias.com\/index.php\/wp-json\/wp\/v2\/posts"}],"about":[{"href":"https:\/\/cdnoticias.com\/index.php\/wp-json\/wp\/v2\/types\/post"}],"author":[{"embeddable":true,"href":"https:\/\/cdnoticias.com\/index.php\/wp-json\/wp\/v2\/users\/2"}],"replies":[{"embeddable":true,"href":"https:\/\/cdnoticias.com\/index.php\/wp-json\/wp\/v2\/comments?post=8874"}],"version-history":[{"count":0,"href":"https:\/\/cdnoticias.com\/index.php\/wp-json\/wp\/v2\/posts\/8874\/revisions"}],"wp:featuredmedia":[{"embeddable":true,"href":"https:\/\/cdnoticias.com\/index.php\/wp-json\/wp\/v2\/media\/1824"}],"wp:attachment":[{"href":"https:\/\/cdnoticias.com\/index.php\/wp-json\/wp\/v2\/media?parent=8874"}],"wp:term":[{"taxonomy":"category","embeddable":true,"href":"https:\/\/cdnoticias.com\/index.php\/wp-json\/wp\/v2\/categories?post=8874"},{"taxonomy":"post_tag","embeddable":true,"href":"https:\/\/cdnoticias.com\/index.php\/wp-json\/wp\/v2\/tags?post=8874"}],"curies":[{"name":"wp","href":"https:\/\/api.w.org\/{rel}","templated":true}]}}