{"id":88698,"date":"2023-06-27T19:17:44","date_gmt":"2023-06-27T22:17:44","guid":{"rendered":"https:\/\/www.centraldenoticias.com.ar\/?p=88698"},"modified":"2023-06-27T19:17:44","modified_gmt":"2023-06-27T22:17:44","slug":"maria-ignacia-anastasio-viuda-de-ondicol-q-e-p-d","status":"publish","type":"post","link":"https:\/\/cdnoticias.com\/index.php\/2023\/06\/27\/maria-ignacia-anastasio-viuda-de-ondicol-q-e-p-d\/","title":{"rendered":"Mar\u00eda Ignacia Anastasio viuda de Ondicol (Q.E.P.D.)"},"content":{"rendered":"<p>Falleci\u00f3 en Olavarr\u00eda el d\u00eda 27 de junio de 2023 a los 90 a\u00f1os. Sus hijos Oscar y Oreste Ondicol. Sus hijas pol\u00edticas Mar\u00eda Haydee Cassou y Alicia Aguirre. Sus nietos Flavia, Cristian, Gabriela, Juan Manuel y Alejandro Ondicol. Sus nietos pol\u00edticos Diego, Martin, Daniela y Charo. Sus bisnietos Mart\u00edn , Fiama, Jean Pierre, Bianca, Julia, Hern\u00e1n, Nina, Vito, Dai y Joaqu\u00edn. Su hermana Pocha. Sus hermanos pol\u00edticos. Sus sobrinos. Su colaboradora Ver\u00f3nica y dem\u00e1s deudos participan su fallecimiento.<\/p>\n<p>&nbsp;<\/p>\n<p>Velatorio: Espa\u00f1a 2942 departamento &#8220;D&#8221;. Comienza el mi\u00e9rcoles 28 de junio a las 11:30. Responso: Capilla Ardiente. Inhumaci\u00f3n: Cementerio Loma de Paz, mi\u00e9rcoles 28 de junio a las 11:30. Servicio adherido a Coopelectric.<\/p>\n<p>&nbsp;<\/p>\n<p>Barrio en el que viv\u00eda: Pueblo Nuevo.<\/p>\n<p>Lugar de nacimiento: Rauch.<\/p>\n<p>Actividad que desarrollaba:\u00a0 Jubilada y Pensionada. Durante muchos a\u00f1os a la Asociaci\u00f3n de Canasteras.<\/p>\n","protected":false},"excerpt":{"rendered":"<p>Falleci\u00f3 en Olavarr\u00eda el d\u00eda 27 de junio de 2023 a los 90 a\u00f1os. Sus hijos Oscar y Oreste Ondicol.<\/p>\n","protected":false},"author":6,"featured_media":67646,"comment_status":"closed","ping_status":"closed","sticky":false,"template":"","format":"standard","meta":{"_jetpack_memberships_contains_paid_content":false,"footnotes":""},"categories":[10],"tags":[],"class_list":["post-88698","post","type-post","status-publish","format-standard","has-post-thumbnail","hentry","category-necrologicas"],"jetpack_featured_media_url":"https:\/\/i0.wp.com\/cdnoticias.com\/wp-content\/uploads\/2022\/10\/necrologicas-390-x-240.jpg?fit=390%2C240&ssl=1","jetpack_sharing_enabled":true,"_links":{"self":[{"href":"https:\/\/cdnoticias.com\/index.php\/wp-json\/wp\/v2\/posts\/88698","targetHints":{"allow":["GET"]}}],"collection":[{"href":"https:\/\/cdnoticias.com\/index.php\/wp-json\/wp\/v2\/posts"}],"about":[{"href":"https:\/\/cdnoticias.com\/index.php\/wp-json\/wp\/v2\/types\/post"}],"author":[{"embeddable":true,"href":"https:\/\/cdnoticias.com\/index.php\/wp-json\/wp\/v2\/users\/6"}],"replies":[{"embeddable":true,"href":"https:\/\/cdnoticias.com\/index.php\/wp-json\/wp\/v2\/comments?post=88698"}],"version-history":[{"count":0,"href":"https:\/\/cdnoticias.com\/index.php\/wp-json\/wp\/v2\/posts\/88698\/revisions"}],"wp:featuredmedia":[{"embeddable":true,"href":"https:\/\/cdnoticias.com\/index.php\/wp-json\/wp\/v2\/media\/67646"}],"wp:attachment":[{"href":"https:\/\/cdnoticias.com\/index.php\/wp-json\/wp\/v2\/media?parent=88698"}],"wp:term":[{"taxonomy":"category","embeddable":true,"href":"https:\/\/cdnoticias.com\/index.php\/wp-json\/wp\/v2\/categories?post=88698"},{"taxonomy":"post_tag","embeddable":true,"href":"https:\/\/cdnoticias.com\/index.php\/wp-json\/wp\/v2\/tags?post=88698"}],"curies":[{"name":"wp","href":"https:\/\/api.w.org\/{rel}","templated":true}]}}