{"id":88683,"date":"2023-06-27T18:14:05","date_gmt":"2023-06-27T21:14:05","guid":{"rendered":"https:\/\/www.centraldenoticias.com.ar\/?p=88683"},"modified":"2023-06-27T20:27:29","modified_gmt":"2023-06-27T23:27:29","slug":"wesner-sin-ser-gestion-pudimos-concretar-mas-de-150-viviendas","status":"publish","type":"post","link":"https:\/\/cdnoticias.com\/index.php\/2023\/06\/27\/wesner-sin-ser-gestion-pudimos-concretar-mas-de-150-viviendas\/","title":{"rendered":"Wesner: \u201csin ser gesti\u00f3n pudimos concretar m\u00e1s de 150 viviendas\u201d"},"content":{"rendered":"<p>El precandidato a intendente de Uni\u00f3n por la Patria adelant\u00f3 que \u201cpodemos generar muchas m\u00e1s herramientas para dar respuestas a las familias\u201d en materia habitacional. <!--more--><\/p>\n<hr \/>\n<p>El funcionario de Anses y <strong>precandidato a Intendente por Uni\u00f3n por la Patria, Maximiliano Wesner, se acopl\u00f3 a dichos del gobernador Kicillof sobre la vivienda y valor\u00f3 el trabajo realizado con la Provincia dado que <em>\u201csin ser gesti\u00f3n pudimos concretar m\u00e1s de 150 viviendas\u201d.<\/em><\/strong><\/p>\n<p>&nbsp;<\/p>\n<blockquote><p>Prometi\u00f3, en caso de ganar las elecciones, que <em>\u201cen el Partido de Olavarria la generaci\u00f3n de lotes con servicios y la urbanizaci\u00f3n de tierras disponibles ser\u00e1n una prioridad desde la hora cero de nuestra gesti\u00f3n\u201d.<\/em><\/p><\/blockquote>\n<p>&nbsp;<\/p>\n<p>Esto lo dijo tras escuchar <em>\u201cal gobernador Axel Kicillof en una entrevista que cuenta que por primera vez crearon un Ministerio de H\u00e1bitat y Desarrollo Urbano, hoy en la provincia hay 12.000 viviendas en construcci\u00f3n y 20.000 entregadas. Llevan adelante planes de viviendas en diferentes municipios, no hay un \u00fanico modo de concretar un programa para hacerle frente al d\u00e9ficit habitacional pero que el gran problema es el acceso a la tierra\u201d.<\/em><\/p>\n<p>&nbsp;<\/p>\n<p>Se\u00f1al\u00f3 que <strong><em>\u201cterrenos hay\u201d<\/em><\/strong> pero<strong><em> \u201cdeben ser urbanizados y se deben poner a disposici\u00f3n para avanzar\u201d<\/em><\/strong>, y como detalla el gobernador<em> \u201ces funci\u00f3n de los municipios. Ya que son los que tienen el c\u00f3digo de planeamiento urbano y eso despu\u00e9s se aprueba en provincia\u201d.<\/em><\/p>\n<p>&nbsp;<\/p>\n<p><strong><em>\u201cEn Olavarr\u00eda sin ser gesti\u00f3n pudimos concretar m\u00e1s de 150 viviendas. No tengo dudas que podemos generar muchas m\u00e1s herramientas para darle respuestas a las familias\u201d<\/em><\/strong> cerr\u00f3 el funcionario dando cuenta de su postura en una de las tem\u00e1ticas m\u00e1s sensibles de la ciudad.<\/p>\n","protected":false},"excerpt":{"rendered":"<p>El precandidato a intendente de Uni\u00f3n por la Patria adelant\u00f3 que \u201cpodemos generar muchas m\u00e1s herramientas para dar respuestas a<\/p>\n","protected":false},"author":2,"featured_media":82023,"comment_status":"closed","ping_status":"closed","sticky":false,"template":"","format":"standard","meta":{"_jetpack_memberships_contains_paid_content":false,"footnotes":""},"categories":[4,1],"tags":[],"class_list":["post-88683","post","type-post","status-publish","format-standard","has-post-thumbnail","hentry","category-politica","category-portada"],"jetpack_featured_media_url":"https:\/\/i0.wp.com\/cdnoticias.com\/wp-content\/uploads\/2023\/04\/wesner-maximiliano.jpg?fit=1193%2C664&ssl=1","jetpack_sharing_enabled":true,"_links":{"self":[{"href":"https:\/\/cdnoticias.com\/index.php\/wp-json\/wp\/v2\/posts\/88683","targetHints":{"allow":["GET"]}}],"collection":[{"href":"https:\/\/cdnoticias.com\/index.php\/wp-json\/wp\/v2\/posts"}],"about":[{"href":"https:\/\/cdnoticias.com\/index.php\/wp-json\/wp\/v2\/types\/post"}],"author":[{"embeddable":true,"href":"https:\/\/cdnoticias.com\/index.php\/wp-json\/wp\/v2\/users\/2"}],"replies":[{"embeddable":true,"href":"https:\/\/cdnoticias.com\/index.php\/wp-json\/wp\/v2\/comments?post=88683"}],"version-history":[{"count":0,"href":"https:\/\/cdnoticias.com\/index.php\/wp-json\/wp\/v2\/posts\/88683\/revisions"}],"wp:featuredmedia":[{"embeddable":true,"href":"https:\/\/cdnoticias.com\/index.php\/wp-json\/wp\/v2\/media\/82023"}],"wp:attachment":[{"href":"https:\/\/cdnoticias.com\/index.php\/wp-json\/wp\/v2\/media?parent=88683"}],"wp:term":[{"taxonomy":"category","embeddable":true,"href":"https:\/\/cdnoticias.com\/index.php\/wp-json\/wp\/v2\/categories?post=88683"},{"taxonomy":"post_tag","embeddable":true,"href":"https:\/\/cdnoticias.com\/index.php\/wp-json\/wp\/v2\/tags?post=88683"}],"curies":[{"name":"wp","href":"https:\/\/api.w.org\/{rel}","templated":true}]}}