{"id":88668,"date":"2023-06-27T17:30:29","date_gmt":"2023-06-27T20:30:29","guid":{"rendered":"https:\/\/www.centraldenoticias.com.ar\/?p=88668"},"modified":"2023-06-27T17:31:03","modified_gmt":"2023-06-27T20:31:03","slug":"charla-vocacion-de-servicio-el-accionar-de-la-asociacion-de-bomberos-voluntarios","status":"publish","type":"post","link":"https:\/\/cdnoticias.com\/index.php\/2023\/06\/27\/charla-vocacion-de-servicio-el-accionar-de-la-asociacion-de-bomberos-voluntarios\/","title":{"rendered":"Charla: &#8220;Vocaci\u00f3n de servicio: el accionar de la Asociaci\u00f3n de Bomberos Voluntarios&#8221;"},"content":{"rendered":"<p>Se dar\u00e1 en el marco del ciclo de charlas de Coopelectric este jueves. Entrada libre y gratuita.<!--more--><\/p>\n<hr \/>\n<p>En el marco del \u201cCiclo de charlas y conferencias<strong>\u201d<\/strong> organizado por Coopelectric este <strong>jueves 29 de junio<\/strong> se desarrollar\u00e1 la charla \u201c<strong>Vocaci\u00f3n de Servicio: El accionar de la Asociaci\u00f3n de Bomberos Voluntarios\u201d<\/strong>, que tendr\u00e1 lugar a las <strong>19:00 horas en el Sal\u00f3n Audit\u00f3rium de Coopelectric<\/strong> (Belgrano 2850) con <strong>entrada libre y gratuita.<\/strong><\/p>\n<p>&nbsp;<\/p>\n<p>Participar\u00e1n como disertantes el presidente de la Asociaci\u00f3n Bomberos Voluntarios de Olavarr\u00eda, Hugo Fayan\u00e1s, el Comandante General Ra\u00fal Ferreira, la coordinadora de la Subcomisi\u00f3n de Damas, Marisa J\u00e1uregui, el Tesorero de la Asociaci\u00f3n Cr. Adelqui Acosta y ser\u00e1 moderada por el periodista Luis Occhi.<\/p>\n<p>&nbsp;<\/p>\n<p><img data-recalc-dims=\"1\" loading=\"lazy\" decoding=\"async\" class=\"aligncenter wp-image-88671 size-full\" src=\"https:\/\/i0.wp.com\/cdnoticias.com\/wp-content\/uploads\/2023\/06\/Vocacion-de-Servicio-Asoc-Bomberos-Voluntarios.jpg?resize=800%2C1263&#038;ssl=1\" alt=\"\" width=\"800\" height=\"1263\" srcset=\"https:\/\/i0.wp.com\/cdnoticias.com\/wp-content\/uploads\/2023\/06\/Vocacion-de-Servicio-Asoc-Bomberos-Voluntarios.jpg?w=832&amp;ssl=1 832w, https:\/\/i0.wp.com\/cdnoticias.com\/wp-content\/uploads\/2023\/06\/Vocacion-de-Servicio-Asoc-Bomberos-Voluntarios.jpg?resize=190%2C300&amp;ssl=1 190w, https:\/\/i0.wp.com\/cdnoticias.com\/wp-content\/uploads\/2023\/06\/Vocacion-de-Servicio-Asoc-Bomberos-Voluntarios.jpg?resize=649%2C1024&amp;ssl=1 649w, https:\/\/i0.wp.com\/cdnoticias.com\/wp-content\/uploads\/2023\/06\/Vocacion-de-Servicio-Asoc-Bomberos-Voluntarios.jpg?resize=768%2C1212&amp;ssl=1 768w\" sizes=\"auto, (max-width: 800px) 100vw, 800px\" \/><\/p>\n<p>&nbsp;<\/p>\n<p><em>&#8220;La finalidad es ofrecer informaci\u00f3n desde los diversos ejes sobre los que trabaja la Asociaci\u00f3n, logrando una visi\u00f3n integral de esta entidad que nos enorgullece a todos los olavarrienses&#8221;<\/em> expresaron.<\/p>\n<p>&nbsp;<\/p>\n<p>En tal sentido, se abordar\u00e1 la historia de la Asociaci\u00f3n, aspectos operativos y situaciones en las que intervienen los bomberos, aspectos institucionales, la valiosa labor que lleva a cabo la Subcomisi\u00f3n de Damas, el v\u00ednculo con la comunidad entre otros temas.<\/p>\n","protected":false},"excerpt":{"rendered":"<p>Se dar\u00e1 en el marco del ciclo de charlas de Coopelectric este jueves. Entrada libre y gratuita.<\/p>\n","protected":false},"author":6,"featured_media":453,"comment_status":"closed","ping_status":"closed","sticky":false,"template":"","format":"standard","meta":{"_jetpack_memberships_contains_paid_content":false,"footnotes":""},"categories":[5,1],"tags":[],"class_list":["post-88668","post","type-post","status-publish","format-standard","has-post-thumbnail","hentry","category-informacion-general","category-portada"],"jetpack_featured_media_url":"https:\/\/i0.wp.com\/cdnoticias.com\/wp-content\/uploads\/2020\/09\/DSC_8512.jpg?fit=4608%2C3072&ssl=1","jetpack_sharing_enabled":true,"_links":{"self":[{"href":"https:\/\/cdnoticias.com\/index.php\/wp-json\/wp\/v2\/posts\/88668","targetHints":{"allow":["GET"]}}],"collection":[{"href":"https:\/\/cdnoticias.com\/index.php\/wp-json\/wp\/v2\/posts"}],"about":[{"href":"https:\/\/cdnoticias.com\/index.php\/wp-json\/wp\/v2\/types\/post"}],"author":[{"embeddable":true,"href":"https:\/\/cdnoticias.com\/index.php\/wp-json\/wp\/v2\/users\/6"}],"replies":[{"embeddable":true,"href":"https:\/\/cdnoticias.com\/index.php\/wp-json\/wp\/v2\/comments?post=88668"}],"version-history":[{"count":0,"href":"https:\/\/cdnoticias.com\/index.php\/wp-json\/wp\/v2\/posts\/88668\/revisions"}],"wp:featuredmedia":[{"embeddable":true,"href":"https:\/\/cdnoticias.com\/index.php\/wp-json\/wp\/v2\/media\/453"}],"wp:attachment":[{"href":"https:\/\/cdnoticias.com\/index.php\/wp-json\/wp\/v2\/media?parent=88668"}],"wp:term":[{"taxonomy":"category","embeddable":true,"href":"https:\/\/cdnoticias.com\/index.php\/wp-json\/wp\/v2\/categories?post=88668"},{"taxonomy":"post_tag","embeddable":true,"href":"https:\/\/cdnoticias.com\/index.php\/wp-json\/wp\/v2\/tags?post=88668"}],"curies":[{"name":"wp","href":"https:\/\/api.w.org\/{rel}","templated":true}]}}