{"id":88663,"date":"2023-06-28T08:11:38","date_gmt":"2023-06-28T11:11:38","guid":{"rendered":"https:\/\/www.centraldenoticias.com.ar\/?p=88663"},"modified":"2023-06-28T09:39:55","modified_gmt":"2023-06-28T12:39:55","slug":"novedades-en-la-instalacion-del-parque-eolico-vientos-olavarria","status":"publish","type":"post","link":"https:\/\/cdnoticias.com\/index.php\/2023\/06\/28\/novedades-en-la-instalacion-del-parque-eolico-vientos-olavarria\/","title":{"rendered":"Novedades en la instalaci\u00f3n del Parque E\u00f3lico Vientos Olavarr\u00eda"},"content":{"rendered":"<p>Una resoluci\u00f3n de ENRE expuso el pedido de Vientos Olavarr\u00eda SA a Transba SA para acceder y ampliar el sistema de transporte de energ\u00eda. Tambi\u00e9n solicit\u00f3 \u201cel otorgamiento del Certificado de Conveniencia y Necesidad P\u00fablica\u201d.<\/p>\n<p><!--more--><\/p>\n<hr \/>\n<p>El<strong> Ente Nacional Regulador de la Electricidad (ENRE)<\/strong> inform\u00f3 sobre la <strong>solicitud presentada para el avance del proyecto de construcci\u00f3n del parque e\u00f3lico en Olavarr\u00eda<\/strong> que llevar\u00e1 adelante la empresa Ternium controladora de la firma <strong>Vientos Olavarr\u00eda SA<\/strong>. Cabe recordar que <a href=\"https:\/\/cdnoticias.com\/index.php\/2023\/02\/15\/inversion-de-160-millones-de-dolares-para-construir-un-parque-eolico-en-olavarria\/\" target=\"_blank\" rel=\"noopener\">en febrero se hab\u00eda dado a conocer formalmente el anuncio de la obra<\/a> cuando se comunic\u00f3 que la inversi\u00f3n prevista asciende a US$ 160 millones.<\/p>\n<p>&nbsp;<\/p>\n<p><strong>ENRE<\/strong> emiti\u00f3 la <strong>resoluci\u00f3n 473 fechada el viernes 23 de junio<\/strong> en la que dio a conocer la recepci\u00f3n de la <strong>solicitud de \u201cAcceso y Ampliaci\u00f3n del Sistema de Transporte Existente\u201d<\/strong> que present\u00f3 la empresa <strong>Transba a SA<\/strong> a requerimiento de la empresa Vientos Olavarr\u00eda SA <strong>\u201cpara la vinculaci\u00f3n de su Parque E\u00f3lico Vientos Olavarr\u00eda (PEVO) de 100,8 MW de potencia\u201d<\/strong>.<\/p>\n<p>&nbsp;<\/p>\n<p>Adem\u00e1s, la empresa <strong>Vientos Olavarr\u00eda SA solicit\u00f3 \u201cel otorgamiento del Certificado de Conveniencia y Necesidad P\u00fablica\u201d<\/strong> para instalar y proveer la nueva Estaci\u00f3n Transformadora Vientos Olavarr\u00eda a construirse en el distrito.<\/p>\n<p>&nbsp;<\/p>\n<p>Como ya se hab\u00eda informado, en la resoluci\u00f3n se detall\u00f3 que <em>la obra se ubicar\u00e1 como parte de \u201cla L\u00ednea de Alta Tensi\u00f3n (LAT) 132 kV Olavarr\u00eda &#8211; Henderson a 20 kil\u00f3metros al sudeste de la Ruta Nacional N\u00ba 226\u201d donde contar\u00e1 con \u201cuna playa de 132 kV\u201d y con \u201cun campo de transformaci\u00f3n, bajo jurisdicci\u00f3n de Transba SA\u201d<\/em>.<\/p>\n<p>&nbsp;<\/p>\n<blockquote><p>Estos pedidos fueron recibidos por el ENRE que ahora abri\u00f3 un plazo de 10 d\u00edas h\u00e1biles para que se planteen oposiciones por parte de \u201cquien considere que la solicitud en cuesti\u00f3n pudiera afectarlo en cuanto a las prestaciones el\u00e9ctricas recibidas o sus intereses econ\u00f3micos\u201d. Si cumplidos los plazos no se registran rechazos, el organismo regulador emitir\u00e1 la autorizaci\u00f3n para la ampliaci\u00f3n y el certificado de conveniencia y necesidad p\u00fablica.<\/p><\/blockquote>\n<p>&nbsp;<\/p>\n<p>Asimismo, se estableci\u00f3 que <strong>Transba y Vientos Olavarr\u00eda SA \u201cfirmar\u00e1n un Convenio de Conexi\u00f3n<\/strong> en donde se establecer\u00e1n los l\u00edmites de propiedad y se fijar\u00e1n las responsabilidades, derechos y obligaciones de las partes\u201d. En la misma resoluci\u00f3n, el ENRE fij\u00f3 que las empresas deber\u00e1n <strong>cumplir los requerimientos de la normativa vigente<\/strong> tanto en lo que respecta al Tramo de L\u00ednea de Conexi\u00f3n a Construir y para la Estaci\u00f3n Transformadora.<\/p>\n<p>&nbsp;<\/p>\n<p>La Resoluci\u00f3n Sintetizada 473\/2023 del ENRE se public\u00f3 este martes en el Bolet\u00edn Oficial de la Naci\u00f3n.<\/p>\n<p>&nbsp;<\/p>\n<p><strong>El proyecto<\/strong><\/p>\n<p>&nbsp;<\/p>\n<p>Seg\u00fan consta en el <strong>estudio de impacto ambiental<\/strong> presentado por la firma,<strong> el parque e\u00f3lico contar\u00e1 con 24 aerogeneradores<\/strong> de \u00faltima generaci\u00f3n de 4,2 megavatios cada uno ubicados en un <strong>predio de 1.517 hect\u00e1reas<\/strong>.<\/p>\n<p>&nbsp;<\/p>\n<p>El emprendimiento aportar\u00e1 al Sistema Argentino de Interconexi\u00f3n El\u00e9ctrica (SADI), alrededor de <strong>459.155 megavatios por hora al a\u00f1o<\/strong>, energ\u00eda suficiente para abastecer alrededor de 230.000 viviendas b\u00e1sicas, aportando as\u00ed a la diversificaci\u00f3n de la matriz energ\u00e9tica nacional.\u00a0Asimismo, evitar\u00e1 la emisi\u00f3n de 242.128 toneladas de di\u00f3xido de carb\u00f3n por a\u00f1o que producir\u00eda la misma generaci\u00f3n, pero a trav\u00e9s de usinas t\u00e9rmicas.<\/p>\n<p>&nbsp;<\/p>\n<p>La firma <strong>Vientos de Olavarr\u00eda fue adquirida en su totalidad a fines del a\u00f1o pasado por Ternium<\/strong>, propiedad del Grupo Techint.<\/p>\n<p>&nbsp;<\/p>\n<p>Se prev\u00e9 que la construcci\u00f3n del parque \u2013que contar\u00e1 con una inversi\u00f3n de US$ 160 millones- <a href=\"https:\/\/cdnoticias.com\/index.php\/2023\/05\/15\/parque-eolico-en-olavarria-la-empresa-ternium-comenzara-el-montaje-en-junio\/\" target=\"_blank\" rel=\"noopener\">iniciar\u00e1 a mediados de este a\u00f1o para finalizarse en el segundo semestre de 2024<\/a>.<\/p>\n<p>&nbsp;<\/p>\n<p>El proyecto permitir\u00e1 <strong>reemplazar con energ\u00eda renovable aproximadamente el 65% de la energ\u00eda que Ternium adquiere de terceros en el SADI<\/strong>, indic\u00f3 la empresa en un comunicado.<\/p>\n<p>&nbsp;<\/p>\n<blockquote><p>\u201cAumentar la participaci\u00f3n de las energ\u00edas renovables en nuestro consumo total de energ\u00eda es una parte importante de nuestro plan de descarbonizaci\u00f3n para respaldar una operaci\u00f3n sostenible y una econom\u00eda baja en carbono\u201d, expres\u00f3 M\u00e1ximo Vedoya, CEO de Ternium.<\/p><\/blockquote>\n<p>&nbsp;<\/p>\n<p>La adquisici\u00f3n del proyecto por parte de la firma se enmarca en el <strong>plan de descarbonizaci\u00f3n<\/strong> que anunci\u00f3 en 2021, y que tiene el objetivo a mediano plazo de reducir las emisiones de di\u00f3xido de carbono en un 20% para 2030.<\/p>\n<p>&nbsp;<\/p>\n<p>Fuente: <em>datos propios y de Portal Ciudadano<\/em><\/p>\n<p>&nbsp;<\/p>\n","protected":false},"excerpt":{"rendered":"<p>Una resoluci\u00f3n de ENRE expuso el pedido de Vientos Olavarr\u00eda SA a Transba SA para acceder y ampliar el sistema<\/p>\n","protected":false},"author":4,"featured_media":85726,"comment_status":"closed","ping_status":"closed","sticky":false,"template":"","format":"standard","meta":{"_jetpack_memberships_contains_paid_content":false,"footnotes":""},"categories":[5,1],"tags":[],"class_list":["post-88663","post","type-post","status-publish","format-standard","has-post-thumbnail","hentry","category-informacion-general","category-portada"],"jetpack_featured_media_url":"https:\/\/i0.wp.com\/cdnoticias.com\/wp-content\/uploads\/2023\/05\/05-Parque-Eolico-Mario-Cebreiro-696x391-1.jpg?fit=696%2C391&ssl=1","jetpack_sharing_enabled":true,"_links":{"self":[{"href":"https:\/\/cdnoticias.com\/index.php\/wp-json\/wp\/v2\/posts\/88663","targetHints":{"allow":["GET"]}}],"collection":[{"href":"https:\/\/cdnoticias.com\/index.php\/wp-json\/wp\/v2\/posts"}],"about":[{"href":"https:\/\/cdnoticias.com\/index.php\/wp-json\/wp\/v2\/types\/post"}],"author":[{"embeddable":true,"href":"https:\/\/cdnoticias.com\/index.php\/wp-json\/wp\/v2\/users\/4"}],"replies":[{"embeddable":true,"href":"https:\/\/cdnoticias.com\/index.php\/wp-json\/wp\/v2\/comments?post=88663"}],"version-history":[{"count":0,"href":"https:\/\/cdnoticias.com\/index.php\/wp-json\/wp\/v2\/posts\/88663\/revisions"}],"wp:featuredmedia":[{"embeddable":true,"href":"https:\/\/cdnoticias.com\/index.php\/wp-json\/wp\/v2\/media\/85726"}],"wp:attachment":[{"href":"https:\/\/cdnoticias.com\/index.php\/wp-json\/wp\/v2\/media?parent=88663"}],"wp:term":[{"taxonomy":"category","embeddable":true,"href":"https:\/\/cdnoticias.com\/index.php\/wp-json\/wp\/v2\/categories?post=88663"},{"taxonomy":"post_tag","embeddable":true,"href":"https:\/\/cdnoticias.com\/index.php\/wp-json\/wp\/v2\/tags?post=88663"}],"curies":[{"name":"wp","href":"https:\/\/api.w.org\/{rel}","templated":true}]}}