{"id":88654,"date":"2023-06-27T17:06:58","date_gmt":"2023-06-27T20:06:58","guid":{"rendered":"https:\/\/www.centraldenoticias.com.ar\/?p=88654"},"modified":"2023-06-27T19:06:11","modified_gmt":"2023-06-27T22:06:11","slug":"juicio-la-huerta-cuando-se-llevaron-a-papa-vino-la-hecatombe","status":"publish","type":"post","link":"https:\/\/cdnoticias.com\/index.php\/2023\/06\/27\/juicio-la-huerta-cuando-se-llevaron-a-papa-vino-la-hecatombe\/","title":{"rendered":"Juicio \u201cLa Huerta\u201d: &#8220;Cuando se llevaron a pap\u00e1 vino la hecatombe&#8221;"},"content":{"rendered":"<p>En la audiencia n\u00famero 35 se escucharon las declaraciones testimoniales de los hijos e hijas de Oscar Cordido y Osvaldo Laurini, secuestrados durante la \u00faltima dictadura c\u00edvico militar.<!--more--><\/p>\n<hr \/>\n<p><em>Por: Soledad Restivo &#8211; Agencia Comunica\/FACSO-UNICEN<\/em><\/p>\n<p>&nbsp;<\/p>\n<p>El juicio por los delitos de lesa humanidad cometidos en el centro bonaerense, y que se desarrolla desde febrero de 2022, lleg\u00f3 a su audiencia n\u00famero 35, en la que se escucharon <strong>siete declaraciones testimoniales en relaci\u00f3n a los casos de Oscar Cordido y Osvaldo Laurini, ambos ciudadanos azule\u00f1os.<\/strong><\/p>\n<p>&nbsp;<\/p>\n<p>Anteriormente, el tribunal acept\u00f3 incorporar los testimonios de los hijos de Cordido, quienes <strong>en la \u00e9poca ten\u00edan 3 y 5 a\u00f1os.<\/strong> Ambos dieron detalles de c\u00f3mo los militares secuestraron a su padre. <strong>Karina y Cristian relataron c\u00f3mo sus vidas cambiaron radicalmente con mudanzas signadas por la estigmatizaci\u00f3n<\/strong>: &#8220;la vida de nuestra familia cambi\u00f3 dr\u00e1sticamente el d\u00eda que se llevaron a mi pap\u00e1, todo fue una hecatombe desatada&#8230; nos mudamos a Misiones, y eso trajo consigo una sensaci\u00f3n de felicidad, porque nadie nos conoc\u00eda all\u00ed&#8221;. Luego regresaron a Azul, &#8220;pero ya no consegu\u00eda trabajo&#8230; mi padre era un luchador, una gran persona, un gran amigo&#8221;, dijo Karina. <strong>Cordido era secretario general de la UOCRA y militante peronista.<\/strong><\/p>\n<p>&nbsp;<\/p>\n<p><strong>Rafael, Natal\u00ed, Irina y Tania declararon desde Ecuador como testigos directos del secuestro de su padre, Osvaldo Laurini,<\/strong> desde su casa en un allanamiento ilegal perpetrado por los militares fuertemente armados. <strong>Laurini era un reconocido artista, docente, fot\u00f3grafo, periodista, etn\u00f3grafo y cart\u00f3grafo.<\/strong> Integr\u00f3 la Comisi\u00f3n Pro Escuela de Bellas Artes de Azul y recorri\u00f3 la Amazon\u00eda realizando exploraciones etnogr\u00e1ficas. Form\u00f3 una familia en Ecuador con Maruja y se estableci\u00f3 en Argentina con sus 5 hijos e hijas.<\/p>\n<p>&nbsp;<\/p>\n<p>Osvaldo Laurini fue secuestrado en la madrugada del 24 de marzo, estuvo preso casi un mes en los que su familia lo busc\u00f3 denodadamente. Al ser liberado, la familia volvi\u00f3 a radicarse en Ecuador. A pesar de haber nacido en aquel pa\u00eds, los hijos e hijas hab\u00edan transcurrido toda su infancia en Argentina donde vivieron m\u00e1s de 10 a\u00f1os.<strong> El impacto social, cultural y econ\u00f3mico fue brutal.<\/strong><\/p>\n<p>&nbsp;<\/p>\n<p>Osvaldo volvi\u00f3 a Argentina luego de su separaci\u00f3n y luch\u00f3 10 a\u00f1os para recuperar el cargo docente en el que fue cesanteado. Dos a\u00f1os despu\u00e9s de recuperar su derecho, falleci\u00f3 de un aneurisma en el a\u00f1o 1991, seg\u00fan detall\u00f3 Tania.<\/p>\n<p>&nbsp;<\/p>\n<p><strong>Tambi\u00e9n declar\u00f3 su sobrina, Mar\u00eda Isabel Laurini<\/strong>, una destacada militante por los derechos humanos en la ciudad, integrante de la APDH local. Mar\u00eda Isabel brind\u00f3 detalles sobre c\u00f3mo la estigmatizaci\u00f3n y las persecuciones pol\u00edticas marcaron profundamente a su familia. Tanto su padre como su t\u00edo Osvaldo y un tercer hermano, todos ellos docentes, fueron cesanteados.<\/p>\n<p>&nbsp;<\/p>\n<p>Tal como le expres\u00f3 Karina, la situaci\u00f3n de cada una de las familias se convirti\u00f3 en una \u201checatombe\u201d que <strong>mantiene sus ecos en el presente.<\/strong> Secuelas que se vuelve necesario decir contar, hacer saber, m\u00e1s all\u00e1 de los alcances que el relato tenga como material de prueba o pertinencia para el tribunal.<\/p>\n<p>&nbsp;<\/p>\n<p>El juicio por los delitos de lesa humanidad cometidos en centros clandestinos de detenci\u00f3n y exterminio de <strong>Tandil, Azul y Olavarr\u00eda<\/strong> durante la \u00faltima dictadura c\u00edvico militar, conocido como Juicio \u201cLa Huerta\u201d, cuenta con 28 acusados, entre ellos dos civiles, por los delitos cometidos contra 156 personas en 7 centros clandestinos de detenci\u00f3n ubicados en Azul, Olavarr\u00eda y Tandil, los penales 7 de Azul y 2 de Sierra Chica. Tambi\u00e9n se juzgan delitos cometidos contra empleados de las empresas olavarrienses Calera Avellaneda y Loma Negra. Hasta el momento han dado sus testimonios 120 v\u00edctimas, familiares y testigos.<\/p>\n","protected":false},"excerpt":{"rendered":"<p>En la audiencia n\u00famero 35 se escucharon las declaraciones testimoniales de los hijos e hijas de Oscar Cordido y Osvaldo<\/p>\n","protected":false},"author":5,"featured_media":88655,"comment_status":"closed","ping_status":"closed","sticky":false,"template":"","format":"standard","meta":{"_jetpack_memberships_contains_paid_content":false,"footnotes":""},"categories":[5,1],"tags":[],"class_list":["post-88654","post","type-post","status-publish","format-standard","has-post-thumbnail","hentry","category-informacion-general","category-portada"],"jetpack_featured_media_url":"https:\/\/i0.wp.com\/cdnoticias.com\/wp-content\/uploads\/2023\/06\/juicio-la-huerta.jpg?fit=800%2C445&ssl=1","jetpack_sharing_enabled":true,"_links":{"self":[{"href":"https:\/\/cdnoticias.com\/index.php\/wp-json\/wp\/v2\/posts\/88654","targetHints":{"allow":["GET"]}}],"collection":[{"href":"https:\/\/cdnoticias.com\/index.php\/wp-json\/wp\/v2\/posts"}],"about":[{"href":"https:\/\/cdnoticias.com\/index.php\/wp-json\/wp\/v2\/types\/post"}],"author":[{"embeddable":true,"href":"https:\/\/cdnoticias.com\/index.php\/wp-json\/wp\/v2\/users\/5"}],"replies":[{"embeddable":true,"href":"https:\/\/cdnoticias.com\/index.php\/wp-json\/wp\/v2\/comments?post=88654"}],"version-history":[{"count":0,"href":"https:\/\/cdnoticias.com\/index.php\/wp-json\/wp\/v2\/posts\/88654\/revisions"}],"wp:featuredmedia":[{"embeddable":true,"href":"https:\/\/cdnoticias.com\/index.php\/wp-json\/wp\/v2\/media\/88655"}],"wp:attachment":[{"href":"https:\/\/cdnoticias.com\/index.php\/wp-json\/wp\/v2\/media?parent=88654"}],"wp:term":[{"taxonomy":"category","embeddable":true,"href":"https:\/\/cdnoticias.com\/index.php\/wp-json\/wp\/v2\/categories?post=88654"},{"taxonomy":"post_tag","embeddable":true,"href":"https:\/\/cdnoticias.com\/index.php\/wp-json\/wp\/v2\/tags?post=88654"}],"curies":[{"name":"wp","href":"https:\/\/api.w.org\/{rel}","templated":true}]}}