{"id":88632,"date":"2023-06-27T13:12:05","date_gmt":"2023-06-27T16:12:05","guid":{"rendered":"https:\/\/www.centraldenoticias.com.ar\/?p=88632"},"modified":"2023-06-27T13:12:05","modified_gmt":"2023-06-27T16:12:05","slug":"ezequiel-galli-presento-el-nuevo-spot-de-campana","status":"publish","type":"post","link":"https:\/\/cdnoticias.com\/index.php\/2023\/06\/27\/ezequiel-galli-presento-el-nuevo-spot-de-campana\/","title":{"rendered":"Ezequiel Galli present\u00f3 el nuevo spot de campa\u00f1a"},"content":{"rendered":"<p>Bajo el slogan \u201cEzequiel sigue con vos\u201d, el jefe comunal inici\u00f3 formalmente su campa\u00f1a, la tercera y en la que busca renovar su mandato en el Palacio San Mart\u00edn.<\/p>\n<p><!--more--><\/p>\n<hr \/>\n<p>De cara a las pr\u00f3ximas elecciones <strong>Primarias, Abiertas, Simult\u00e1neas y Obligatorias (PASO)<\/strong> del pr\u00f3ximo 13 de agosto,<strong> el intendente de Olavarr\u00eda Ezequiel Galli present\u00f3 <a href=\"https:\/\/www.youtube.com\/watch?v=POBuBqhkatw\" target=\"_blank\" rel=\"noopener\">un nuevo video<\/a> que da inicio a su campa\u00f1a local<\/strong>, la tercera y en la que busca renovar su mandato en el Palacio San Mart\u00edn.<\/p>\n<p>&nbsp;<\/p>\n<blockquote><p>Se destac\u00f3 que en la pieza audiovisual \u201cse resaltan los principales valores en que se basa su gesti\u00f3n: educaci\u00f3n, trabajo, cercan\u00eda, salud y visi\u00f3n de futuro\u201d.<\/p><\/blockquote>\n<p>&nbsp;<\/p>\n<p><em>\u201cCon m\u00e1s de siete a\u00f1os de experiencia de gesti\u00f3n, pero con una clara y marcada agenda de cara al futuro, Galli apuesta a seguir transformando la realidad de los olavarrienses todos los d\u00edas\u201d<\/em> se defini\u00f3 desde Juntos.<\/p>\n<p>&nbsp;<\/p>\n<p>Con im\u00e1genes que destacan los espacios p\u00fablicos y el paisaje natural del Partido de Olavarr\u00eda, el spot, que se denomina <strong>#EzequielSigueConVos, que ser\u00e1 slogan de la campa\u00f1a<\/strong>. \u201cInvita a los vecinos a seguir por el camino del crecimiento y el desarrollo\u201d se indic\u00f3.<\/p>\n<p>&nbsp;<\/p>\n","protected":false},"excerpt":{"rendered":"<p>Bajo el slogan \u201cEzequiel sigue con vos\u201d, el jefe comunal inici\u00f3 formalmente su campa\u00f1a, la tercera y en la que<\/p>\n","protected":false},"author":4,"featured_media":88634,"comment_status":"closed","ping_status":"closed","sticky":false,"template":"","format":"standard","meta":{"_jetpack_memberships_contains_paid_content":false,"footnotes":""},"categories":[4,1],"tags":[],"class_list":["post-88632","post","type-post","status-publish","format-standard","has-post-thumbnail","hentry","category-politica","category-portada"],"jetpack_featured_media_url":"https:\/\/i0.wp.com\/cdnoticias.com\/wp-content\/uploads\/2023\/06\/ezequiel-galli-campana.jpg?fit=800%2C445&ssl=1","jetpack_sharing_enabled":true,"_links":{"self":[{"href":"https:\/\/cdnoticias.com\/index.php\/wp-json\/wp\/v2\/posts\/88632","targetHints":{"allow":["GET"]}}],"collection":[{"href":"https:\/\/cdnoticias.com\/index.php\/wp-json\/wp\/v2\/posts"}],"about":[{"href":"https:\/\/cdnoticias.com\/index.php\/wp-json\/wp\/v2\/types\/post"}],"author":[{"embeddable":true,"href":"https:\/\/cdnoticias.com\/index.php\/wp-json\/wp\/v2\/users\/4"}],"replies":[{"embeddable":true,"href":"https:\/\/cdnoticias.com\/index.php\/wp-json\/wp\/v2\/comments?post=88632"}],"version-history":[{"count":0,"href":"https:\/\/cdnoticias.com\/index.php\/wp-json\/wp\/v2\/posts\/88632\/revisions"}],"wp:featuredmedia":[{"embeddable":true,"href":"https:\/\/cdnoticias.com\/index.php\/wp-json\/wp\/v2\/media\/88634"}],"wp:attachment":[{"href":"https:\/\/cdnoticias.com\/index.php\/wp-json\/wp\/v2\/media?parent=88632"}],"wp:term":[{"taxonomy":"category","embeddable":true,"href":"https:\/\/cdnoticias.com\/index.php\/wp-json\/wp\/v2\/categories?post=88632"},{"taxonomy":"post_tag","embeddable":true,"href":"https:\/\/cdnoticias.com\/index.php\/wp-json\/wp\/v2\/tags?post=88632"}],"curies":[{"name":"wp","href":"https:\/\/api.w.org\/{rel}","templated":true}]}}