{"id":8862,"date":"2020-12-13T10:44:29","date_gmt":"2020-12-13T13:44:29","guid":{"rendered":"http:\/\/www.centraldenoticias.com.ar\/?p=8862"},"modified":"2020-12-13T10:44:29","modified_gmt":"2020-12-13T13:44:29","slug":"el-foro-olavarria-y-frente-renovador-tendran-su-sede-en-el-centro","status":"publish","type":"post","link":"https:\/\/cdnoticias.com\/index.php\/2020\/12\/13\/el-foro-olavarria-y-frente-renovador-tendran-su-sede-en-el-centro\/","title":{"rendered":"El Foro Olavarr\u00eda y Frente Renovador tendr\u00e1n su sede en el centro"},"content":{"rendered":"<p>As\u00ed lo confirmaron dirigentes y militantes el jueves pasado tras la visita del local alquilado. Se llamar\u00e1 \u201cEduardo Chino Correa\u201d.\u00a0<!--more--><\/p>\n<hr \/>\n<p>D\u00edas atr\u00e1s, <strong>el espacio Foro Olavarr\u00eda y Frente Renovador confirmaron que tendr\u00e1n una sede en la zona c\u00e9ntrica de la ciudad<\/strong>, con varias funciones m\u00e1s all\u00e1 de las partidarias.<\/p>\n<p>&nbsp;<\/p>\n<p><em>\u201cVisitamos el edificio en el que funcionar\u00e1 la Casa Eduardo &#8220;Chino&#8221; Correa, sede oficial del Foro Olavarr\u00eda y el Frente Renovador\u201d<\/em> se\u00f1alaron desde el espacio pol\u00edtico que lideran los concejales In\u00e9s Creimer y Eduardo Rodr\u00edguez.<\/p>\n<p>&nbsp;<\/p>\n<blockquote><p>La sede se encuentra ubicada en la calle Belgrano 3222, casi 25 de Mayo, y la misma albergar\u00e1 \u201cun aula de capacitaci\u00f3n con conectividad a Internet y una sala de grabaci\u00f3n, adem\u00e1s de las oficinas para el desarrollo de las actividades pol\u00edticas\u201d.<\/p><\/blockquote>\n<p>&nbsp;<\/p>\n<p>Al respecto, el concejal Eduardo Rodr\u00edguez expres\u00f3 que <em>\u201cla apertura de la Casa servir\u00e1 para consolidar el trabajo del Frente de Todos en Olavarr\u00eda\u201d<\/em>. A continuaci\u00f3n, agreg\u00f3: <em>\u201cestamos muy contentos de contar con este espacio que dedicaremos al trabajo, la formaci\u00f3n y el encuentro, y que estaremos muy orgullosos de compartirlo con toda la comunidad olavarriense\u201d.<\/em><\/p>\n<p>&nbsp;<\/p>\n<p>Tal como se inform\u00f3 desde el Foro Olavarr\u00eda,<strong> en los pr\u00f3ximos d\u00edas se har\u00e1n las tareas de acondicionamiento para habilitar las actividades, respetando las medidas de distanciamiento vigentes.<\/strong><\/p>\n<p>&nbsp;<\/p>\n<p>Se anticip\u00f3, adem\u00e1s, que en la misma sede <strong>funcionar\u00e1 la Escuela de Gobierno ProyectAr<\/strong>, que tuvo su relanzamiento en el mes de octubre por parte del Frente Renovador.<\/p>\n","protected":false},"excerpt":{"rendered":"<p>As\u00ed lo confirmaron dirigentes y militantes el jueves pasado tras la visita del local alquilado. Se llamar\u00e1 \u201cEduardo Chino Correa\u201d.\u00a0<\/p>\n","protected":false},"author":2,"featured_media":8863,"comment_status":"closed","ping_status":"closed","sticky":false,"template":"","format":"standard","meta":{"_jetpack_memberships_contains_paid_content":false,"footnotes":""},"categories":[4,1],"tags":[],"class_list":["post-8862","post","type-post","status-publish","format-standard","has-post-thumbnail","hentry","category-politica","category-portada"],"jetpack_featured_media_url":"https:\/\/i0.wp.com\/cdnoticias.com\/wp-content\/uploads\/2020\/12\/Foro-FR.jpeg?fit=1600%2C1200&ssl=1","jetpack_sharing_enabled":true,"_links":{"self":[{"href":"https:\/\/cdnoticias.com\/index.php\/wp-json\/wp\/v2\/posts\/8862","targetHints":{"allow":["GET"]}}],"collection":[{"href":"https:\/\/cdnoticias.com\/index.php\/wp-json\/wp\/v2\/posts"}],"about":[{"href":"https:\/\/cdnoticias.com\/index.php\/wp-json\/wp\/v2\/types\/post"}],"author":[{"embeddable":true,"href":"https:\/\/cdnoticias.com\/index.php\/wp-json\/wp\/v2\/users\/2"}],"replies":[{"embeddable":true,"href":"https:\/\/cdnoticias.com\/index.php\/wp-json\/wp\/v2\/comments?post=8862"}],"version-history":[{"count":0,"href":"https:\/\/cdnoticias.com\/index.php\/wp-json\/wp\/v2\/posts\/8862\/revisions"}],"wp:featuredmedia":[{"embeddable":true,"href":"https:\/\/cdnoticias.com\/index.php\/wp-json\/wp\/v2\/media\/8863"}],"wp:attachment":[{"href":"https:\/\/cdnoticias.com\/index.php\/wp-json\/wp\/v2\/media?parent=8862"}],"wp:term":[{"taxonomy":"category","embeddable":true,"href":"https:\/\/cdnoticias.com\/index.php\/wp-json\/wp\/v2\/categories?post=8862"},{"taxonomy":"post_tag","embeddable":true,"href":"https:\/\/cdnoticias.com\/index.php\/wp-json\/wp\/v2\/tags?post=8862"}],"curies":[{"name":"wp","href":"https:\/\/api.w.org\/{rel}","templated":true}]}}