{"id":88604,"date":"2023-06-26T21:16:21","date_gmt":"2023-06-27T00:16:21","guid":{"rendered":"https:\/\/www.centraldenoticias.com.ar\/?p=88604"},"modified":"2023-06-27T09:24:28","modified_gmt":"2023-06-27T12:24:28","slug":"del-pla-que-estemos-a-local-lleno-es-importante-y-demuestra-el-interes-sobre-nuestro-planteo","status":"publish","type":"post","link":"https:\/\/cdnoticias.com\/index.php\/2023\/06\/26\/del-pla-que-estemos-a-local-lleno-es-importante-y-demuestra-el-interes-sobre-nuestro-planteo\/","title":{"rendered":"Del Pl\u00e1: &#8220;Que estemos a local lleno es importante y demuestra el inter\u00e9s sobre nuestro planteo&#8221;"},"content":{"rendered":"<p>La diputada nacional y precandidata a senadora nacional estuvo en el local del Partido Obrero junto al precandidato a intendente, Agust\u00edn Mestralet y Yessica Almeida, quien encabezar\u00e1 la lista de candidatos al Concejo Deliberante. Salarios y l\u00ednea de pobreza, precarizaci\u00f3n laboral, jubilaciones y derechos de los trabajadores fueron los temas clave de la tarde. <!--more--><\/p>\n<hr \/>\n<p>En la tarde de este lunes la diputada nacional y precandidata a senadora nacional, <strong>Romina Del Pl\u00e1<\/strong> visit\u00f3 nuestra ciudad y estuvo presente en el local del Partido Obrero junto al precandidato a intendente, <strong>Agust\u00edn Mestralet y Yessica Almeida<\/strong>, quien encabezar\u00e1 la lista de candidatos al Concejo Deliberante.<\/p>\n<p>&nbsp;<\/p>\n<p>La dirigente nacional del Partido Obrero y de Tribuna Docente, resalt\u00f3 la convocatoria de las personas que se acercaron: &#8220;<em><strong>Que estemos a local lleno es importante y demuestra el inter\u00e9s que hay sobre nuestro planteo&#8221;<\/strong> <\/em>a la par que record\u00f3 que &#8220;nuestra lista est\u00e1 compuesta por docentes, trabajadores, mineros, j\u00f3venes, compa\u00f1eros del Polo Obrero y de la Unidad Piquetera&#8221;.<\/p>\n<p>&nbsp;<\/p>\n<p>Sobre los <strong>salarios actuales<\/strong>, Del Pl\u00e1 expres\u00f3: &#8220;<em>Ratificamos en cada lugar a donde vamos la <strong>problem\u00e1tica de los salarios por debajo de la l\u00ednea de pobreza en todos los rubros<\/strong> e incluso de trabajadoras y trabajadores con trabajo en blanco en muchos casos. Sin embargo, no alcanza para nada tener un trabajo registrado para tener un salario que alcance para las necesidades elementales de una familia&#8221;<\/em>.<\/p>\n<p>&nbsp;<\/p>\n<p><img data-recalc-dims=\"1\" loading=\"lazy\" decoding=\"async\" class=\"aligncenter wp-image-88596 size-full\" src=\"https:\/\/i0.wp.com\/cdnoticias.com\/wp-content\/uploads\/2023\/06\/delpla-olava2.jpg?resize=800%2C445&#038;ssl=1\" alt=\"\" width=\"800\" height=\"445\" srcset=\"https:\/\/i0.wp.com\/cdnoticias.com\/wp-content\/uploads\/2023\/06\/delpla-olava2.jpg?w=932&amp;ssl=1 932w, https:\/\/i0.wp.com\/cdnoticias.com\/wp-content\/uploads\/2023\/06\/delpla-olava2.jpg?resize=300%2C167&amp;ssl=1 300w, https:\/\/i0.wp.com\/cdnoticias.com\/wp-content\/uploads\/2023\/06\/delpla-olava2.jpg?resize=768%2C427&amp;ssl=1 768w, https:\/\/i0.wp.com\/cdnoticias.com\/wp-content\/uploads\/2023\/06\/delpla-olava2.jpg?resize=800%2C445&amp;ssl=1 800w\" sizes=\"auto, (max-width: 800px) 100vw, 800px\" \/><\/p>\n<p>&nbsp;<\/p>\n<p>&#8220;Mientras tanto,\u00a0<strong>Alberto Fern\u00e1ndez, Rossi, Massa<\/strong> y otros que ahora resulta que integran la f\u00f3rmula presidencial del cambiado de nombre Frente de Todos <strong>se la pasan hablando de que anda todo bien.<\/strong> Los hemos tenido que escuchar diciendo que en casi veinte provincias hay pleno empleo. Yo recorro el pa\u00eds, compa\u00f1eras y compa\u00f1eros y les puedo asegurar que<strong> no hay provincia donde los compa\u00f1eros no denuncien la situaci\u00f3n de desocupaci\u00f3n y decrecimiento de precarizaci\u00f3n laboral<\/strong>&#8221; resalt\u00f3.<\/p>\n<p>&nbsp;<\/p>\n<p>En la misma l\u00ednea, Del Pl\u00e1 sostuvo: &#8220;Vemos que las <strong>jubilaciones se han convertido en una situaci\u00f3n de indigencia<\/strong> y nos damos cuenta que el ataque va a ser m\u00e1s brutal. El <strong>ajuste que lleva adelante Tolosa Paz sobre los comedores, los merenderos, los planes de asistencia social<\/strong> tambi\u00e9n son m\u00e1s agudos y sin embargo ahora la vemos en el segundo lugar en la lista de candidatos a diputados nacionales de Uni\u00f3n por la Patria, uni\u00f3n por el saqueo de la patria, uni\u00f3n por la destrucci\u00f3n de la patria. Podr\u00edamos ponerle un mont\u00f3n nombre porque en definitiva es de eso se trata&#8221;.<\/p>\n<p>&nbsp;<\/p>\n<p>Adem\u00e1s agreg\u00f3 que <em>&#8220;est\u00e1n todos al servicio del Fondo Monetario Internacional. Massa que es el que est\u00e1 llevando el ajuste del acuerdo con el fondo ahora va a ser el candidato a presidente y del otro lado no hay muchas diferencias. Larreta y Bullrich hacen declaraciones ofensivas sobre los trabajadores en cuanto a ajustes y recortes. Lo mismo vemos del lado de Milei y compa\u00f1\u00eda que justamente tratan de aplastar los derechos individuales. Habla de la libertad pero la \u00fanica libertad que defiende es la la libertad de los banqueros, la libertad de los que saquean al pa\u00eds,de los que se roban los recursos naturales y los bienes comunes&#8221;.<\/em><\/p>\n<p>&nbsp;<\/p>\n<p><img data-recalc-dims=\"1\" loading=\"lazy\" decoding=\"async\" class=\"aligncenter wp-image-88594 size-full\" src=\"https:\/\/i0.wp.com\/cdnoticias.com\/wp-content\/uploads\/2023\/06\/delpla-olava.jpg?resize=800%2C445&#038;ssl=1\" alt=\"\" width=\"800\" height=\"445\" srcset=\"https:\/\/i0.wp.com\/cdnoticias.com\/wp-content\/uploads\/2023\/06\/delpla-olava.jpg?w=936&amp;ssl=1 936w, https:\/\/i0.wp.com\/cdnoticias.com\/wp-content\/uploads\/2023\/06\/delpla-olava.jpg?resize=300%2C167&amp;ssl=1 300w, https:\/\/i0.wp.com\/cdnoticias.com\/wp-content\/uploads\/2023\/06\/delpla-olava.jpg?resize=768%2C427&amp;ssl=1 768w, https:\/\/i0.wp.com\/cdnoticias.com\/wp-content\/uploads\/2023\/06\/delpla-olava.jpg?resize=800%2C445&amp;ssl=1 800w\" sizes=\"auto, (max-width: 800px) 100vw, 800px\" \/><\/p>\n<p>&nbsp;<\/p>\n<blockquote><p>&#8220;Por eso el rol que tiene que jugar el Frente de Izquierda en esta etapa para nosotros es clave. El Frente de Izquierda se fund\u00f3 hace 12 a\u00f1os justamente con un car\u00e1cter muy claro que es el de la independencia de clase, el del presentar un programa alternativo. Desde el Partido Obrero estamos dando esta batalla y tenemos que ser categ\u00f3ricos&#8221; remarc\u00f3 Del Pl\u00e1.<\/p><\/blockquote>\n<p>&nbsp;<\/p>\n<p>Consultada por este medio, Del Pl\u00e1 opin\u00f3 sobre la precandidatura a Intendente de Agust\u00edn Mestralet y expres\u00f3:\u00a0&#8220;<em>En Olavarr\u00eda tenemos una lista hermosa, representativa. Con Agust\u00edn Mestralet como candidato a Intendente y Yessica Almeida encabezando la lista de concejales, con compa\u00f1eros docentes, mineros, desocupados, j\u00f3venes, trabajadoras de la salud. Una lista por la representatividad porque somos todos trabajadoras y trabajadores&#8221;.<\/em><\/p>\n<p>&nbsp;<\/p>\n<p>&#8220;<em><strong>Creo que Agust\u00edn como docente y militante del partido obrero desde hace muchos a\u00f1os es un gran precandidato a Intendente aqu\u00ed en la localidad porque representa este programa que estamos presentando a nivel nacional. Es un gran conocedor de las problem\u00e1ticas del distrito y de la zona en general. Me parece que va a hacer una elecci\u00f3n y una campa\u00f1a muy destacada junto al resto de las compa\u00f1eros y compa\u00f1eras<\/strong><\/em>&#8221; cerr\u00f3 la diputada nacional.<\/p>\n<p>&nbsp;<\/p>\n<p><img data-recalc-dims=\"1\" loading=\"lazy\" decoding=\"async\" class=\"aligncenter wp-image-88595 size-full\" src=\"https:\/\/i0.wp.com\/cdnoticias.com\/wp-content\/uploads\/2023\/06\/delpla-olava1.jpg?resize=800%2C445&#038;ssl=1\" alt=\"\" width=\"800\" height=\"445\" srcset=\"https:\/\/i0.wp.com\/cdnoticias.com\/wp-content\/uploads\/2023\/06\/delpla-olava1.jpg?w=1029&amp;ssl=1 1029w, https:\/\/i0.wp.com\/cdnoticias.com\/wp-content\/uploads\/2023\/06\/delpla-olava1.jpg?resize=300%2C167&amp;ssl=1 300w, https:\/\/i0.wp.com\/cdnoticias.com\/wp-content\/uploads\/2023\/06\/delpla-olava1.jpg?resize=1024%2C570&amp;ssl=1 1024w, https:\/\/i0.wp.com\/cdnoticias.com\/wp-content\/uploads\/2023\/06\/delpla-olava1.jpg?resize=768%2C428&amp;ssl=1 768w, https:\/\/i0.wp.com\/cdnoticias.com\/wp-content\/uploads\/2023\/06\/delpla-olava1.jpg?resize=800%2C445&amp;ssl=1 800w\" sizes=\"auto, (max-width: 800px) 100vw, 800px\" \/><\/p>\n<p>&nbsp;<\/p>\n<p>&nbsp;<\/p>\n<p>&nbsp;<\/p>\n<p>&nbsp;<\/p>\n","protected":false},"excerpt":{"rendered":"<p>La diputada nacional y precandidata a senadora nacional estuvo en el local del Partido Obrero junto al precandidato a intendente,<\/p>\n","protected":false},"author":6,"featured_media":88598,"comment_status":"closed","ping_status":"closed","sticky":false,"template":"","format":"standard","meta":{"_jetpack_memberships_contains_paid_content":false,"footnotes":""},"categories":[4],"tags":[],"class_list":["post-88604","post","type-post","status-publish","format-standard","has-post-thumbnail","hentry","category-politica"],"jetpack_featured_media_url":"https:\/\/i0.wp.com\/cdnoticias.com\/wp-content\/uploads\/2023\/06\/delpla-olava4.jpg?fit=1072%2C597&ssl=1","jetpack_sharing_enabled":true,"_links":{"self":[{"href":"https:\/\/cdnoticias.com\/index.php\/wp-json\/wp\/v2\/posts\/88604","targetHints":{"allow":["GET"]}}],"collection":[{"href":"https:\/\/cdnoticias.com\/index.php\/wp-json\/wp\/v2\/posts"}],"about":[{"href":"https:\/\/cdnoticias.com\/index.php\/wp-json\/wp\/v2\/types\/post"}],"author":[{"embeddable":true,"href":"https:\/\/cdnoticias.com\/index.php\/wp-json\/wp\/v2\/users\/6"}],"replies":[{"embeddable":true,"href":"https:\/\/cdnoticias.com\/index.php\/wp-json\/wp\/v2\/comments?post=88604"}],"version-history":[{"count":0,"href":"https:\/\/cdnoticias.com\/index.php\/wp-json\/wp\/v2\/posts\/88604\/revisions"}],"wp:featuredmedia":[{"embeddable":true,"href":"https:\/\/cdnoticias.com\/index.php\/wp-json\/wp\/v2\/media\/88598"}],"wp:attachment":[{"href":"https:\/\/cdnoticias.com\/index.php\/wp-json\/wp\/v2\/media?parent=88604"}],"wp:term":[{"taxonomy":"category","embeddable":true,"href":"https:\/\/cdnoticias.com\/index.php\/wp-json\/wp\/v2\/categories?post=88604"},{"taxonomy":"post_tag","embeddable":true,"href":"https:\/\/cdnoticias.com\/index.php\/wp-json\/wp\/v2\/tags?post=88604"}],"curies":[{"name":"wp","href":"https:\/\/api.w.org\/{rel}","templated":true}]}}