{"id":88593,"date":"2023-06-27T19:00:41","date_gmt":"2023-06-27T22:00:41","guid":{"rendered":"https:\/\/www.centraldenoticias.com.ar\/?p=88593"},"modified":"2023-06-27T19:00:41","modified_gmt":"2023-06-27T22:00:41","slug":"este-jueves-habra-vacunacion-antirrabica-en-el-paseo-de-la-salud","status":"publish","type":"post","link":"https:\/\/cdnoticias.com\/index.php\/2023\/06\/27\/este-jueves-habra-vacunacion-antirrabica-en-el-paseo-de-la-salud\/","title":{"rendered":"Este jueves habr\u00e1 vacunaci\u00f3n antirr\u00e1bica en el Paseo de la Salud"},"content":{"rendered":"<p>La jornada ser\u00e1 de 12:00 a 13:30 horas. La vacunaci\u00f3n es gratuita y no requiere turno.<!--more--><\/p>\n<hr \/>\n<p>Este <strong>jueves 29 de junio<\/strong> se pondr\u00e1 nuevamente en marcha un<strong> puesto de vacunaci\u00f3n antirr\u00e1bica en el Paseo de la Salud<\/strong>, tarea que ser\u00e1 complementaria al cronograma anual y que se lleva a cabo el \u00faltimo jueves de cada mes, hasta el mes de noviembre inclusive.<\/p>\n<p>&nbsp;<\/p>\n<p>La vacunaci\u00f3n se llevar\u00e1 a cabo en el paseo situado sobre <strong>Almirante Brown y Belgrano<\/strong>, el cual funcionar\u00e1 de <strong>12:00 a 13:30 horas.<\/strong><\/p>\n<p>&nbsp;<\/p>\n<p>Desde el \u00e1rea se record\u00f3 que la vacuna antirr\u00e1bica es anual y obligatoria, adem\u00e1s <strong>es gratuita y no requiere turno<\/strong>, s\u00f3lo se solicita que los animales sean trasladados por un adulto, con collar, correa\/pretal y bozal de ser necesario, y los gatos dentro de un bolso o canil transportador.<\/p>\n<p>&nbsp;<\/p>\n<p>La jornada es una medida adicional a lo que normalmente se realiza durante todo el a\u00f1o en el <strong>Centro de Atenci\u00f3n Veterinario Municipal<\/strong>, donde todos aquellos vecinos interesados en vacunar a sus animales pueden acercarse al predio de Bromatolog\u00eda, ubicado sobre<strong> avenida Urquiza 5493<\/strong>, de lunes a viernes entre las 11 y las 13 horas.<\/p>\n","protected":false},"excerpt":{"rendered":"<p>La jornada ser\u00e1 de 12:00 a 13:30 horas. La vacunaci\u00f3n es gratuita y no requiere turno.<\/p>\n","protected":false},"author":6,"featured_media":22265,"comment_status":"closed","ping_status":"closed","sticky":false,"template":"","format":"standard","meta":{"_jetpack_memberships_contains_paid_content":false,"footnotes":""},"categories":[5,1],"tags":[],"class_list":["post-88593","post","type-post","status-publish","format-standard","has-post-thumbnail","hentry","category-informacion-general","category-portada"],"jetpack_featured_media_url":"https:\/\/i0.wp.com\/cdnoticias.com\/wp-content\/uploads\/2021\/05\/rabic.jpg?fit=640%2C427&ssl=1","jetpack_sharing_enabled":true,"_links":{"self":[{"href":"https:\/\/cdnoticias.com\/index.php\/wp-json\/wp\/v2\/posts\/88593","targetHints":{"allow":["GET"]}}],"collection":[{"href":"https:\/\/cdnoticias.com\/index.php\/wp-json\/wp\/v2\/posts"}],"about":[{"href":"https:\/\/cdnoticias.com\/index.php\/wp-json\/wp\/v2\/types\/post"}],"author":[{"embeddable":true,"href":"https:\/\/cdnoticias.com\/index.php\/wp-json\/wp\/v2\/users\/6"}],"replies":[{"embeddable":true,"href":"https:\/\/cdnoticias.com\/index.php\/wp-json\/wp\/v2\/comments?post=88593"}],"version-history":[{"count":0,"href":"https:\/\/cdnoticias.com\/index.php\/wp-json\/wp\/v2\/posts\/88593\/revisions"}],"wp:featuredmedia":[{"embeddable":true,"href":"https:\/\/cdnoticias.com\/index.php\/wp-json\/wp\/v2\/media\/22265"}],"wp:attachment":[{"href":"https:\/\/cdnoticias.com\/index.php\/wp-json\/wp\/v2\/media?parent=88593"}],"wp:term":[{"taxonomy":"category","embeddable":true,"href":"https:\/\/cdnoticias.com\/index.php\/wp-json\/wp\/v2\/categories?post=88593"},{"taxonomy":"post_tag","embeddable":true,"href":"https:\/\/cdnoticias.com\/index.php\/wp-json\/wp\/v2\/tags?post=88593"}],"curies":[{"name":"wp","href":"https:\/\/api.w.org\/{rel}","templated":true}]}}