{"id":8859,"date":"2020-12-13T10:25:40","date_gmt":"2020-12-13T13:25:40","guid":{"rendered":"http:\/\/www.centraldenoticias.com.ar\/?p=8859"},"modified":"2020-12-13T11:10:12","modified_gmt":"2020-12-13T14:10:12","slug":"un-plan","status":"publish","type":"post","link":"https:\/\/cdnoticias.com\/index.php\/2020\/12\/13\/un-plan\/","title":{"rendered":"Un plan"},"content":{"rendered":"<p>Por Marcos Pascua \/\u00a0<a href=\"https:\/\/twitter.com\/Ma7c0s\" target=\"_blank\" rel=\"noopener\">@Ma7c0s<\/a><br \/>\n<!--more--><\/p>\n<hr \/>\n<p>Bienvenidos y bienvenidas nuevamente a este humilde espacio donde hablamos de seguridad vial, en este caso vamos por la <strong>s\u00e9ptima columna<\/strong>, en las primeras dos hablamos de la <strong>situaci\u00f3n de la accidentolog\u00eda vial<\/strong> en nuestro pa\u00eds, para luego ahondar en las <strong>causas<\/strong> y desde all\u00ed comenzar a desandar un camino de propuestas basadas en cuatro ejes, <strong>legislaci\u00f3n, controles, infraestructura y tecnolog\u00eda. <\/strong>Durante las \u00faltimas cuatro columnas hablamos de algunas medidas, en la nota de hoy vamos a ordenarlas para luego comenzar a hablar de n\u00fameros.<\/p>\n<p>&nbsp;<\/p>\n<p>\u00bfVamos?<\/p>\n<p>&nbsp;<\/p>\n<p>Para comenzar necesitamos de aquella herramienta que mejora la calidad de vida de las personas, <strong>la pol\u00edtica<\/strong>. Es necesario dirigentes comprometidos con su entorno y que est\u00e9n a la altura de este desaf\u00edo que cada a\u00f1o se lleva miles de vidas dispuestos a establecer un programa a corto y mediano plazo, en el cual cada una de las medidas de las que hablamos tengan su lugar.<\/p>\n<p>&nbsp;<\/p>\n<p>Si decidimos organizar las ideas y ver por d\u00f3nde empezar, una de las primeras en la que deber\u00edamos pensar es en <strong>disminuir las velocidades de circulaci\u00f3n<\/strong> como ya hemos hablado en la columna <strong>Legislar para la gente<\/strong>. \u00bfCu\u00e1ndo? No deber\u00eda pasar del <strong>pr\u00f3ximo a\u00f1o<\/strong>.<\/p>\n<p>&nbsp;<\/p>\n<p>En sinton\u00eda con esta medida, <strong>los radares<\/strong>. Como lo vimos en <strong>ControlAR,<\/strong> Argentina cuenta con escasa cantidad de radares de fiscalizaci\u00f3n de velocidad y en un pa\u00eds donde el principal problema es el <strong>exceso de velocidad<\/strong>, es necesaria su presencia y efectiva aplicaci\u00f3n. Se deber\u00eda desarrollar un plan anual de inversi\u00f3n para contar con una cantidad suficiente de radares distribuidos en rutas y ciudades para <strong>2025<\/strong>.<\/p>\n<p>&nbsp;<\/p>\n<p>Pero mientras esto sucede, tambi\u00e9n necesitamos de la pol\u00edtica comprometida <strong>regulando las velocidades de los veh\u00edculos desde f\u00e1brica,<\/strong> estableciendo un plazo para que todos los veh\u00edculos que se comercien cuenten con una <strong>regulaci\u00f3n autom\u00e1tica de la velocidad<\/strong>, de la mano con un programa para instalar estos dispositivos de control en el parque automotor existente. Adem\u00e1s, todos los veh\u00edculos deber\u00e1n contar con el dispositivo denominado <strong>Car Analytics, <\/strong>del cual hablamos en <strong>La tecnolog\u00eda como aliada<\/strong>, los nuevos y los usados. Para <strong>2023 <\/strong>todos <strong>los veh\u00edculos que se comercien<\/strong> deber\u00edan contar con estos dos dispositivos, mientras que para el <strong>parque automotor existente<\/strong> el l\u00edmite podr\u00eda ser <strong>2025<\/strong>.<\/p>\n<p>&nbsp;<\/p>\n<p>Por otro lado, pensando en el largo plazo, es necesario <strong>planificar la movilidad de las ciudades<\/strong>, las cuales han sido dise\u00f1adas s\u00f3lo para circular en autom\u00f3viles, modelo que nos ha llevado a que se prioricen los tiempos de circulaci\u00f3n por sobre la seguridad de las personas. <strong>Para 2050 el 70% de la poblaci\u00f3n mundial va a vivir en ciudades<\/strong>, por eso es necesario repensar los modelos actuales y priorizar en las zonas de mayor circulaci\u00f3n a m\u00e9todos de desplazamiento m\u00e1s seguros, sustentables y sostenibles, como la <strong>bicicleta<\/strong>, el <strong>transporte a pie<\/strong> o el <strong>transporte p\u00fablico<\/strong>, para eso es primordial comenzar a invertir en infraestructura para generar \u201czonas calmas\u201d en ciudades, que son \u00e1reas peatonales, de recreaci\u00f3n y esparcimiento para que las personas <strong>recuperen el espacio en la v\u00eda p\u00fablica<\/strong> que le quitaron los veh\u00edculos y mejore su calidad de vida. La planificaci\u00f3n de esas ciudades debe empezar <strong>hoy<\/strong>.<\/p>\n<p>&nbsp;<\/p>\n<p>Uno de los temas de los cuales no hemos hablado y es de los m\u00e1s importantes, es la <strong>Educaci\u00f3n Vial<\/strong>, el Estado hoy <strong>no forma conductores responsables<\/strong>, sino que funciona como una escriban\u00eda para obtener el carnet. Si bien de la formaci\u00f3n de conductores y conductoras hablaremos en una columna en particular en unos d\u00edas, es necesario comenzar a trabajar en un programa que forme personas capacitadas para conducir, para que las pr\u00f3ximas generaciones que accedan a la licencia de conducir entiendan la responsabilidad que eso implica. Muchas de las medidas mencionadas hasta aqu\u00ed, sin duda ayudar\u00e1n a disminuir la accidentolog\u00eda vial, pero eso <strong>no implica que se conduzca mejor<\/strong>, por eso necesitamos de la <strong>Educaci\u00f3n Vial<\/strong>, no s\u00f3lo para quienes conduzcan un auto, tambi\u00e9n para quienes circulen en motocicleta, camiones, colectivos, ciclistas y para peatones, tanto para personal estatal como fuerzas de seguridad, como para privados, por ejemplo, personal de empresas de transporte. <strong>Los cambios de este tipo de medidas probablemente se concreten en un plazo no menor a diez a\u00f1os.<\/strong><\/p>\n<p>&nbsp;<\/p>\n<p>Las medidas hasta aqu\u00ed mencionadas claro que no son todas las que se pueden tomar, pero s\u00ed las m\u00e1s importantes o m\u00e1s urgentes, hasta aqu\u00ed no hemos hablado de temas como <strong>alcoholemia <\/strong>o<strong> el uso del celular en la<\/strong> <strong>conducci\u00f3n<\/strong>, de ellos hablaremos en pr\u00f3ximas columnas.<\/p>\n<p>&nbsp;<\/p>\n<p>Con esta especie de resumen de ideas o greatest hits de la seguridad vial para ordenar un poco las propuestas y establecer un plan de trabajo es que llegamos hasta aqu\u00ed.<\/p>\n<p>&nbsp;<\/p>\n<p>Tal vez en alg\u00fan momento mientras le\u00edas la nota, te habr\u00e1s preguntado cuanto le costar\u00eda al Estado tomar las medidas mencionadas, pero, te pusiste a pensar cu\u00e1nto invierte anualmente haci\u00e9ndose cargo de las consecuencias de la inseguridad vial.<\/p>\n<p>&nbsp;<\/p>\n<p>De eso vamos a hablar en 15 d\u00edas.<\/p>\n<p>&nbsp;<\/p>\n<p>Te espero.<\/p>\n","protected":false},"excerpt":{"rendered":"<p>Por Marcos Pascua \/\u00a0@Ma7c0s<\/p>\n","protected":false},"author":2,"featured_media":8860,"comment_status":"closed","ping_status":"closed","sticky":false,"template":"","format":"standard","meta":{"_jetpack_memberships_contains_paid_content":false,"footnotes":""},"categories":[5,1],"tags":[],"class_list":["post-8859","post","type-post","status-publish","format-standard","has-post-thumbnail","hentry","category-informacion-general","category-portada"],"jetpack_featured_media_url":"https:\/\/i0.wp.com\/cdnoticias.com\/wp-content\/uploads\/2020\/12\/controlar-columna.jpg?fit=780%2C405&ssl=1","jetpack_sharing_enabled":true,"_links":{"self":[{"href":"https:\/\/cdnoticias.com\/index.php\/wp-json\/wp\/v2\/posts\/8859","targetHints":{"allow":["GET"]}}],"collection":[{"href":"https:\/\/cdnoticias.com\/index.php\/wp-json\/wp\/v2\/posts"}],"about":[{"href":"https:\/\/cdnoticias.com\/index.php\/wp-json\/wp\/v2\/types\/post"}],"author":[{"embeddable":true,"href":"https:\/\/cdnoticias.com\/index.php\/wp-json\/wp\/v2\/users\/2"}],"replies":[{"embeddable":true,"href":"https:\/\/cdnoticias.com\/index.php\/wp-json\/wp\/v2\/comments?post=8859"}],"version-history":[{"count":0,"href":"https:\/\/cdnoticias.com\/index.php\/wp-json\/wp\/v2\/posts\/8859\/revisions"}],"wp:featuredmedia":[{"embeddable":true,"href":"https:\/\/cdnoticias.com\/index.php\/wp-json\/wp\/v2\/media\/8860"}],"wp:attachment":[{"href":"https:\/\/cdnoticias.com\/index.php\/wp-json\/wp\/v2\/media?parent=8859"}],"wp:term":[{"taxonomy":"category","embeddable":true,"href":"https:\/\/cdnoticias.com\/index.php\/wp-json\/wp\/v2\/categories?post=8859"},{"taxonomy":"post_tag","embeddable":true,"href":"https:\/\/cdnoticias.com\/index.php\/wp-json\/wp\/v2\/tags?post=8859"}],"curies":[{"name":"wp","href":"https:\/\/api.w.org\/{rel}","templated":true}]}}