{"id":88570,"date":"2023-06-26T20:31:09","date_gmt":"2023-06-26T23:31:09","guid":{"rendered":"https:\/\/www.centraldenoticias.com.ar\/?p=88570"},"modified":"2023-06-27T08:25:45","modified_gmt":"2023-06-27T11:25:45","slug":"lo-capturaron-con-articulos-robados-y-aparecio-el-dueno-a-denunciar","status":"publish","type":"post","link":"https:\/\/cdnoticias.com\/index.php\/2023\/06\/26\/lo-capturaron-con-articulos-robados-y-aparecio-el-dueno-a-denunciar\/","title":{"rendered":"Lo capturaron con art\u00edculos robados y apareci\u00f3 el due\u00f1o a denunciar"},"content":{"rendered":"<p>Ocurri\u00f3 en Sierras Bayas el domingo. El acusado qued\u00f3 aprehendido. El propietario, recuper\u00f3 la motosierra y la desmalezadora.<\/p>\n<p><!--more--><\/p>\n<hr \/>\n<p><strong>Un hombre fue aprehendido en Sierras Bayas<\/strong> tras ser hallado con <strong>art\u00edculos presuntamente robados<\/strong>. Poco despu\u00e9s se confirm\u00f3 la presunci\u00f3n: <strong>hubo una denuncia por \u201churto\u201d<\/strong>.<\/p>\n<p>&nbsp;<\/p>\n<p>Se detall\u00f3 que el caso se registr\u00f3 el domingo cuando mediante un llamado tel\u00e9fonico, <strong>personal de la Subcomisar\u00eda de la localidad<\/strong> fue advertido de una persona que transitaba a pie por el Camino de Los Ancestros.<\/p>\n<p>&nbsp;<\/p>\n<p>Al llegar al sector se\u00f1alado, <strong>los efectivos dieron con el joven de 24 a\u00f1os, quien transportaba una maquina desmalezadora y una motosierra<\/strong>. En el contacto con los uniformados, el sospechoso no pudo justificar ni acreditar la propiedad de los elementos en su poder, por lo que fue traslado a la dependencia para iniciar actuaciones por<strong> \u201caveriguaci\u00f3n de presunto il\u00edcito\u201d<\/strong>.<\/p>\n<p>&nbsp;<\/p>\n<p><img data-recalc-dims=\"1\" loading=\"lazy\" decoding=\"async\" class=\"size-full wp-image-88572 aligncenter\" src=\"https:\/\/i0.wp.com\/cdnoticias.com\/wp-content\/uploads\/2023\/06\/aprehendido-robo-sierras-bayas-01.jpg?resize=800%2C558&#038;ssl=1\" alt=\"\" width=\"800\" height=\"558\" srcset=\"https:\/\/i0.wp.com\/cdnoticias.com\/wp-content\/uploads\/2023\/06\/aprehendido-robo-sierras-bayas-01.jpg?w=800&amp;ssl=1 800w, https:\/\/i0.wp.com\/cdnoticias.com\/wp-content\/uploads\/2023\/06\/aprehendido-robo-sierras-bayas-01.jpg?resize=300%2C209&amp;ssl=1 300w, https:\/\/i0.wp.com\/cdnoticias.com\/wp-content\/uploads\/2023\/06\/aprehendido-robo-sierras-bayas-01.jpg?resize=768%2C536&amp;ssl=1 768w, https:\/\/i0.wp.com\/cdnoticias.com\/wp-content\/uploads\/2023\/06\/aprehendido-robo-sierras-bayas-01.jpg?resize=392%2C272&amp;ssl=1 392w, https:\/\/i0.wp.com\/cdnoticias.com\/wp-content\/uploads\/2023\/06\/aprehendido-robo-sierras-bayas-01.jpg?resize=130%2C90&amp;ssl=1 130w\" sizes=\"auto, (max-width: 800px) 100vw, 800px\" \/><\/p>\n<p>&nbsp;<\/p>\n<p>Mientras se desarrollaba la labor administrativa en la Subcomisar\u00eda de Sierras Bayas, se present\u00f3 <strong>un hombre quien denunci\u00f3 que el mismo domingo le hab\u00eda sustra\u00eddo una desmalezadora y una motosierra<\/strong>. Aport\u00f3 las boletas de dichos art\u00edculos para demostrar su propiedad y se estableci\u00f3 que <strong>eran los que ya hab\u00edan sido secuestrados.<\/strong><\/p>\n<p>&nbsp;<\/p>\n<p>De esa manera, el joven que hab\u00eda sido demorado qued\u00f3 <strong>aprehendido<\/strong> acusado por<strong> \u201churto\u201d<\/strong>.<\/p>\n<p>&nbsp;<\/p>\n<p>El denunciante expuso adem\u00e1s que en el lugar donde le fueron sustra\u00eddos la demalezadora y motosierra, <strong>hall\u00f3 una bolsa de nylon conteniendo llaves tubo de diferentes medidas, dos discos de corte, una llave ca\u00f1o y un reel<\/strong>. Entreg\u00f3 estos \u00faltimos art\u00edculos a la polic\u00eda.<\/p>\n<p>&nbsp;<\/p>\n<p>De esta manera, se iniciaron las<em> actuaciones penales por \u201churto\u201d y por \u201caveriguaci\u00f3n de presunto il\u00edcito\u201d<\/em>, con la acusaci\u00f3n sobre el joven de 24 a\u00f1os quien qued\u00f3 aprehendido. Se dio intervenci\u00f3n a la <strong>UFI N\u00ba 10 de Olavarr\u00eda.<\/strong><\/p>\n<p>&nbsp;<\/p>\n","protected":false},"excerpt":{"rendered":"<p>Ocurri\u00f3 en Sierras Bayas el domingo. El acusado qued\u00f3 aprehendido. El propietario, recuper\u00f3 la motosierra y la desmalezadora.<\/p>\n","protected":false},"author":4,"featured_media":88571,"comment_status":"closed","ping_status":"closed","sticky":false,"template":"","format":"standard","meta":{"_jetpack_memberships_contains_paid_content":false,"footnotes":""},"categories":[14,1],"tags":[],"class_list":["post-88570","post","type-post","status-publish","format-standard","has-post-thumbnail","hentry","category-policiales","category-portada"],"jetpack_featured_media_url":"https:\/\/i0.wp.com\/cdnoticias.com\/wp-content\/uploads\/2023\/06\/aprehendido-robo-sierras-bayas-00.jpg?fit=800%2C444&ssl=1","jetpack_sharing_enabled":true,"_links":{"self":[{"href":"https:\/\/cdnoticias.com\/index.php\/wp-json\/wp\/v2\/posts\/88570","targetHints":{"allow":["GET"]}}],"collection":[{"href":"https:\/\/cdnoticias.com\/index.php\/wp-json\/wp\/v2\/posts"}],"about":[{"href":"https:\/\/cdnoticias.com\/index.php\/wp-json\/wp\/v2\/types\/post"}],"author":[{"embeddable":true,"href":"https:\/\/cdnoticias.com\/index.php\/wp-json\/wp\/v2\/users\/4"}],"replies":[{"embeddable":true,"href":"https:\/\/cdnoticias.com\/index.php\/wp-json\/wp\/v2\/comments?post=88570"}],"version-history":[{"count":0,"href":"https:\/\/cdnoticias.com\/index.php\/wp-json\/wp\/v2\/posts\/88570\/revisions"}],"wp:featuredmedia":[{"embeddable":true,"href":"https:\/\/cdnoticias.com\/index.php\/wp-json\/wp\/v2\/media\/88571"}],"wp:attachment":[{"href":"https:\/\/cdnoticias.com\/index.php\/wp-json\/wp\/v2\/media?parent=88570"}],"wp:term":[{"taxonomy":"category","embeddable":true,"href":"https:\/\/cdnoticias.com\/index.php\/wp-json\/wp\/v2\/categories?post=88570"},{"taxonomy":"post_tag","embeddable":true,"href":"https:\/\/cdnoticias.com\/index.php\/wp-json\/wp\/v2\/tags?post=88570"}],"curies":[{"name":"wp","href":"https:\/\/api.w.org\/{rel}","templated":true}]}}