{"id":88545,"date":"2023-06-26T10:34:44","date_gmt":"2023-06-26T13:34:44","guid":{"rendered":"https:\/\/www.centraldenoticias.com.ar\/?p=88545"},"modified":"2023-06-26T10:34:44","modified_gmt":"2023-06-26T13:34:44","slug":"no-se-detectaron-casos-de-influenza-aviar-en-la-ultima-semana","status":"publish","type":"post","link":"https:\/\/cdnoticias.com\/index.php\/2023\/06\/26\/no-se-detectaron-casos-de-influenza-aviar-en-la-ultima-semana\/","title":{"rendered":"No se detectaron casos de influenza aviar en la \u00faltima semana"},"content":{"rendered":"<p>Los casos confirmados hasta el momento son 75 en aves de traspatio, 18 en el sector comercial y siete silvestres.<!--more--><\/p>\n<hr \/>\n<p>El<strong> Laboratorio Nacional del Servicio Nacional de Sanidad y Calidad Agroalimentaria (Senasa)<\/strong> inform\u00f3 que todas <strong>las muestras analizadas del 17 al 23 de junio arrojaron diagn\u00f3stico negativo a influenza aviar (IA) H5.<\/strong><\/p>\n<p>&nbsp;<\/p>\n<p>As\u00ed, desde el inicio de la emergencia sanitaria hace 133 d\u00edas, de las 546 notificaciones analizadas por el Senasa,<strong> suman 100 las detecciones de la enfermedad en todo el pa\u00eds (18,3%) y 92 los brotes cerrados (92%).<\/strong><\/p>\n<p>&nbsp;<\/p>\n<p>La Direcci\u00f3n Nacional de Sanidad Animal del Senasa dispuso en este sentido el <strong>cierre de 10 brotes sobre 18 focos hallados en granjas de aves comerciales<\/strong>, al no haberse detectado novedades sanitarias en los predios\/\u00e1reas afectadas ni en la Zona de Control Sanitario.<\/p>\n<p>&nbsp;<\/p>\n<p>De esta manera, se levant\u00f3 la interdicci\u00f3n de tres establecimientos av\u00edcolas en R\u00edo Negro y tres en Buenos Aires, as\u00ed como uno en C\u00f3rdoba, Santa Fe, Entre R\u00edos y Neuqu\u00e9n.<\/p>\n<p>&nbsp;<\/p>\n<p>En tanto, los casos confirmados hasta el momento son: <strong>75 en aves de traspatio, 18 en el sector comercial y siete silvestres,<\/strong> agreg\u00f3 el organismo.<\/p>\n<p>&nbsp;<\/p>\n<p>Se distribuyen: 24 en Buenos Aires; 21 en C\u00f3rdoba; 12 en Neuqu\u00e9n; nueve en Santa Fe; siete en R\u00edo Negro y Chubut; cuatro en Chaco; dos en Entre R\u00edos y Formosa, San Luis, La Pampa, Corrientes y Santa Cruz; uno en Jujuy, Santiago del Estero, Salta y Mendoza.<\/p>\n<p>&nbsp;<\/p>\n<p><em>Fuente: DIB.<\/em><\/p>\n","protected":false},"excerpt":{"rendered":"<p>Los casos confirmados hasta el momento son 75 en aves de traspatio, 18 en el sector comercial y siete silvestres.<\/p>\n","protected":false},"author":5,"featured_media":88546,"comment_status":"closed","ping_status":"closed","sticky":false,"template":"","format":"standard","meta":{"_jetpack_memberships_contains_paid_content":false,"footnotes":""},"categories":[6,1],"tags":[],"class_list":["post-88545","post","type-post","status-publish","format-standard","has-post-thumbnail","hentry","category-nacionales","category-portada"],"jetpack_featured_media_url":"https:\/\/i0.wp.com\/cdnoticias.com\/wp-content\/uploads\/2023\/06\/gripe-aviar-1.jpeg?fit=800%2C445&ssl=1","jetpack_sharing_enabled":true,"_links":{"self":[{"href":"https:\/\/cdnoticias.com\/index.php\/wp-json\/wp\/v2\/posts\/88545","targetHints":{"allow":["GET"]}}],"collection":[{"href":"https:\/\/cdnoticias.com\/index.php\/wp-json\/wp\/v2\/posts"}],"about":[{"href":"https:\/\/cdnoticias.com\/index.php\/wp-json\/wp\/v2\/types\/post"}],"author":[{"embeddable":true,"href":"https:\/\/cdnoticias.com\/index.php\/wp-json\/wp\/v2\/users\/5"}],"replies":[{"embeddable":true,"href":"https:\/\/cdnoticias.com\/index.php\/wp-json\/wp\/v2\/comments?post=88545"}],"version-history":[{"count":0,"href":"https:\/\/cdnoticias.com\/index.php\/wp-json\/wp\/v2\/posts\/88545\/revisions"}],"wp:featuredmedia":[{"embeddable":true,"href":"https:\/\/cdnoticias.com\/index.php\/wp-json\/wp\/v2\/media\/88546"}],"wp:attachment":[{"href":"https:\/\/cdnoticias.com\/index.php\/wp-json\/wp\/v2\/media?parent=88545"}],"wp:term":[{"taxonomy":"category","embeddable":true,"href":"https:\/\/cdnoticias.com\/index.php\/wp-json\/wp\/v2\/categories?post=88545"},{"taxonomy":"post_tag","embeddable":true,"href":"https:\/\/cdnoticias.com\/index.php\/wp-json\/wp\/v2\/tags?post=88545"}],"curies":[{"name":"wp","href":"https:\/\/api.w.org\/{rel}","templated":true}]}}