{"id":88540,"date":"2023-06-26T09:33:49","date_gmt":"2023-06-26T12:33:49","guid":{"rendered":"https:\/\/www.centraldenoticias.com.ar\/?p=88540"},"modified":"2023-06-26T12:23:22","modified_gmt":"2023-06-26T15:23:22","slug":"un-camionero-de-olavarria-volco-en-las-flores","status":"publish","type":"post","link":"https:\/\/cdnoticias.com\/index.php\/2023\/06\/26\/un-camionero-de-olavarria-volco-en-las-flores\/","title":{"rendered":"Un camionero de Olavarr\u00eda volc\u00f3 en Las Flores"},"content":{"rendered":"<p>El siniestro se registr\u00f3 en las primeras horas de este lunes sobre la ruta nacional 3 en la curva \u201cEl Despunte\u201d. El conductor result\u00f3 con lesiones leves.<\/p>\n<p><!--more--><\/p>\n<hr \/>\n<p>Un<strong> despiste y vuelco de cami\u00f3n<\/strong> se registr\u00f3 en las primeras horas de este lunes sobre la <strong>ruta nacional 3<\/strong> en el distrito de <strong>Las Flores<\/strong>.<\/p>\n<p>&nbsp;<\/p>\n<p>Ocurri\u00f3 <strong>pasadas las 3.45 de este lunes<\/strong> a la altura de la denominada curva \u201cEl Despunte\u201d.<\/p>\n<p>&nbsp;<\/p>\n<p><img data-recalc-dims=\"1\" loading=\"lazy\" decoding=\"async\" class=\"size-full wp-image-88542 aligncenter\" src=\"https:\/\/i0.wp.com\/cdnoticias.com\/wp-content\/uploads\/2023\/06\/noticias-las-flores-choque-ruta-3b.jpg?resize=800%2C450&#038;ssl=1\" alt=\"\" width=\"800\" height=\"450\" srcset=\"https:\/\/i0.wp.com\/cdnoticias.com\/wp-content\/uploads\/2023\/06\/noticias-las-flores-choque-ruta-3b.jpg?w=800&amp;ssl=1 800w, https:\/\/i0.wp.com\/cdnoticias.com\/wp-content\/uploads\/2023\/06\/noticias-las-flores-choque-ruta-3b.jpg?resize=300%2C169&amp;ssl=1 300w, https:\/\/i0.wp.com\/cdnoticias.com\/wp-content\/uploads\/2023\/06\/noticias-las-flores-choque-ruta-3b.jpg?resize=768%2C432&amp;ssl=1 768w\" sizes=\"auto, (max-width: 800px) 100vw, 800px\" \/><\/p>\n<p>&nbsp;<\/p>\n<p>Por causas que a\u00fan se tratan de establecer, <strong>un cami\u00f3n perdi\u00f3 el control y termin\u00f3 volcado en el kil\u00f3metro 163<\/strong> donde qued\u00f3 atravesado sobre la cinta asf\u00e1ltica.<\/p>\n<p>&nbsp;<\/p>\n<blockquote><p>Se inform\u00f3 que el conductor del rodado, Cristian Sassano, oriundo de Olavarr\u00eda, fue trasladado por precauci\u00f3n al Hospital de Las Flores por el servicio de emergencia SAME.<\/p><\/blockquote>\n<p>&nbsp;<\/p>\n<p>Fuente y fotos: <em>Noticias Las Flores<\/em><\/p>\n<p>&nbsp;<\/p>\n","protected":false},"excerpt":{"rendered":"<p>El siniestro se registr\u00f3 en las primeras horas de este lunes sobre la ruta nacional 3 en la curva \u201cEl<\/p>\n","protected":false},"author":4,"featured_media":88541,"comment_status":"closed","ping_status":"closed","sticky":false,"template":"","format":"standard","meta":{"_jetpack_memberships_contains_paid_content":false,"footnotes":""},"categories":[14,1],"tags":[],"class_list":["post-88540","post","type-post","status-publish","format-standard","has-post-thumbnail","hentry","category-policiales","category-portada"],"jetpack_featured_media_url":"https:\/\/i0.wp.com\/cdnoticias.com\/wp-content\/uploads\/2023\/06\/noticias-las-flores-choque-ruta-3a.jpg?fit=800%2C446&ssl=1","jetpack_sharing_enabled":true,"_links":{"self":[{"href":"https:\/\/cdnoticias.com\/index.php\/wp-json\/wp\/v2\/posts\/88540","targetHints":{"allow":["GET"]}}],"collection":[{"href":"https:\/\/cdnoticias.com\/index.php\/wp-json\/wp\/v2\/posts"}],"about":[{"href":"https:\/\/cdnoticias.com\/index.php\/wp-json\/wp\/v2\/types\/post"}],"author":[{"embeddable":true,"href":"https:\/\/cdnoticias.com\/index.php\/wp-json\/wp\/v2\/users\/4"}],"replies":[{"embeddable":true,"href":"https:\/\/cdnoticias.com\/index.php\/wp-json\/wp\/v2\/comments?post=88540"}],"version-history":[{"count":0,"href":"https:\/\/cdnoticias.com\/index.php\/wp-json\/wp\/v2\/posts\/88540\/revisions"}],"wp:featuredmedia":[{"embeddable":true,"href":"https:\/\/cdnoticias.com\/index.php\/wp-json\/wp\/v2\/media\/88541"}],"wp:attachment":[{"href":"https:\/\/cdnoticias.com\/index.php\/wp-json\/wp\/v2\/media?parent=88540"}],"wp:term":[{"taxonomy":"category","embeddable":true,"href":"https:\/\/cdnoticias.com\/index.php\/wp-json\/wp\/v2\/categories?post=88540"},{"taxonomy":"post_tag","embeddable":true,"href":"https:\/\/cdnoticias.com\/index.php\/wp-json\/wp\/v2\/tags?post=88540"}],"curies":[{"name":"wp","href":"https:\/\/api.w.org\/{rel}","templated":true}]}}