{"id":88530,"date":"2023-06-26T08:56:35","date_gmt":"2023-06-26T11:56:35","guid":{"rendered":"https:\/\/www.centraldenoticias.com.ar\/?p=88530"},"modified":"2023-06-26T09:35:28","modified_gmt":"2023-06-26T12:35:28","slug":"mejora-el-estado-de-salud-del-hombre-herido-con-un-arma-blanca","status":"publish","type":"post","link":"https:\/\/cdnoticias.com\/index.php\/2023\/06\/26\/mejora-el-estado-de-salud-del-hombre-herido-con-un-arma-blanca\/","title":{"rendered":"Mejora el estado de salud del hombre herido con un arma blanca"},"content":{"rendered":"<p>Ingres\u00f3 al Hospital Municipal el domingo con varias heridas. El hombre de 31 a\u00f1os hab\u00eda sido encontrado en la v\u00eda p\u00fablica.<!--more--><\/p>\n<hr \/>\n<p>Este domingo un hombre fue encontrado en la zona del barrio Nicol\u00e1s Avellaneda con <a href=\"https:\/\/cdnoticias.com\/index.php\/2023\/06\/25\/un-hombre-se-encuentra-en-grave-estado-tras-haber-sido-herido-con-un-cuchillo\/\" target=\"_blank\" rel=\"noopener\">varias heridas de arma blanca y trasladado al Hospital Municipal de urgencia.<\/a><\/p>\n<p>&nbsp;<\/p>\n<p>Seg\u00fan se inform\u00f3 este lunes desde el centro de salud y tras realizar la evaluaci\u00f3n de sus lesiones, <strong>el hombre de 31 a\u00f1os recibi\u00f3 heridas \u201csin compromiso de \u00f3rganos nobles\u201d.<\/strong> Por lo que se eval\u00faa una posible alta m\u00e9dica.<\/p>\n<p>&nbsp;<\/p>\n<p>En este sentido, se abri\u00f3 una causa judicial caratulada como<strong> \u201cLesiones agravadas por el uso de arma blanca\u201d con intervenci\u00f3n de la UFI N\u00b010.<\/strong><\/p>\n<p>&nbsp;<\/p>\n<blockquote class=\"wp-embedded-content\" data-secret=\"MD3m5nDgaz\"><p><a href=\"https:\/\/cdnoticias.com\/index.php\/2023\/06\/25\/un-hombre-se-encuentra-en-grave-estado-tras-haber-sido-herido-con-un-cuchillo\/\">Un hombre se encuentra en grave estado tras haber sido herido con un cuchillo<\/a><\/p><\/blockquote>\n<p><iframe loading=\"lazy\" class=\"wp-embedded-content\" sandbox=\"allow-scripts\" security=\"restricted\" style=\"position: absolute; clip: rect(1px, 1px, 1px, 1px);\" title=\"&#8220;Un hombre se encuentra en grave estado tras haber sido herido con un cuchillo&#8221; &#8212; Central de Noticias | Olavarr\u00eda\" src=\"https:\/\/cdnoticias.com\/index.php\/2023\/06\/25\/un-hombre-se-encuentra-en-grave-estado-tras-haber-sido-herido-con-un-cuchillo\/embed\/#?secret=18Xr4qDnd4#?secret=MD3m5nDgaz\" data-secret=\"MD3m5nDgaz\" width=\"600\" height=\"338\" frameborder=\"0\" marginwidth=\"0\" marginheight=\"0\" scrolling=\"no\"><\/iframe><\/p>\n","protected":false},"excerpt":{"rendered":"<p>Ingres\u00f3 al Hospital Municipal el domingo con varias heridas. El hombre de 31 a\u00f1os hab\u00eda sido encontrado en la v\u00eda<\/p>\n","protected":false},"author":5,"featured_media":3821,"comment_status":"closed","ping_status":"closed","sticky":false,"template":"","format":"standard","meta":{"_jetpack_memberships_contains_paid_content":false,"footnotes":""},"categories":[14,1],"tags":[],"class_list":["post-88530","post","type-post","status-publish","format-standard","has-post-thumbnail","hentry","category-policiales","category-portada"],"jetpack_featured_media_url":"https:\/\/i0.wp.com\/cdnoticias.com\/wp-content\/uploads\/2020\/10\/hospital-municipal.jpg?fit=4608%2C3072&ssl=1","jetpack_sharing_enabled":true,"_links":{"self":[{"href":"https:\/\/cdnoticias.com\/index.php\/wp-json\/wp\/v2\/posts\/88530","targetHints":{"allow":["GET"]}}],"collection":[{"href":"https:\/\/cdnoticias.com\/index.php\/wp-json\/wp\/v2\/posts"}],"about":[{"href":"https:\/\/cdnoticias.com\/index.php\/wp-json\/wp\/v2\/types\/post"}],"author":[{"embeddable":true,"href":"https:\/\/cdnoticias.com\/index.php\/wp-json\/wp\/v2\/users\/5"}],"replies":[{"embeddable":true,"href":"https:\/\/cdnoticias.com\/index.php\/wp-json\/wp\/v2\/comments?post=88530"}],"version-history":[{"count":0,"href":"https:\/\/cdnoticias.com\/index.php\/wp-json\/wp\/v2\/posts\/88530\/revisions"}],"wp:featuredmedia":[{"embeddable":true,"href":"https:\/\/cdnoticias.com\/index.php\/wp-json\/wp\/v2\/media\/3821"}],"wp:attachment":[{"href":"https:\/\/cdnoticias.com\/index.php\/wp-json\/wp\/v2\/media?parent=88530"}],"wp:term":[{"taxonomy":"category","embeddable":true,"href":"https:\/\/cdnoticias.com\/index.php\/wp-json\/wp\/v2\/categories?post=88530"},{"taxonomy":"post_tag","embeddable":true,"href":"https:\/\/cdnoticias.com\/index.php\/wp-json\/wp\/v2\/tags?post=88530"}],"curies":[{"name":"wp","href":"https:\/\/api.w.org\/{rel}","templated":true}]}}