{"id":88497,"date":"2023-06-25T09:21:33","date_gmt":"2023-06-25T12:21:33","guid":{"rendered":"https:\/\/www.centraldenoticias.com.ar\/?p=88497"},"modified":"2023-06-25T11:24:57","modified_gmt":"2023-06-25T14:24:57","slug":"mercedes-landivar-encabezara-la-lista-de-diputados-provinciales-de-la-seccion","status":"publish","type":"post","link":"https:\/\/cdnoticias.com\/index.php\/2023\/06\/25\/mercedes-landivar-encabezara-la-lista-de-diputados-provinciales-de-la-seccion\/","title":{"rendered":"Mercedes Land\u00edvar encabezar\u00e1 la lista de diputados provinciales de la Secci\u00f3n"},"content":{"rendered":"<p>Ser\u00e1 por Uni\u00f3n por la Patria. La concejal olavarriense firm\u00f3 en la madrugada del domingo. La acompa\u00f1ar\u00e1 el saladillense Ricardo Lissalde y una azule\u00f1a, Mar\u00eda Laura Alo\u00edsi.<!--more--><\/p>\n<hr \/>\n<p>Entrada la madrugada del domingo, con las \u00faltimas definiciones del cierre de listas, <strong>se conoci\u00f3 que la concejal olavarriense Mercedes Land\u00edvar encabezar\u00e1 la n\u00f3mina de precandidatos a diputados provinciales por Uni\u00f3n por la Patria.<\/strong><\/p>\n<p>&nbsp;<\/p>\n<blockquote><p>Era un nombre que se rumoreaba desde las primeras horas del s\u00e1bado, pero las diversas idas y vueltas que tuvo el espacio en sus diversos niveles gener\u00f3 que las definiciones se dilaten hasta entrada la madrugada.<\/p><\/blockquote>\n<p>&nbsp;<\/p>\n<p><strong>Land\u00edvar estar\u00e1 acompa\u00f1ada del massista Ricardo Lissalde<\/strong>, Presidente de Aubasa y oriundo de Saladillo. La n\u00f3mina informada hasta el cierre de la nota confirm\u00f3 a la azule\u00f1a <strong>Mar\u00eda Laura Alo\u00edsi (tambi\u00e9n concejal) en el tercer lugar.<\/strong><\/p>\n<p>&nbsp;<\/p>\n<p>M\u00e1s all\u00e1 de la alegr\u00eda por el ingreso de una olavarriense en lugares de protagonismo, tambi\u00e9n fue <strong>tiempo de ratificar que tras 12 a\u00f1os y 3 mandatos, C\u00e9sar Valicenti dejar\u00e1 la legislatura bonaerense. Alcanz\u00f3, en estos \u00faltimos dos a\u00f1os, la presidencia del bloque que responde al gobernador Kicillof.<\/strong><\/p>\n<p>&nbsp;<\/p>\n<p>Otro de los que dejar\u00e1 la Legislatura es <strong>el saladillense Walter Abarca, quien tambi\u00e9n tuvo tres periodos consecutivos en una banca de la C\u00e1mara de Diputados de la Provincia.<\/strong><\/p>\n","protected":false},"excerpt":{"rendered":"<p>Ser\u00e1 por Uni\u00f3n por la Patria. La concejal olavarriense firm\u00f3 en la madrugada del domingo. La acompa\u00f1ar\u00e1 el saladillense Ricardo<\/p>\n","protected":false},"author":2,"featured_media":88498,"comment_status":"closed","ping_status":"closed","sticky":false,"template":"","format":"standard","meta":{"_jetpack_memberships_contains_paid_content":false,"footnotes":""},"categories":[4,1],"tags":[],"class_list":["post-88497","post","type-post","status-publish","format-standard","has-post-thumbnail","hentry","category-politica","category-portada"],"jetpack_featured_media_url":"https:\/\/i0.wp.com\/cdnoticias.com\/wp-content\/uploads\/2023\/06\/WhatsApp-Image-2023-06-25-at-01.42.15.jpeg?fit=1196%2C735&ssl=1","jetpack_sharing_enabled":true,"_links":{"self":[{"href":"https:\/\/cdnoticias.com\/index.php\/wp-json\/wp\/v2\/posts\/88497","targetHints":{"allow":["GET"]}}],"collection":[{"href":"https:\/\/cdnoticias.com\/index.php\/wp-json\/wp\/v2\/posts"}],"about":[{"href":"https:\/\/cdnoticias.com\/index.php\/wp-json\/wp\/v2\/types\/post"}],"author":[{"embeddable":true,"href":"https:\/\/cdnoticias.com\/index.php\/wp-json\/wp\/v2\/users\/2"}],"replies":[{"embeddable":true,"href":"https:\/\/cdnoticias.com\/index.php\/wp-json\/wp\/v2\/comments?post=88497"}],"version-history":[{"count":0,"href":"https:\/\/cdnoticias.com\/index.php\/wp-json\/wp\/v2\/posts\/88497\/revisions"}],"wp:featuredmedia":[{"embeddable":true,"href":"https:\/\/cdnoticias.com\/index.php\/wp-json\/wp\/v2\/media\/88498"}],"wp:attachment":[{"href":"https:\/\/cdnoticias.com\/index.php\/wp-json\/wp\/v2\/media?parent=88497"}],"wp:term":[{"taxonomy":"category","embeddable":true,"href":"https:\/\/cdnoticias.com\/index.php\/wp-json\/wp\/v2\/categories?post=88497"},{"taxonomy":"post_tag","embeddable":true,"href":"https:\/\/cdnoticias.com\/index.php\/wp-json\/wp\/v2\/tags?post=88497"}],"curies":[{"name":"wp","href":"https:\/\/api.w.org\/{rel}","templated":true}]}}