{"id":8849,"date":"2020-12-12T19:46:17","date_gmt":"2020-12-12T22:46:17","guid":{"rendered":"http:\/\/www.centraldenoticias.com.ar\/?p=8849"},"modified":"2020-12-12T19:46:17","modified_gmt":"2020-12-12T22:46:17","slug":"graciela-edith-maldonado-q-e-p-d","status":"publish","type":"post","link":"https:\/\/cdnoticias.com\/index.php\/2020\/12\/12\/graciela-edith-maldonado-q-e-p-d\/","title":{"rendered":"Graciela Edith Maldonado (Q.E.P.D.)"},"content":{"rendered":"<p>Falleci\u00f3 en Olavarr\u00eda el 12 de diciembre a los 51 a\u00f1os. Sus hijos Priscila y David Azzatto; su hijo pol\u00edtico Gonzalo Lafleour; sus nietas Alma y Geraldine Azzatto; Albertina Lafleour; sus hermanos Jorge y N\u00e9stor Maldonado; su mam\u00e1 Blanca Ib\u00e1\u00f1ez; su padre pol\u00edtico N\u00e9stor Guall\u00e1n; sus hermanas pol\u00edticas Anabella Vigo y Andrea Garc\u00eda; sus sobrinos y dem\u00e1s deudos participan su fallecimiento.<\/p>\n<p>&nbsp;<\/p>\n<p>Sus restos ser\u00e1n cremados en Crematorio Pinos de Paz en d\u00eda y horario a confirmar.<\/p>\n","protected":false},"excerpt":{"rendered":"<p>Falleci\u00f3 en Olavarr\u00eda el 12 de diciembre a los 51 a\u00f1os. Sus hijos Priscila y David Azzatto; su hijo pol\u00edtico<\/p>\n","protected":false},"author":5,"featured_media":0,"comment_status":"closed","ping_status":"closed","sticky":false,"template":"","format":"standard","meta":{"_jetpack_memberships_contains_paid_content":false,"footnotes":""},"categories":[10],"tags":[],"class_list":["post-8849","post","type-post","status-publish","format-standard","hentry","category-necrologicas"],"jetpack_featured_media_url":"","jetpack_sharing_enabled":true,"_links":{"self":[{"href":"https:\/\/cdnoticias.com\/index.php\/wp-json\/wp\/v2\/posts\/8849","targetHints":{"allow":["GET"]}}],"collection":[{"href":"https:\/\/cdnoticias.com\/index.php\/wp-json\/wp\/v2\/posts"}],"about":[{"href":"https:\/\/cdnoticias.com\/index.php\/wp-json\/wp\/v2\/types\/post"}],"author":[{"embeddable":true,"href":"https:\/\/cdnoticias.com\/index.php\/wp-json\/wp\/v2\/users\/5"}],"replies":[{"embeddable":true,"href":"https:\/\/cdnoticias.com\/index.php\/wp-json\/wp\/v2\/comments?post=8849"}],"version-history":[{"count":0,"href":"https:\/\/cdnoticias.com\/index.php\/wp-json\/wp\/v2\/posts\/8849\/revisions"}],"wp:attachment":[{"href":"https:\/\/cdnoticias.com\/index.php\/wp-json\/wp\/v2\/media?parent=8849"}],"wp:term":[{"taxonomy":"category","embeddable":true,"href":"https:\/\/cdnoticias.com\/index.php\/wp-json\/wp\/v2\/categories?post=8849"},{"taxonomy":"post_tag","embeddable":true,"href":"https:\/\/cdnoticias.com\/index.php\/wp-json\/wp\/v2\/tags?post=8849"}],"curies":[{"name":"wp","href":"https:\/\/api.w.org\/{rel}","templated":true}]}}