{"id":88476,"date":"2023-06-24T22:43:07","date_gmt":"2023-06-25T01:43:07","guid":{"rendered":"https:\/\/www.centraldenoticias.com.ar\/?p=88476"},"modified":"2023-06-24T23:11:10","modified_gmt":"2023-06-25T02:11:10","slug":"emilio-vitale-sera-precandidato-a-diputado-nacional-de-la-lista-de-santilli","status":"publish","type":"post","link":"https:\/\/cdnoticias.com\/index.php\/2023\/06\/24\/emilio-vitale-sera-precandidato-a-diputado-nacional-de-la-lista-de-santilli\/","title":{"rendered":"Emilio Vitale ser\u00e1 precandidato a diputado nacional de la lista de Santilli"},"content":{"rendered":"<p>El funcionario local ocupar\u00e1 la posici\u00f3n 27. Fue tras firmar en la noche de este s\u00e1bado en La Plata.<!--more--><\/p>\n<hr \/>\n<p>En la noche de este s\u00e1bado,<strong> fuentes del espacio liderado por Ezequiel Galli confirmaron a Central de Noticias que el funcionario Emilio Vitale ser\u00e1 precandidato a diputado nacional de la lista que encabeza Miguel \u00c1ngel Pichetto.<\/strong><\/p>\n<p>&nbsp;<\/p>\n<blockquote><p>Ser\u00e1 en el lugar 27, y se conoci\u00f3 minutos despu\u00e9s de firmar en la n\u00f3mina que tambi\u00e9n tendr\u00e1 a dirigentes como Silvia Lospennato.<\/p><\/blockquote>\n<p>&nbsp;<\/p>\n<p>De esta forma, <strong>el jefe comunal tendr\u00e1, tambi\u00e9n, representaci\u00f3n en la lista de diputados nacionales luego de confirmarse, horas antes, que el concejal Mart\u00edn Endere encabezar\u00eda la n\u00f3mina de precandidatos a diputados provinciales en la S\u00e9ptima Secci\u00f3n.<\/strong><\/p>\n<p>&nbsp;<\/p>\n<blockquote class=\"wp-embedded-content\" data-secret=\"Lj8ljcJMP2\"><p><a href=\"https:\/\/cdnoticias.com\/index.php\/2023\/06\/24\/martin-endere-encabezara-la-nomina-de-diputados-provinciales-de-larreta\/\">Mart\u00edn Endere encabezar\u00e1 la n\u00f3mina de diputados provinciales de Larreta<\/a><\/p><\/blockquote>\n<p><iframe loading=\"lazy\" class=\"wp-embedded-content\" sandbox=\"allow-scripts\" security=\"restricted\" style=\"position: absolute; clip: rect(1px, 1px, 1px, 1px);\" title=\"&#8220;Mart\u00edn Endere encabezar\u00e1 la n\u00f3mina de diputados provinciales de Larreta&#8221; &#8212; Central de Noticias | Olavarr\u00eda\" src=\"https:\/\/cdnoticias.com\/index.php\/2023\/06\/24\/martin-endere-encabezara-la-nomina-de-diputados-provinciales-de-larreta\/embed\/#?secret=SYTWxLA7wM#?secret=Lj8ljcJMP2\" data-secret=\"Lj8ljcJMP2\" width=\"600\" height=\"338\" frameborder=\"0\" marginwidth=\"0\" marginheight=\"0\" scrolling=\"no\"><\/iframe><\/p>\n<p>&nbsp;<\/p>\n<p>Vitale es ex concejal y luego de finalizado su mandato en 2019 asumi\u00f3 como subsecretario de Gobierno, cargo que ejerce en la actualidad.<\/p>\n","protected":false},"excerpt":{"rendered":"<p>El funcionario local ocupar\u00e1 la posici\u00f3n 27. Fue tras firmar en la noche de este s\u00e1bado en La Plata.<\/p>\n","protected":false},"author":2,"featured_media":85915,"comment_status":"closed","ping_status":"closed","sticky":false,"template":"","format":"standard","meta":{"_jetpack_memberships_contains_paid_content":false,"footnotes":""},"categories":[4,1],"tags":[],"class_list":["post-88476","post","type-post","status-publish","format-standard","has-post-thumbnail","hentry","category-politica","category-portada"],"jetpack_featured_media_url":"https:\/\/i0.wp.com\/cdnoticias.com\/wp-content\/uploads\/2023\/05\/emilio-vitale-00.jpg?fit=800%2C445&ssl=1","jetpack_sharing_enabled":true,"_links":{"self":[{"href":"https:\/\/cdnoticias.com\/index.php\/wp-json\/wp\/v2\/posts\/88476","targetHints":{"allow":["GET"]}}],"collection":[{"href":"https:\/\/cdnoticias.com\/index.php\/wp-json\/wp\/v2\/posts"}],"about":[{"href":"https:\/\/cdnoticias.com\/index.php\/wp-json\/wp\/v2\/types\/post"}],"author":[{"embeddable":true,"href":"https:\/\/cdnoticias.com\/index.php\/wp-json\/wp\/v2\/users\/2"}],"replies":[{"embeddable":true,"href":"https:\/\/cdnoticias.com\/index.php\/wp-json\/wp\/v2\/comments?post=88476"}],"version-history":[{"count":0,"href":"https:\/\/cdnoticias.com\/index.php\/wp-json\/wp\/v2\/posts\/88476\/revisions"}],"wp:featuredmedia":[{"embeddable":true,"href":"https:\/\/cdnoticias.com\/index.php\/wp-json\/wp\/v2\/media\/85915"}],"wp:attachment":[{"href":"https:\/\/cdnoticias.com\/index.php\/wp-json\/wp\/v2\/media?parent=88476"}],"wp:term":[{"taxonomy":"category","embeddable":true,"href":"https:\/\/cdnoticias.com\/index.php\/wp-json\/wp\/v2\/categories?post=88476"},{"taxonomy":"post_tag","embeddable":true,"href":"https:\/\/cdnoticias.com\/index.php\/wp-json\/wp\/v2\/tags?post=88476"}],"curies":[{"name":"wp","href":"https:\/\/api.w.org\/{rel}","templated":true}]}}