{"id":88471,"date":"2023-06-24T21:47:39","date_gmt":"2023-06-25T00:47:39","guid":{"rendered":"https:\/\/www.centraldenoticias.com.ar\/?p=88471"},"modified":"2023-06-24T21:47:39","modified_gmt":"2023-06-25T00:47:39","slug":"tras-varias-idas-y-vueltas-kicillof-repite-formula-y-lo-acompanara-magario","status":"publish","type":"post","link":"https:\/\/cdnoticias.com\/index.php\/2023\/06\/24\/tras-varias-idas-y-vueltas-kicillof-repite-formula-y-lo-acompanara-magario\/","title":{"rendered":"Tras varias idas y vueltas, Kicillof repite f\u00f3rmula y lo acompa\u00f1ar\u00e1 Magario"},"content":{"rendered":"<p>Fue tras una ardua negociaci\u00f3n donde se mencionaron varias dirigentes. Finalmente, equipo que gana no se toca y se repite la f\u00f3rmula que los consagr\u00f3 en 2019. <!--more--><\/p>\n<hr \/>\n<p>Despu\u00e9s de una negociaci\u00f3n que llev\u00f3 varias horas, <strong>Ver\u00f3nica Magario, la actual vicegobernadora, volver\u00e1 a acompa\u00f1ar a Axel Kicillof en la f\u00f3rmula para la reelecci\u00f3n en la provincia de Buenos Aires.<\/strong><\/p>\n<p>&nbsp;<\/p>\n<blockquote><p>La jornada comenz\u00f3 con Magario confirmada pero despu\u00e9s esa certeza se diluy\u00f3 porque sectores del PJ plantearon la posibilidad de correrla de ese lugar.<\/p><\/blockquote>\n<p>&nbsp;<\/p>\n<p>Uno de los cuestionamientos ten\u00eda que ver con la situaci\u00f3n de La Matanza: <strong>Fernando Espinoza est\u00e1 inc\u00f3modo con la candidatura de Patricia Cubr\u00eda en su distrito, en representaci\u00f3n del Movimiento Evita.<\/strong><\/p>\n<p>&nbsp;<\/p>\n<p>Tambi\u00e9n se habl\u00f3 de un intento de un sector ligado a La C\u00e1mpora de imponer a una dirigente ligada al jefe de Gabinete, Mart\u00edn Insaurralde, <strong>que podr\u00eda haber sido la ministra de Ambiente, Daniela Vilar.<\/strong><\/p>\n<p>&nbsp;<\/p>\n<p>Por la tarde, se abri\u00f3 una negociaci\u00f3n de la que participaron M\u00e1ximo Kirchner, Insaurralde, Magario y Axel Kicillof, entre otros y finalmente,<strong> se confirm\u00f3 la f\u00f3rmula que consagr\u00f3 al Frente de Todos en 2019.<\/strong><\/p>\n","protected":false},"excerpt":{"rendered":"<p>Fue tras una ardua negociaci\u00f3n donde se mencionaron varias dirigentes. Finalmente, equipo que gana no se toca y se repite<\/p>\n","protected":false},"author":2,"featured_media":88472,"comment_status":"closed","ping_status":"closed","sticky":false,"template":"","format":"standard","meta":{"_jetpack_memberships_contains_paid_content":false,"footnotes":""},"categories":[4,1],"tags":[],"class_list":["post-88471","post","type-post","status-publish","format-standard","has-post-thumbnail","hentry","category-politica","category-portada"],"jetpack_featured_media_url":"https:\/\/i0.wp.com\/cdnoticias.com\/wp-content\/uploads\/2023\/06\/kicillof-con-magario.jpg?fit=730%2C443&ssl=1","jetpack_sharing_enabled":true,"_links":{"self":[{"href":"https:\/\/cdnoticias.com\/index.php\/wp-json\/wp\/v2\/posts\/88471","targetHints":{"allow":["GET"]}}],"collection":[{"href":"https:\/\/cdnoticias.com\/index.php\/wp-json\/wp\/v2\/posts"}],"about":[{"href":"https:\/\/cdnoticias.com\/index.php\/wp-json\/wp\/v2\/types\/post"}],"author":[{"embeddable":true,"href":"https:\/\/cdnoticias.com\/index.php\/wp-json\/wp\/v2\/users\/2"}],"replies":[{"embeddable":true,"href":"https:\/\/cdnoticias.com\/index.php\/wp-json\/wp\/v2\/comments?post=88471"}],"version-history":[{"count":0,"href":"https:\/\/cdnoticias.com\/index.php\/wp-json\/wp\/v2\/posts\/88471\/revisions"}],"wp:featuredmedia":[{"embeddable":true,"href":"https:\/\/cdnoticias.com\/index.php\/wp-json\/wp\/v2\/media\/88472"}],"wp:attachment":[{"href":"https:\/\/cdnoticias.com\/index.php\/wp-json\/wp\/v2\/media?parent=88471"}],"wp:term":[{"taxonomy":"category","embeddable":true,"href":"https:\/\/cdnoticias.com\/index.php\/wp-json\/wp\/v2\/categories?post=88471"},{"taxonomy":"post_tag","embeddable":true,"href":"https:\/\/cdnoticias.com\/index.php\/wp-json\/wp\/v2\/tags?post=88471"}],"curies":[{"name":"wp","href":"https:\/\/api.w.org\/{rel}","templated":true}]}}