{"id":88457,"date":"2023-06-24T19:29:07","date_gmt":"2023-06-24T22:29:07","guid":{"rendered":"https:\/\/www.centraldenoticias.com.ar\/?p=88457"},"modified":"2023-06-24T21:06:10","modified_gmt":"2023-06-25T00:06:10","slug":"maximiliano-wesner-firmo-la-precandidatura-a-intendente-por-union-por-la-patria","status":"publish","type":"post","link":"https:\/\/cdnoticias.com\/index.php\/2023\/06\/24\/maximiliano-wesner-firmo-la-precandidatura-a-intendente-por-union-por-la-patria\/","title":{"rendered":"Maximiliano Wesner firm\u00f3 la precandidatura a Intendente por Uni\u00f3n por la Patria"},"content":{"rendered":"<p>Fue en la tarde del s\u00e1bado. Tras una recorrida por el centro de la ciudad por la ma\u00f1ana, se conoci\u00f3 que ser\u00e1 oficialmente postulante.<!--more--><\/p>\n<hr \/>\n<p>En la tarde de este s\u00e1bado,<strong> el funcionario de Anses y concejal Maximiliano Wesner firm\u00f3 su precandidatura a Intendente de la ciudad por Uni\u00f3n por la Patria.<\/strong><\/p>\n<p>&nbsp;<\/p>\n<blockquote><p>\u201cCon la fuerte convicci\u00f3n de que podemos vivir mejor\u201d dijo Wesner que firmaba las planillas con la n\u00f3mina de precandidatos que, por ahora, no fue dada a conocer. Se espera que se confirme por la noche.<\/p><\/blockquote>\n<p>&nbsp;<\/p>\n<p>Por la ma\u00f1ana,<strong> el precandidato realiz\u00f3 una recorrida por las calles del centro de la ciudad donde dialog\u00f3 con vecinos mientras que militantes del espacio realizaron una folleteada<\/strong> mostrando sus propuestas y dando a conocer su precandidatura.<\/p>\n<p>&nbsp;<\/p>\n<p><strong>Wesner por ahora encabeza una de las listas confirmadas por Uni\u00f3n por la Patria<\/strong>, mientras que resta confirmarse si habr\u00e1 PASO en el distrito en lista nacional de unidad, con Sergio Massa como precandidato a presidente compartiendo f\u00f3rmula con Agust\u00edn Rossi.<\/p>\n","protected":false},"excerpt":{"rendered":"<p>Fue en la tarde del s\u00e1bado. Tras una recorrida por el centro de la ciudad por la ma\u00f1ana, se conoci\u00f3<\/p>\n","protected":false},"author":2,"featured_media":88458,"comment_status":"closed","ping_status":"closed","sticky":false,"template":"","format":"standard","meta":{"_jetpack_memberships_contains_paid_content":false,"footnotes":""},"categories":[4,1],"tags":[],"class_list":["post-88457","post","type-post","status-publish","format-standard","has-post-thumbnail","hentry","category-politica","category-portada"],"jetpack_featured_media_url":"https:\/\/i0.wp.com\/cdnoticias.com\/wp-content\/uploads\/2023\/06\/Fza2wi1WYAAL8hf-1.jpeg?fit=1024%2C635&ssl=1","jetpack_sharing_enabled":true,"_links":{"self":[{"href":"https:\/\/cdnoticias.com\/index.php\/wp-json\/wp\/v2\/posts\/88457","targetHints":{"allow":["GET"]}}],"collection":[{"href":"https:\/\/cdnoticias.com\/index.php\/wp-json\/wp\/v2\/posts"}],"about":[{"href":"https:\/\/cdnoticias.com\/index.php\/wp-json\/wp\/v2\/types\/post"}],"author":[{"embeddable":true,"href":"https:\/\/cdnoticias.com\/index.php\/wp-json\/wp\/v2\/users\/2"}],"replies":[{"embeddable":true,"href":"https:\/\/cdnoticias.com\/index.php\/wp-json\/wp\/v2\/comments?post=88457"}],"version-history":[{"count":0,"href":"https:\/\/cdnoticias.com\/index.php\/wp-json\/wp\/v2\/posts\/88457\/revisions"}],"wp:featuredmedia":[{"embeddable":true,"href":"https:\/\/cdnoticias.com\/index.php\/wp-json\/wp\/v2\/media\/88458"}],"wp:attachment":[{"href":"https:\/\/cdnoticias.com\/index.php\/wp-json\/wp\/v2\/media?parent=88457"}],"wp:term":[{"taxonomy":"category","embeddable":true,"href":"https:\/\/cdnoticias.com\/index.php\/wp-json\/wp\/v2\/categories?post=88457"},{"taxonomy":"post_tag","embeddable":true,"href":"https:\/\/cdnoticias.com\/index.php\/wp-json\/wp\/v2\/tags?post=88457"}],"curies":[{"name":"wp","href":"https:\/\/api.w.org\/{rel}","templated":true}]}}