{"id":88433,"date":"2023-06-24T12:02:39","date_gmt":"2023-06-24T15:02:39","guid":{"rendered":"https:\/\/www.centraldenoticias.com.ar\/?p=88433"},"modified":"2023-06-24T15:17:10","modified_gmt":"2023-06-24T18:17:10","slug":"gustavo-posse-sera-el-precandidato-a-vicegobernador-de-diego-santilli","status":"publish","type":"post","link":"https:\/\/cdnoticias.com\/index.php\/2023\/06\/24\/gustavo-posse-sera-el-precandidato-a-vicegobernador-de-diego-santilli\/","title":{"rendered":"Gustavo Posse ser\u00e1 el precandidato a vicegobernador de Diego Santilli"},"content":{"rendered":"<p>Fue confirmado en la ma\u00f1ana de este s\u00e1bado. Adem\u00e1s, Jos\u00e9 Luis Espert ser\u00e1 el precandidato a senador nacional del espacio junto a Cynthia Hotton.<!--more--><\/p>\n<hr \/>\n<p><strong>Diego Santilli, el precandidato a la gobernaci\u00f3n de la provincia de Buenos Aires<\/strong> de Juntos de la l\u00ednea de Horacio Rodr\u00edguez Larreta, ya tiene su precandidato a vicegobernador:<strong> ser\u00e1 Gustavo Posse, el intendente radical de San Isidro.<\/strong><\/p>\n<p>&nbsp;<\/p>\n<blockquote><p>Otro dato destacado de la lista es la inclusi\u00f3n de Jos\u00e9 Luis Espert (Avanza Libertad) y Cynthia Hotton (M\u00e1s Valores) como senadores nacionales en la provincia de Buenos Aires.<\/p><\/blockquote>\n<p>&nbsp;<\/p>\n<p>A mediados de febrero, <strong>Posse fue uno de los dirigentes que por redes respaldo a Diego Santilli<\/strong> en las redes sociales luego de su lanzamiento como precandidato a gobernador de la provincia de Buenos Aires.<\/p>\n<p>&nbsp;<\/p>\n<p>Desde Juntos por el cambio destacaron que <em>\u201cla incorporaci\u00f3n de Espert y Hotton como senadores nacionales en la provincia de Buenos Aires, adem\u00e1s de ser una muestra de amplitud, tambi\u00e9n es muy relevante porque en 2021, en las elecciones legislativas, entre los dos candidatos sacaron m\u00e1s del 10% de los votos. Santilli en esa elecci\u00f3n sac\u00f3 casi 40 puntos, cuando Juntos por el Cambio derrot\u00f3 al oficialismo por 1,5% de los votos\u201d.<\/em><\/p>\n<p>&nbsp;<\/p>\n<p><strong><em>\u201c\u2019El Colo\u2019 Santilli siempre quiso sumarlos y que compitieran adentro de JxC\u201d<\/em><\/strong>, destacaron las fuentes, y agregaron:<em> \u201cLo empezamos a conversar desde principios del 2022 y hoy pudimos consolidarlo\u201d.<\/em><\/p>\n","protected":false},"excerpt":{"rendered":"<p>Fue confirmado en la ma\u00f1ana de este s\u00e1bado. Adem\u00e1s, Jos\u00e9 Luis Espert ser\u00e1 el precandidato a senador nacional del espacio<\/p>\n","protected":false},"author":2,"featured_media":88434,"comment_status":"closed","ping_status":"closed","sticky":false,"template":"","format":"standard","meta":{"_jetpack_memberships_contains_paid_content":false,"footnotes":""},"categories":[4,1],"tags":[],"class_list":["post-88433","post","type-post","status-publish","format-standard","has-post-thumbnail","hentry","category-politica","category-portada"],"jetpack_featured_media_url":"https:\/\/i0.wp.com\/cdnoticias.com\/wp-content\/uploads\/2023\/06\/posse-santilli.jpg?fit=1236%2C825&ssl=1","jetpack_sharing_enabled":true,"_links":{"self":[{"href":"https:\/\/cdnoticias.com\/index.php\/wp-json\/wp\/v2\/posts\/88433","targetHints":{"allow":["GET"]}}],"collection":[{"href":"https:\/\/cdnoticias.com\/index.php\/wp-json\/wp\/v2\/posts"}],"about":[{"href":"https:\/\/cdnoticias.com\/index.php\/wp-json\/wp\/v2\/types\/post"}],"author":[{"embeddable":true,"href":"https:\/\/cdnoticias.com\/index.php\/wp-json\/wp\/v2\/users\/2"}],"replies":[{"embeddable":true,"href":"https:\/\/cdnoticias.com\/index.php\/wp-json\/wp\/v2\/comments?post=88433"}],"version-history":[{"count":0,"href":"https:\/\/cdnoticias.com\/index.php\/wp-json\/wp\/v2\/posts\/88433\/revisions"}],"wp:featuredmedia":[{"embeddable":true,"href":"https:\/\/cdnoticias.com\/index.php\/wp-json\/wp\/v2\/media\/88434"}],"wp:attachment":[{"href":"https:\/\/cdnoticias.com\/index.php\/wp-json\/wp\/v2\/media?parent=88433"}],"wp:term":[{"taxonomy":"category","embeddable":true,"href":"https:\/\/cdnoticias.com\/index.php\/wp-json\/wp\/v2\/categories?post=88433"},{"taxonomy":"post_tag","embeddable":true,"href":"https:\/\/cdnoticias.com\/index.php\/wp-json\/wp\/v2\/tags?post=88433"}],"curies":[{"name":"wp","href":"https:\/\/api.w.org\/{rel}","templated":true}]}}